{"id":11875,"date":"2019-03-20T14:46:14","date_gmt":"2019-03-20T14:46:14","guid":{"rendered":"http:\/\/www.iceagetv.com\/radiosite\/?p=11875"},"modified":"2019-03-20T14:46:21","modified_gmt":"2019-03-20T14:46:21","slug":"gilets-jaunes-les-militaires-de-sentinelle-mobilises-samedi-annonce-griveaux","status":"publish","type":"post","link":"https:\/\/www.iceagetv.com\/radiosite\/gilets-jaunes-les-militaires-de-sentinelle-mobilises-samedi-annonce-griveaux\/","title":{"rendered":"Gilets jaunes\u00a0\u00bb: les militaires de Sentinelle mobilis\u00e9s samedi, annonce Griveaux"},"content":{"rendered":"\n<p>La mission antiterroriste militaire Sentinelle sera mobilis\u00e9e de mani\u00e8re \u00ab\u00a0renforc\u00e9e\u00a0\u00bb samedi dans le cadre des manifestations des \u00ab\u00a0gilets jaunes\u00a0\u00bb afin de prot\u00e9ger des b\u00e2timents officiels et autres \u00ab\u00a0points fixes\u00a0\u00bb, a rapport\u00e9 mercredi le porte-parole du gouvernement Benjamin Griveaux.<\/p>\n\n\n\n<p>Cette initiative annonc\u00e9e par le pr\u00e9sident Emmanuel Macron en Conseil des ministres permettra aux forces de l&rsquo;ordre de se \u00ab\u00a0concentrer sur les mouvements, sur le maintien et le r\u00e9tablissement de l&rsquo;ordre\u00a0\u00bb, a justifi\u00e9 M. Griveaux.<\/p>\n\n\n\n<p>\u00ab\u00a0On a \u00e0 notre disposition cette mission Sentinelle assur\u00e9e par des militaires et qui ont parfaitement vocation \u00e0 s\u00e9curiser les lieux, comme d&rsquo;ailleurs nos concitoyens ont l&rsquo;habitude de les voir\u00a0\u00bb, a-t-il poursuivi.<\/p>\n\n\n\n<p>Manifestations interdites sur les Champs Elys\u00e9es et dans certains quartiers des grandes villes en cas de pr\u00e9sence d'\u00a0\u00bbultras\u00a0\u00bb, pr\u00e9fet de police de Paris remplac\u00e9, contraventions alourdies: le Premier ministre \u00c9douard Philippe avait annonc\u00e9 d\u00e8s lundi une batterie de mesures pour r\u00e9pondre aux violences ayant \u00e9maill\u00e9 la derni\u00e8re manifestation des \u00ab\u00a0gilets jaunes\u00a0\u00bb, samedi 16 mars \u00e0 Paris.<\/p>\n\n\n\n<p>Une voiture de Sentinelle avait \u00e9t\u00e9 incendi\u00e9e par des manifestants pr\u00e8s de la Tour Eiffel le 9 f\u00e9vrier.<\/p>\n\n\n\n<p>L&rsquo;op\u00e9ration Sentinelle repr\u00e9sente une mobilisation sans pr\u00e9c\u00e9dent de l&rsquo;arm\u00e9e sur le territoire national depuis la guerre d&rsquo;Alg\u00e9rie. Des chiffres de 2017 faisaient \u00e9tat de 7.000 militaires d\u00e9ploy\u00e9s en permanence &#8211; pour moiti\u00e9 en r\u00e9gion parisienne &#8211; depuis les attentats de janvier 2015 \u00e0 Paris.<\/p>\n\n\n\n<p>Les militaires prot\u00e8gent en France des sites religieux (synagogues, mosqu\u00e9es&#8230;), des lieux particuli\u00e8rement expos\u00e9s au risque terroriste ou tr\u00e8s fr\u00e9quent\u00e9s (lieux touristiques, gares&#8230;). Ils sont pr\u00e9sents de mani\u00e8re quasi permanente sur certains sites comme les a\u00e9roports ou les mus\u00e9es.<\/p>\n","protected":false},"excerpt":{"rendered":"<p>La mission antiterroriste militaire Sentinelle sera mobilis\u00e9e de mani\u00e8re \u00ab\u00a0renforc\u00e9e\u00a0\u00bb samedi dans le cadre des manifestations des \u00ab\u00a0gilets jaunes\u00a0\u00bb afin de prot\u00e9ger des b\u00e2timents officiels et autres \u00ab\u00a0points fixes\u00a0\u00bb, a rapport\u00e9 mercredi le porte-parole du gouvernement Benjamin Griveaux. Cette initiative annonc\u00e9e par le pr\u00e9sident Emmanuel Macron en Conseil des ministres permettra aux forces de l&rsquo;ordre [&hellip;]<\/p>\n","protected":false},"author":2,"featured_media":11876,"comment_status":"open","ping_status":"open","sticky":false,"template":"","format":"standard","meta":{"_jetpack_memberships_contains_paid_content":false,"footnotes":"","jetpack_publicize_message":"","jetpack_publicize_feature_enabled":true,"jetpack_social_post_already_shared":true,"jetpack_social_options":{"image_generator_settings":{"template":"highway","default_image_id":0,"font":"","enabled":false},"version":2},"_wpas_customize_per_network":false},"categories":[405],"tags":[],"class_list":["post-11875","post","type-post","status-publish","format-standard","has-post-thumbnail","hentry","category-actu-france-monde"],"jetpack_publicize_connections":[],"jetpack_featured_media_url":"https:\/\/i0.wp.com\/www.iceagetv.com\/radiosite\/wp-content\/uploads\/2019\/03\/les-militaires-de-Sentinelle.jpg?fit=885%2C500&ssl=1","jetpack_sharing_enabled":true,"_links":{"self":[{"href":"https:\/\/www.iceagetv.com\/radiosite\/wp-json\/wp\/v2\/posts\/11875","targetHints":{"allow":["GET"]}}],"collection":[{"href":"https:\/\/www.iceagetv.com\/radiosite\/wp-json\/wp\/v2\/posts"}],"about":[{"href":"https:\/\/www.iceagetv.com\/radiosite\/wp-json\/wp\/v2\/types\/post"}],"author":[{"embeddable":true,"href":"https:\/\/www.iceagetv.com\/radiosite\/wp-json\/wp\/v2\/users\/2"}],"replies":[{"embeddable":true,"href":"https:\/\/www.iceagetv.com\/radiosite\/wp-json\/wp\/v2\/comments?post=11875"}],"version-history":[{"count":1,"href":"https:\/\/www.iceagetv.com\/radiosite\/wp-json\/wp\/v2\/posts\/11875\/revisions"}],"predecessor-version":[{"id":11877,"href":"https:\/\/www.iceagetv.com\/radiosite\/wp-json\/wp\/v2\/posts\/11875\/revisions\/11877"}],"wp:featuredmedia":[{"embeddable":true,"href":"https:\/\/www.iceagetv.com\/radiosite\/wp-json\/wp\/v2\/media\/11876"}],"wp:attachment":[{"href":"https:\/\/www.iceagetv.com\/radiosite\/wp-json\/wp\/v2\/media?parent=11875"}],"wp:term":[{"taxonomy":"category","embeddable":true,"href":"https:\/\/www.iceagetv.com\/radiosite\/wp-json\/wp\/v2\/categories?post=11875"},{"taxonomy":"post_tag","embeddable":true,"href":"https:\/\/www.iceagetv.com\/radiosite\/wp-json\/wp\/v2\/tags?post=11875"}],"curies":[{"name":"wp","href":"https:\/\/api.w.org\/{rel}","templated":true}]}}