{"id":11888,"date":"2019-03-23T12:14:29","date_gmt":"2019-03-23T12:14:29","guid":{"rendered":"http:\/\/www.iceagetv.com\/radiosite\/?p=11888"},"modified":"2019-03-23T16:48:05","modified_gmt":"2019-03-23T16:48:05","slug":"gilets-jaunes-31-interpellations-sont-annoncees-a-12h-a-paris-par-la-prefecture-de-police-et-6-a-nice-par-la-prefecture-des-alpes-maritimes","status":"publish","type":"post","link":"https:\/\/www.iceagetv.com\/radiosite\/gilets-jaunes-31-interpellations-sont-annoncees-a-12h-a-paris-par-la-prefecture-de-police-et-6-a-nice-par-la-prefecture-des-alpes-maritimes\/","title":{"rendered":"Gilets Jaunes : Apr\u00e8s des incidents dans le Xe \u00e0 Paris, des manifestants marchent dans les rues de Paris suivis par les forces de l&rsquo;ordre"},"content":{"rendered":"\n<p><strong>Des incidents \u00e9galement Place de la Com\u00e9die \u00e0 Montpellier avec des images diffus\u00e9es sur les r\u00e9seaux sociaux<\/strong><\/p>\n\n\n\n<p>Interrog\u00e9 par franceinfo, Eric Drouet a expliqu\u00e9 avoir \u00e9t\u00e9 verbalis\u00e9 en marge d&rsquo;un rassemblement \u00e0 Ch\u00e2telet \u00e0 Paris.\u00a0<em>\u00ab\u00a0On comptait se retrouver ici pour partir au Trocad\u00e9ro. On nous a dit qu&rsquo;on \u00e9tait sur une manifestation non d\u00e9clar\u00e9e, que j&rsquo;\u00e9tais le leader, et que c&rsquo;\u00e9tait interdit\u00a0\u00bb<\/em>, a-t-il affirm\u00e9.<\/p>\n\n\n\n<p>31 interpellations sont annonc\u00e9es \u00e0 12h \u00e0 Paris par la Pr\u00e9fecture de Police et 6 \u00e0 Nice par la Pr\u00e9fecture des Alpes Maritimes<br><strong>Selon les images de CNews une dame de 71 ans bless\u00e9e et au sol lors de la charge des CRS \u00e0 Nice. Les m\u00e9decins sont \u00e0 son chevet.<\/strong><\/p>\n\n\n\n<p>Les manifestants se sont rassembl\u00e9es peu apr\u00e8s 10H00 sur la place Garibaldi, \u00e0 l&rsquo;int\u00e9rieur du p\u00e9rim\u00e8tre d&rsquo;interdiction \u00e9tabli par la pr\u00e9fecture. Les gilets jaunes ont \u00e9t\u00e9 imm\u00e9diatement encercl\u00e9s par une centaine de policiers en tenue d&rsquo;intervention, et certains se sont assis par terre.&nbsp;&nbsp;<\/p>\n\n\n\n<p>La pr\u00e9fecture des Alpes-Maritimes avait annonc\u00e9 vendredi des mesures de s\u00e9curit\u00e9 exceptionnelles dans la m\u00e9tropole ni\u00e7oise, avec un p\u00e9rim\u00e8tre d&rsquo;interdiction de manifestations et de rassemblements tr\u00e8s \u00e9tendu.<br>Les contraventions encourues en cas de participation \u00e0 une manifestation interdite ont \u00e9t\u00e9 port\u00e9es de 38 \u00e0 135 euros par un d\u00e9cret jeudi. Si \u00ab\u00a0des attroupements sont constat\u00e9s\u00a0\u00bb dans ces zones, il y aura \u00ab\u00a0interpellation et amende\u00a0\u00bb, avait promis le secr\u00e9taire d&rsquo;\u00c9tat \u00e0 l&rsquo;Int\u00e9rieur Laurent Nu\u00f1ez.<br>Nouvelle charge des forces de l&rsquo;ordre \u00e0 Nice pour \u00e9vacuer la place et les rues<br><strong>Les CRS viennent d&rsquo;\u00e9vacuer la Place Garibaldi sur laquelle se trouvaient des manifestants malgr\u00e9 l&rsquo;interdiction du Pr\u00e9fet<\/strong><\/p>\n","protected":false},"excerpt":{"rendered":"<p>Des incidents \u00e9galement Place de la Com\u00e9die \u00e0 Montpellier avec des images diffus\u00e9es sur les r\u00e9seaux sociaux Interrog\u00e9 par franceinfo, Eric Drouet a expliqu\u00e9 avoir \u00e9t\u00e9 verbalis\u00e9 en marge d&rsquo;un rassemblement \u00e0 Ch\u00e2telet \u00e0 Paris.\u00a0\u00ab\u00a0On comptait se retrouver ici pour partir au Trocad\u00e9ro. On nous a dit qu&rsquo;on \u00e9tait sur une manifestation non d\u00e9clar\u00e9e, que [&hellip;]<\/p>\n","protected":false},"author":2,"featured_media":11889,"comment_status":"open","ping_status":"open","sticky":false,"template":"","format":"standard","meta":{"_jetpack_memberships_contains_paid_content":false,"footnotes":"","jetpack_publicize_message":"","jetpack_publicize_feature_enabled":true,"jetpack_social_post_already_shared":true,"jetpack_social_options":{"image_generator_settings":{"template":"highway","default_image_id":0,"font":"","enabled":false},"version":2},"_wpas_customize_per_network":false},"categories":[405],"tags":[],"class_list":["post-11888","post","type-post","status-publish","format-standard","has-post-thumbnail","hentry","category-actu-france-monde"],"jetpack_publicize_connections":[],"jetpack_featured_media_url":"https:\/\/i0.wp.com\/www.iceagetv.com\/radiosite\/wp-content\/uploads\/2019\/03\/Gilets-Jaunes-19.jpg?fit=920%2C397&ssl=1","jetpack_sharing_enabled":true,"_links":{"self":[{"href":"https:\/\/www.iceagetv.com\/radiosite\/wp-json\/wp\/v2\/posts\/11888","targetHints":{"allow":["GET"]}}],"collection":[{"href":"https:\/\/www.iceagetv.com\/radiosite\/wp-json\/wp\/v2\/posts"}],"about":[{"href":"https:\/\/www.iceagetv.com\/radiosite\/wp-json\/wp\/v2\/types\/post"}],"author":[{"embeddable":true,"href":"https:\/\/www.iceagetv.com\/radiosite\/wp-json\/wp\/v2\/users\/2"}],"replies":[{"embeddable":true,"href":"https:\/\/www.iceagetv.com\/radiosite\/wp-json\/wp\/v2\/comments?post=11888"}],"version-history":[{"count":3,"href":"https:\/\/www.iceagetv.com\/radiosite\/wp-json\/wp\/v2\/posts\/11888\/revisions"}],"predecessor-version":[{"id":11896,"href":"https:\/\/www.iceagetv.com\/radiosite\/wp-json\/wp\/v2\/posts\/11888\/revisions\/11896"}],"wp:featuredmedia":[{"embeddable":true,"href":"https:\/\/www.iceagetv.com\/radiosite\/wp-json\/wp\/v2\/media\/11889"}],"wp:attachment":[{"href":"https:\/\/www.iceagetv.com\/radiosite\/wp-json\/wp\/v2\/media?parent=11888"}],"wp:term":[{"taxonomy":"category","embeddable":true,"href":"https:\/\/www.iceagetv.com\/radiosite\/wp-json\/wp\/v2\/categories?post=11888"},{"taxonomy":"post_tag","embeddable":true,"href":"https:\/\/www.iceagetv.com\/radiosite\/wp-json\/wp\/v2\/tags?post=11888"}],"curies":[{"name":"wp","href":"https:\/\/api.w.org\/{rel}","templated":true}]}}