{"id":11897,"date":"2019-03-23T16:50:21","date_gmt":"2019-03-23T16:50:21","guid":{"rendered":"http:\/\/www.iceagetv.com\/radiosite\/?p=11897"},"modified":"2019-03-23T16:50:27","modified_gmt":"2019-03-23T16:50:27","slug":"monumental-alaphilippe-etait-imbattable","status":"publish","type":"post","link":"https:\/\/www.iceagetv.com\/radiosite\/monumental-alaphilippe-etait-imbattable\/","title":{"rendered":"Monumental, Alaphilippe \u00e9tait imbattable !"},"content":{"rendered":"\n<h2 class=\"wp-block-heading\">MILAN-SANREMO &#8211; Le premier Monument de l&rsquo;ann\u00e9e est pour Julian Alaphilippe (Deceuninck-Quick Step) ! Imp\u00e9rial dans le final au sein d&rsquo;un petit groupe de favoris, le Fran\u00e7ais s&rsquo;est impos\u00e9 au sprint, samedi sur la Via Roma, devant Oliver Naesen (AG2R La Mondiale) et Michal Kwiatkowski (Sky). Il succ\u00e8de \u00e0 Vincenzo Nibali au palmar\u00e8s de la Primavera et poursuit son formidable d\u00e9but de saison.<\/h2>\n\n\n\n<p>Cette fois, il le tient enfin ! Intouchable en ce d\u00e9but de saison, Julian Alaphilippe (Deceuninck-Quick Step) a assum\u00e9 son statut de favori en remportant ce samedi la 110e \u00e9dition de Milan-Sanremo. Le Fran\u00e7ais a r\u00e9gl\u00e9 au sprint un groupe de dix coureurs &#8211; parmi lesquels on retrouvait notamment\u00a0<a href=\"https:\/\/www.eurosport.fr\/cyclisme\/peter-sagan_prs238661\/person.shtml\">Peter Sagan<\/a>, Vincenzo Nibali ou\u00a0<a href=\"https:\/\/www.eurosport.fr\/cyclisme\/alejandro-valverde_prs25161\/person.shtml\">Alejandro Valverde<\/a>\u00a0&#8211; sortis dans le Poggio pour s&rsquo;offrir son premier Monument. Olivier Naesen (AG2R La Mondiale) et Michal Kwiatkowski (Sky) compl\u00e8tent le podium de cette Primavera.<\/p>\n\n\n\n<p>Comme toujours, comme attendu, Milan-Sanremo se sera jou\u00e9 dans la derni\u00e8re ascension du jour. Avant le Poggio, l&rsquo;\u00e9chapp\u00e9e matinale de dix coureurs a longtemps r\u00e9sist\u00e9 au peloton mais Fausto Masnada (Androni Giocatolli-Sidermec), dernier membre \u00e0 l&rsquo;avant, a fini par capituler dans la Cipressa. Tr\u00e8s vite, les principaux sprinteurs attendus ont compris qu&rsquo;il leur serait difficile de jouer la victoire vu le tempo impos\u00e9 par Astana, EF Education-First et Deceuninck-Quick Step.&nbsp;<a href=\"https:\/\/www.eurosport.fr\/cyclisme\/dylan-groenewegen_prs301666\/person.shtml\">Groenewegen<\/a>&nbsp;(Jumbo-Visma) et Bouhanni (Cofidis) ont \u00e9t\u00e9 les premiers \u00e0 l\u00e2cher prise mais, dans le Poggio, tous les purs sprinteurs les ont imit\u00e9s.<\/p>\n\n\n\n<h2 class=\"wp-block-heading\">Parfait tactiquement<\/h2>\n\n\n\n<p>Apr\u00e8s une premi\u00e8re tentative de Simon Clarke (EF Education-First) suivi par Anthony Turgis (<a href=\"https:\/\/www.eurosport.fr\/cyclisme\/equipes\/direct-energie\/team.shtml\">Direct Energie<\/a>), c&rsquo;est Julian Alaphilippe en personne qui a mis le feu aux poudres. Mis sur orbite par&nbsp;<a href=\"https:\/\/www.eurosport.fr\/cyclisme\/zdenek-stybar_prs257947\/person.shtml\">Stybar<\/a>&nbsp;et&nbsp;<a href=\"https:\/\/www.eurosport.fr\/cyclisme\/philippe-gilbert_prs29214\/person.shtml\">Gilbert<\/a>, le Fran\u00e7ais de la Deceuninck-Quick Step est sorti en force \u00e0 6,5km de l&rsquo;arriv\u00e9e. Une attaque impressionnante suivie par six cadors : Sagan,&nbsp;<a href=\"https:\/\/www.eurosport.fr\/cyclisme\/matteo-trentin_prs257418\/person.shtml\">Trentin<\/a>, Valverde, Van Aert, Naesen et Kwiatkowski. C&rsquo;est donc \u00e0 sept qu&rsquo;ils ont bascul\u00e9 au sommet du Poggio, avec une avance consid\u00e9rable sur les sprinteurs. De quoi se regarder dans la descente puis sur le plat.<\/p>\n\n\n\n<p>A force de se regarder d&rsquo;ailleurs, plusieurs coureurs ont r\u00e9ussi \u00e0 op\u00e9rer la jonction comme Matej Mohoric (<a href=\"https:\/\/www.eurosport.fr\/cyclisme\/equipes\/bahrain-1\/team.shtml\">Bahrain-Merida<\/a>), Simon Clarke et le duo de la Sunweb&nbsp;<a href=\"https:\/\/www.eurosport.fr\/cyclisme\/tom-dumoulin_prs254642\/person.shtml\">Dumoulin<\/a>&#8211;<a href=\"https:\/\/www.eurosport.fr\/cyclisme\/michael-matthews_prs254928\/person.shtml\">Matthews<\/a>. Et, malgr\u00e9 une attaque de Trentin (Michelton-Scott) \u00e0 2km du but, c&rsquo;est group\u00e9 que s&rsquo;est jou\u00e9 cette 110e \u00e9dition. Parfaitement lucide et toujours juste dans son placement comme dans sa gestion des diff\u00e9rentes attaques, Alaphilippe a su prendre la bonne roue lorsque Mohoric a lanc\u00e9 les hostilit\u00e9s \u00e0 400m de l&rsquo;arriv\u00e9e. Et n&rsquo;a laiss\u00e9 aucune chance \u00e0 ses adversaires au sprint. Trop puissant. Trop explosif. Trop fort, tout simplement.<\/p>\n\n\n\n<h2 class=\"wp-block-heading\">Une premi\u00e8re depuis 1992 pour la France<\/h2>\n\n\n\n<p>Vainqueur de son premier Monument, le coureur de Saint-Armand-Montrond compl\u00e8te son impressionnante collection de 2019, qui compte, outre la Primavera, les Strade Bianche et deux succ\u00e8s d&rsquo;\u00e9tape sur Tirreno-Adriatico. Un sacr\u00e9 bilan, avant m\u00eame les Ardennaises mi-avril.<\/p>\n\n\n\n<p>Il offre \u00e9galement \u00e0 la France son troisi\u00e8me Monument en quatre ans (apr\u00e8s&nbsp;<a href=\"https:\/\/www.eurosport.fr\/cyclisme\/arnaud-demare_prs256592\/person.shtml\">Arnaud D\u00e9mare<\/a>&nbsp;sur cette m\u00eame Primavera en 2016 et&nbsp;<a href=\"https:\/\/www.eurosport.fr\/cyclisme\/thibaut-pinot_prs254702\/person.shtml\">Thibaut Pinot<\/a>&nbsp;sur le Tour de Lombardie \u00e0 l&rsquo;automne dernier). Le deuxi\u00e8me de suite surtout, une premi\u00e8re pour la France depuis 27 ans et les succ\u00e8s de Jacky Durand sur le Tour des Flandres et de Gilbert Duclos-Lassalle sur Paris-Roubaix. Rien que \u00e7a.<a href=\"https:\/\/twitter.com\/OptaJean\/status\/1109488515878916097\/photo\/1\">View image on Twitter<\/a><br><\/p>\n","protected":false},"excerpt":{"rendered":"<p>MILAN-SANREMO &#8211; Le premier Monument de l&rsquo;ann\u00e9e est pour Julian Alaphilippe (Deceuninck-Quick Step) ! Imp\u00e9rial dans le final au sein d&rsquo;un petit groupe de favoris, le Fran\u00e7ais s&rsquo;est impos\u00e9 au sprint, samedi sur la Via Roma, devant Oliver Naesen (AG2R La Mondiale) et Michal Kwiatkowski (Sky). Il succ\u00e8de \u00e0 Vincenzo Nibali au palmar\u00e8s de la [&hellip;]<\/p>\n","protected":false},"author":2,"featured_media":11898,"comment_status":"open","ping_status":"open","sticky":false,"template":"","format":"standard","meta":{"_jetpack_memberships_contains_paid_content":false,"footnotes":"","jetpack_publicize_message":"","jetpack_publicize_feature_enabled":true,"jetpack_social_post_already_shared":true,"jetpack_social_options":{"image_generator_settings":{"template":"highway","default_image_id":0,"font":"","enabled":false},"version":2},"_wpas_customize_per_network":false},"categories":[18],"tags":[],"class_list":["post-11897","post","type-post","status-publish","format-standard","has-post-thumbnail","hentry","category-actu-sport"],"jetpack_publicize_connections":[],"jetpack_featured_media_url":"https:\/\/i0.wp.com\/www.iceagetv.com\/radiosite\/wp-content\/uploads\/2019\/03\/Alaphilippe.jpg?fit=1950%2C1096&ssl=1","jetpack_sharing_enabled":true,"_links":{"self":[{"href":"https:\/\/www.iceagetv.com\/radiosite\/wp-json\/wp\/v2\/posts\/11897","targetHints":{"allow":["GET"]}}],"collection":[{"href":"https:\/\/www.iceagetv.com\/radiosite\/wp-json\/wp\/v2\/posts"}],"about":[{"href":"https:\/\/www.iceagetv.com\/radiosite\/wp-json\/wp\/v2\/types\/post"}],"author":[{"embeddable":true,"href":"https:\/\/www.iceagetv.com\/radiosite\/wp-json\/wp\/v2\/users\/2"}],"replies":[{"embeddable":true,"href":"https:\/\/www.iceagetv.com\/radiosite\/wp-json\/wp\/v2\/comments?post=11897"}],"version-history":[{"count":1,"href":"https:\/\/www.iceagetv.com\/radiosite\/wp-json\/wp\/v2\/posts\/11897\/revisions"}],"predecessor-version":[{"id":11899,"href":"https:\/\/www.iceagetv.com\/radiosite\/wp-json\/wp\/v2\/posts\/11897\/revisions\/11899"}],"wp:featuredmedia":[{"embeddable":true,"href":"https:\/\/www.iceagetv.com\/radiosite\/wp-json\/wp\/v2\/media\/11898"}],"wp:attachment":[{"href":"https:\/\/www.iceagetv.com\/radiosite\/wp-json\/wp\/v2\/media?parent=11897"}],"wp:term":[{"taxonomy":"category","embeddable":true,"href":"https:\/\/www.iceagetv.com\/radiosite\/wp-json\/wp\/v2\/categories?post=11897"},{"taxonomy":"post_tag","embeddable":true,"href":"https:\/\/www.iceagetv.com\/radiosite\/wp-json\/wp\/v2\/tags?post=11897"}],"curies":[{"name":"wp","href":"https:\/\/api.w.org\/{rel}","templated":true}]}}