{"id":11900,"date":"2019-03-24T07:58:16","date_gmt":"2019-03-24T07:58:16","guid":{"rendered":"http:\/\/www.iceagetv.com\/radiosite\/?p=11900"},"modified":"2019-03-24T07:58:22","modified_gmt":"2019-03-24T07:58:22","slug":"gilets-jaunes-genevieve-73-ans-blessee-hier-a-nice-lors-de-la-manifestation-serait-dans-le-coma-selon-son-avocat","status":"publish","type":"post","link":"https:\/\/www.iceagetv.com\/radiosite\/gilets-jaunes-genevieve-73-ans-blessee-hier-a-nice-lors-de-la-manifestation-serait-dans-le-coma-selon-son-avocat\/","title":{"rendered":"Gilets Jaunes : Genevi\u00e8ve, 73 ans, bless\u00e9e hier \u00e0 Nice lors de la manifestation, serait dans le coma selon son avocat"},"content":{"rendered":"\n<p>Genevi\u00e8ve Legay, 73 ans, est tomb\u00e9e samedi matin lors d&rsquo;une charge des forces de l&rsquo;ordre sur la place Garibaldi \u00e0 Nice serait dans le coma selon son avocat Me Ari\u00e9 Alimi.<\/p>\n\n\n\n<p>S\u00e9rieusement bless\u00e9e \u00e0 la t\u00eate, elle a \u00e9t\u00e9 transport\u00e9e aux urgences de Pasteur.&nbsp;\u00ab&nbsp;Elle souffre de plusieurs fractures au cr\u00e2ne, au rocher (oreille interne) et des h\u00e9matomes sous-duraux&nbsp;\u00bb, a pr\u00e9cis\u00e9 sa fille, ajoutant que les m\u00e9decins avaient eu \u00ab&nbsp;tr\u00e8s, tr\u00e8s peur&nbsp;\u00bb pour elle quand ils l\u2019avaient examin\u00e9e.A sa fille qu\u2019elle n\u2019a d\u2019abord pas reconnue, Genevi\u00e8ve Legay a racont\u00e9 ce qui lui \u00e9tait arriv\u00e9e en ces mots&nbsp;:&nbsp;\u00ab&nbsp;Je me souviens qu\u2019un policier m\u2019a charg\u00e9e et apr\u00e8s je ne me souviens de rien.&nbsp;\u00bb<\/p>\n\n\n\n<p>Sa fille, contact\u00e9e par la r\u00e9daction de France Bleu Azur parle de prochaines heures cruciales: \u00ab\u00a0Les m\u00e9decins nous ont dit que son \u00e9tat est stationnaire mais que les 48 heures vont \u00eatre d\u00e9terminantes\u00a0\u00bb<\/p>\n\n\n\n<p>Les proches de cette femme d\u00e9crite comme pacifiste et surtout militante pour la paix ne comprennent pas ce samedi soir ce qui a pu provoquer une tel drame. \u00ab\u00a0Elle voulait simplement manifester, on est en col\u00e8re, on est inquiet, on est fatigu\u00e9 aussi parce qu&rsquo;elle voulait simplement se mobiliser pour ses convictions\u00a0\u00bb&nbsp;<\/p>\n","protected":false},"excerpt":{"rendered":"<p>Genevi\u00e8ve Legay, 73 ans, est tomb\u00e9e samedi matin lors d&rsquo;une charge des forces de l&rsquo;ordre sur la place Garibaldi \u00e0 Nice serait dans le coma selon son avocat Me Ari\u00e9 Alimi. S\u00e9rieusement bless\u00e9e \u00e0 la t\u00eate, elle a \u00e9t\u00e9 transport\u00e9e aux urgences de Pasteur.&nbsp;\u00ab&nbsp;Elle souffre de plusieurs fractures au cr\u00e2ne, au rocher (oreille interne) et [&hellip;]<\/p>\n","protected":false},"author":2,"featured_media":11901,"comment_status":"open","ping_status":"open","sticky":false,"template":"","format":"standard","meta":{"_jetpack_memberships_contains_paid_content":false,"footnotes":"","jetpack_publicize_message":"","jetpack_publicize_feature_enabled":true,"jetpack_social_post_already_shared":true,"jetpack_social_options":{"image_generator_settings":{"template":"highway","default_image_id":0,"font":"","enabled":false},"version":2},"_wpas_customize_per_network":false},"categories":[405],"tags":[2615],"class_list":["post-11900","post","type-post","status-publish","format-standard","has-post-thumbnail","hentry","category-actu-france-monde","tag-genevieve"],"jetpack_publicize_connections":[],"jetpack_featured_media_url":"https:\/\/i0.wp.com\/www.iceagetv.com\/radiosite\/wp-content\/uploads\/2019\/03\/Genevi%C3%A8ve-73-ans.jpg?fit=680%2C294&ssl=1","jetpack_sharing_enabled":true,"_links":{"self":[{"href":"https:\/\/www.iceagetv.com\/radiosite\/wp-json\/wp\/v2\/posts\/11900","targetHints":{"allow":["GET"]}}],"collection":[{"href":"https:\/\/www.iceagetv.com\/radiosite\/wp-json\/wp\/v2\/posts"}],"about":[{"href":"https:\/\/www.iceagetv.com\/radiosite\/wp-json\/wp\/v2\/types\/post"}],"author":[{"embeddable":true,"href":"https:\/\/www.iceagetv.com\/radiosite\/wp-json\/wp\/v2\/users\/2"}],"replies":[{"embeddable":true,"href":"https:\/\/www.iceagetv.com\/radiosite\/wp-json\/wp\/v2\/comments?post=11900"}],"version-history":[{"count":1,"href":"https:\/\/www.iceagetv.com\/radiosite\/wp-json\/wp\/v2\/posts\/11900\/revisions"}],"predecessor-version":[{"id":11902,"href":"https:\/\/www.iceagetv.com\/radiosite\/wp-json\/wp\/v2\/posts\/11900\/revisions\/11902"}],"wp:featuredmedia":[{"embeddable":true,"href":"https:\/\/www.iceagetv.com\/radiosite\/wp-json\/wp\/v2\/media\/11901"}],"wp:attachment":[{"href":"https:\/\/www.iceagetv.com\/radiosite\/wp-json\/wp\/v2\/media?parent=11900"}],"wp:term":[{"taxonomy":"category","embeddable":true,"href":"https:\/\/www.iceagetv.com\/radiosite\/wp-json\/wp\/v2\/categories?post=11900"},{"taxonomy":"post_tag","embeddable":true,"href":"https:\/\/www.iceagetv.com\/radiosite\/wp-json\/wp\/v2\/tags?post=11900"}],"curies":[{"name":"wp","href":"https:\/\/api.w.org\/{rel}","templated":true}]}}