{"id":11906,"date":"2019-03-25T19:21:23","date_gmt":"2019-03-25T19:21:23","guid":{"rendered":"http:\/\/www.iceagetv.com\/radiosite\/?p=11906"},"modified":"2019-03-25T19:21:30","modified_gmt":"2019-03-25T19:21:30","slug":"le-mans-une-manifestation-de-forains-tourne-a-laffrontement-violent-avec-les-forces-de-lordre","status":"publish","type":"post","link":"https:\/\/www.iceagetv.com\/radiosite\/le-mans-une-manifestation-de-forains-tourne-a-laffrontement-violent-avec-les-forces-de-lordre\/","title":{"rendered":"Le Mans: une manifestation de forains tourne \u00e0 l&rsquo;affrontement violent avec les forces de l&rsquo;ordre"},"content":{"rendered":"\n<h2 class=\"wp-block-heading\">300 \u00e0 500 personnes ont manifest\u00e9 dans la ville lundi matin. Plusieurs voies de circulation ainsi que la gare ont \u00e9t\u00e9 bloqu\u00e9es.<\/h2>\n\n\n\n<p>A 9 heures\u00a0ce lundi, plus de 500 personnes issues de la communaut\u00e9 des forains se sont rendues dans le centre-ville du Mans (Sarthe) avant d&rsquo;\u00eatre repouss\u00e9es par les gendarmes mobiles positionn\u00e9s autour de la mairie. Ces derniers ont fait usage de tirs lacrymog\u00e8nes.<\/p>\n\n\n\n<p>D&rsquo;apr\u00e8s&nbsp;<a href=\"https:\/\/www.francebleu.fr\/infos\/transports\/les-forains-repassent-a-l-action-ce-lundi-au-mans-1553498382\" target=\"_blank\" rel=\"noreferrer noopener\">France Bleu Sarthe<\/a>, environ 200&nbsp;manifestants ont bloqu\u00e9 la gare de la ville aux alentours de midi, en restant sur les voies. Les voyageurs de deux TGV ont d\u00fb \u00eatre descendus de leurs wagons, environ un millier de personnes selon le m\u00e9dia local. Les voies ont depuis \u00e9t\u00e9 d\u00e9bloqu\u00e9es.&nbsp;<\/p>\n\n\n\n<p>Les forains disaient vouloir \u00ab\u00a0laisser\u00a0\u00bb samedi&nbsp;<a href=\"https:\/\/www.bfmtv.com\/societe\/les-gilets-jaunes-dans-la-rue-tout-le-week-end-pour-les-trois-mois-du-mouvement-1633868.html#content\/contribution\/edit\">la ville du Mans aux gilets jaunes<\/a>, mais avaient annonc\u00e9 leur intention de revenir lundi de toute la France pour faire du Mans un \u00ab\u00a0combat national\u00a0\u00bb. Vendredi, les forains \u00e9taient entr\u00e9s dans la gare du Mans et avaient bloqu\u00e9 les voies et neutralis\u00e9 le trafic ferroviaire, TER et TGV durant environ une heure.<\/p>\n\n\n\n<p>Un syndicat de forains a, par ailleurs, annonc\u00e9 qu&rsquo;un courrier allait \u00eatre envoy\u00e9 au pr\u00e9sident de la R\u00e9publique et au Premier ministre pour essayer d&rsquo;organiser une table-ronde et revenir aux n\u00e9gociations.&nbsp;<\/p>\n\n\n\n<h3 class=\"wp-block-heading\">Un \u00ab\u00a0coup de force des forains\u00a0\u00bb<\/h3>\n\n\n\n<p>Sylvie Tolmont, d\u00e9put\u00e9e PS de la Sarthe, a qualifi\u00e9 sur notre antenne l&rsquo;action des forains d&rsquo;un \u00ab\u00a0coup de force\u00a0\u00bb.&nbsp;<\/p>\n\n\n\n<blockquote class=\"wp-block-quote is-layout-flow wp-block-quote-is-layout-flow\"><p>\u00ab\u00a0Ils ne souhaitent absolument pas le dialogue et veulent imposer leur vue. J&rsquo;ai tendance \u00e0 penser \u00e0 titre personnel qu&rsquo;ils veulent en faire une histoire nationale pour lancer un signal aux autres villes.\u00a0\u00bb<\/p><\/blockquote>\n","protected":false},"excerpt":{"rendered":"<p>300 \u00e0 500 personnes ont manifest\u00e9 dans la ville lundi matin. Plusieurs voies de circulation ainsi que la gare ont \u00e9t\u00e9 bloqu\u00e9es. A 9 heures\u00a0ce lundi, plus de 500 personnes issues de la communaut\u00e9 des forains se sont rendues dans le centre-ville du Mans (Sarthe) avant d&rsquo;\u00eatre repouss\u00e9es par les gendarmes mobiles positionn\u00e9s autour de [&hellip;]<\/p>\n","protected":false},"author":2,"featured_media":11907,"comment_status":"open","ping_status":"open","sticky":false,"template":"","format":"standard","meta":{"_jetpack_memberships_contains_paid_content":false,"footnotes":"","jetpack_publicize_message":"","jetpack_publicize_feature_enabled":true,"jetpack_social_post_already_shared":true,"jetpack_social_options":{"image_generator_settings":{"template":"highway","default_image_id":0,"font":"","enabled":false},"version":2},"_wpas_customize_per_network":false},"categories":[405],"tags":[],"class_list":["post-11906","post","type-post","status-publish","format-standard","has-post-thumbnail","hentry","category-actu-france-monde"],"jetpack_publicize_connections":[],"jetpack_featured_media_url":"https:\/\/i0.wp.com\/www.iceagetv.com\/radiosite\/wp-content\/uploads\/2019\/03\/Le-Mans.jpg?fit=688%2C459&ssl=1","jetpack_sharing_enabled":true,"_links":{"self":[{"href":"https:\/\/www.iceagetv.com\/radiosite\/wp-json\/wp\/v2\/posts\/11906","targetHints":{"allow":["GET"]}}],"collection":[{"href":"https:\/\/www.iceagetv.com\/radiosite\/wp-json\/wp\/v2\/posts"}],"about":[{"href":"https:\/\/www.iceagetv.com\/radiosite\/wp-json\/wp\/v2\/types\/post"}],"author":[{"embeddable":true,"href":"https:\/\/www.iceagetv.com\/radiosite\/wp-json\/wp\/v2\/users\/2"}],"replies":[{"embeddable":true,"href":"https:\/\/www.iceagetv.com\/radiosite\/wp-json\/wp\/v2\/comments?post=11906"}],"version-history":[{"count":1,"href":"https:\/\/www.iceagetv.com\/radiosite\/wp-json\/wp\/v2\/posts\/11906\/revisions"}],"predecessor-version":[{"id":11908,"href":"https:\/\/www.iceagetv.com\/radiosite\/wp-json\/wp\/v2\/posts\/11906\/revisions\/11908"}],"wp:featuredmedia":[{"embeddable":true,"href":"https:\/\/www.iceagetv.com\/radiosite\/wp-json\/wp\/v2\/media\/11907"}],"wp:attachment":[{"href":"https:\/\/www.iceagetv.com\/radiosite\/wp-json\/wp\/v2\/media?parent=11906"}],"wp:term":[{"taxonomy":"category","embeddable":true,"href":"https:\/\/www.iceagetv.com\/radiosite\/wp-json\/wp\/v2\/categories?post=11906"},{"taxonomy":"post_tag","embeddable":true,"href":"https:\/\/www.iceagetv.com\/radiosite\/wp-json\/wp\/v2\/tags?post=11906"}],"curies":[{"name":"wp","href":"https:\/\/api.w.org\/{rel}","templated":true}]}}