{"id":11917,"date":"2019-03-26T18:07:04","date_gmt":"2019-03-26T18:07:04","guid":{"rendered":"http:\/\/www.iceagetv.com\/radiosite\/?p=11917"},"modified":"2019-03-26T18:07:10","modified_gmt":"2019-03-26T18:07:10","slug":"lue-vote-la-fin-du-changement-dheure-pour-le-printemps-ou-lautomne-2021","status":"publish","type":"post","link":"https:\/\/www.iceagetv.com\/radiosite\/lue-vote-la-fin-du-changement-dheure-pour-le-printemps-ou-lautomne-2021\/","title":{"rendered":"L&rsquo;UE vote la fin du changement d&rsquo;heure pour le printemps ou l&rsquo;automne 2021"},"content":{"rendered":"\n<p>CHANGEMENT D&rsquo;HEURE &#8211; Le Parlement europ\u00e9en a vot\u00e9 mardi 26 mars la fin du changement d&rsquo;heure saisonnier, au printemps et en automne. Les Etats membres ont jusqu&rsquo;\u00e0 2021 pour choisir leur fuseau horaire pr\u00e9f\u00e9r\u00e9. En France, une consultation avait largement pris parti pour le maintien d\u00e9finitif de l&rsquo;heure d&rsquo;\u00e9t\u00e9.<\/p>\n\n\n\n<p>On gagne, ou on perd une heure ? \u00a0\u00bb Adieu les \u00e9ternelles h\u00e9sitations sur les passages \u00e0 l\u2019heure d\u2019\u00e9t\u00e9 ou d\u2019hiver, le Parlement europ\u00e9en a vot\u00e9. Ce mardi, les eurod\u00e9put\u00e9s ont d\u00e9cid\u00e9 \u00e0 une large majorit\u00e9 (410 voix pour, 192 contre et 51 abstentions) en faveur de la suppression du changement d\u2019heure saisonnier au printemps et en automne.&nbsp;<\/p>\n\n\n\n<p>Chaque pays membre de l&rsquo;Union aura n\u00e9anmoins le droit de se positionner sur son fuseau horaire pr\u00e9f\u00e9r\u00e9. Ils ont jusqu&rsquo;\u00e0 2021 pour choisir.\u00a0Il \u00e9tait question de le faire d\u00e8s 2019. Mais les \u00a0Etats membres ont d\u00e9cid\u00e9 de se donner le temps de r\u00e9fl\u00e9chir: les ministres des \u00a0transports europ\u00e9ens, r\u00e9unis en d\u00e9cembre, veulent se coordonner pour \u00e9viter un \u00a0\u00ab\u00a0patchwork\u00a0\u00bb de fuseaux horaires.<\/p>\n\n\n\n<p>Ce projet de loi devra encore faire l&rsquo;objet de n\u00e9gociations entre &nbsp;le Parlement et le Conseil repr\u00e9sentant les Etats membres. Car il faut avant tout \u00e9viter la cacophonie des fuseaux horaires. &nbsp;&nbsp;\u00ab\u00a0On ne peut pas se permettre d&rsquo;avoir un\u00a0\u00bbpatchwork\u00a0\u00bb d&rsquo;heures diff\u00e9rentes &nbsp;dans l&rsquo;Union europ\u00e9enne, en cons\u00e9quence nous attendons des Etats membres qu&rsquo;ils &nbsp;coordonnent leurs d\u00e9cisions\u00a0\u00bb, a insist\u00e9 l&rsquo;eurod\u00e9put\u00e9e su\u00e9doise Marita Ulvskog &nbsp;(S&amp;D, gauche), rapporteure du texte.<\/p>\n\n\n\n<p>\u00ab\u00a0Les Etats membres garderont le droit de d\u00e9cider de leur fuseau horaire\u00a0\u00bb, pr\u00e9cisent les d\u00e9put\u00e9s. Ceux qui pr\u00e9f\u00e8rent garder l\u2019heure d\u2019\u00e9t\u00e9 de fa\u00e7on permanente devront r\u00e9gler leur montre une derni\u00e8re fois le dernier dimanche de mars 2021. Pour ceux qui pr\u00e9f\u00e8rent rester \u00e0 l\u2019heure d\u2019hiver, ce sera le dernier dimanche d\u2019octobre 2021.&nbsp;<\/p>\n\n\n\n<p>En France,&nbsp;<a href=\"https:\/\/www.lci.fr\/population\/changement-d-heure-les-francais-favorables-au-maintien-de-l-horaire-d-ete-toute-l-annee-et-maintenant-ce-qu-il-va-se-passer-2114834.html\">une consultation en ligne organis\u00e9e par la commission des &nbsp;Affaires europ\u00e9ennes de l&rsquo;Assembl\u00e9e nationale<\/a>&nbsp;en f\u00e9vrier avait re\u00e7u plus de &nbsp;deux millions de r\u00e9ponses, \u00e0 presque 84% en faveur de la fin du changement &nbsp;d&rsquo;heure. L&rsquo;heure d&rsquo;\u00e9t\u00e9 a eu la pr\u00e9f\u00e9rence d&rsquo;une majorit\u00e9 des r\u00e9ponses \u00e0 cette &nbsp;consultation non contraignante.<br><\/p>\n\n\n\n<p><br><\/p>\n","protected":false},"excerpt":{"rendered":"<p>CHANGEMENT D&rsquo;HEURE &#8211; Le Parlement europ\u00e9en a vot\u00e9 mardi 26 mars la fin du changement d&rsquo;heure saisonnier, au printemps et en automne. Les Etats membres ont jusqu&rsquo;\u00e0 2021 pour choisir leur fuseau horaire pr\u00e9f\u00e9r\u00e9. En France, une consultation avait largement pris parti pour le maintien d\u00e9finitif de l&rsquo;heure d&rsquo;\u00e9t\u00e9. On gagne, ou on perd une [&hellip;]<\/p>\n","protected":false},"author":2,"featured_media":11918,"comment_status":"open","ping_status":"open","sticky":false,"template":"","format":"standard","meta":{"_jetpack_memberships_contains_paid_content":false,"footnotes":"","jetpack_publicize_message":"","jetpack_publicize_feature_enabled":true,"jetpack_social_post_already_shared":true,"jetpack_social_options":{"image_generator_settings":{"template":"highway","default_image_id":0,"font":"","enabled":false},"version":2},"_wpas_customize_per_network":false},"categories":[405],"tags":[],"class_list":["post-11917","post","type-post","status-publish","format-standard","has-post-thumbnail","hentry","category-actu-france-monde"],"jetpack_publicize_connections":[],"jetpack_featured_media_url":"https:\/\/i0.wp.com\/www.iceagetv.com\/radiosite\/wp-content\/uploads\/2019\/03\/changement-dheure-pour-le-printemps-ou-lautomne-2021.jpg?fit=540%2C281&ssl=1","jetpack_sharing_enabled":true,"_links":{"self":[{"href":"https:\/\/www.iceagetv.com\/radiosite\/wp-json\/wp\/v2\/posts\/11917","targetHints":{"allow":["GET"]}}],"collection":[{"href":"https:\/\/www.iceagetv.com\/radiosite\/wp-json\/wp\/v2\/posts"}],"about":[{"href":"https:\/\/www.iceagetv.com\/radiosite\/wp-json\/wp\/v2\/types\/post"}],"author":[{"embeddable":true,"href":"https:\/\/www.iceagetv.com\/radiosite\/wp-json\/wp\/v2\/users\/2"}],"replies":[{"embeddable":true,"href":"https:\/\/www.iceagetv.com\/radiosite\/wp-json\/wp\/v2\/comments?post=11917"}],"version-history":[{"count":1,"href":"https:\/\/www.iceagetv.com\/radiosite\/wp-json\/wp\/v2\/posts\/11917\/revisions"}],"predecessor-version":[{"id":11919,"href":"https:\/\/www.iceagetv.com\/radiosite\/wp-json\/wp\/v2\/posts\/11917\/revisions\/11919"}],"wp:featuredmedia":[{"embeddable":true,"href":"https:\/\/www.iceagetv.com\/radiosite\/wp-json\/wp\/v2\/media\/11918"}],"wp:attachment":[{"href":"https:\/\/www.iceagetv.com\/radiosite\/wp-json\/wp\/v2\/media?parent=11917"}],"wp:term":[{"taxonomy":"category","embeddable":true,"href":"https:\/\/www.iceagetv.com\/radiosite\/wp-json\/wp\/v2\/categories?post=11917"},{"taxonomy":"post_tag","embeddable":true,"href":"https:\/\/www.iceagetv.com\/radiosite\/wp-json\/wp\/v2\/tags?post=11917"}],"curies":[{"name":"wp","href":"https:\/\/api.w.org\/{rel}","templated":true}]}}