{"id":11920,"date":"2019-03-26T18:09:20","date_gmt":"2019-03-26T18:09:20","guid":{"rendered":"http:\/\/www.iceagetv.com\/radiosite\/?p=11920"},"modified":"2019-03-26T18:09:28","modified_gmt":"2019-03-26T18:09:28","slug":"larmee-lache-bouteflika-cest-une-enorme-surprise-je-pense-que-larmee-va-precipiter-un-peu-les-choses","status":"publish","type":"post","link":"https:\/\/www.iceagetv.com\/radiosite\/larmee-lache-bouteflika-cest-une-enorme-surprise-je-pense-que-larmee-va-precipiter-un-peu-les-choses\/","title":{"rendered":"L&rsquo;arm\u00e9e l\u00e2che Bouteflika : \u00ab\u00a0C&rsquo;est une \u00e9norme surprise, je pense que l&rsquo;arm\u00e9e va pr\u00e9cipiter un peu les choses\u00a0\u00bb"},"content":{"rendered":"\n<p><em>C&rsquo;est une \u00e9norme surprise (\u2026)&nbsp;je pense que l\u2019arm\u00e9e va pr\u00e9cipiter un peu les choses\u00a0\u00bb<\/em>, a r\u00e9agi Omar Belhouchet, directeur de publication du quotidien&nbsp;<em>El Watan<\/em>&nbsp;mardi 26 mars sur franceinfo, apr\u00e8s la prise de parole du chef d&rsquo;\u00e9tat-major de l&rsquo;arm\u00e9e alg\u00e9rienne, demandant au Conseil constitutionnel de d\u00e9clarer le pr\u00e9sident&nbsp;<a href=\"https:\/\/www.francetvinfo.fr\/monde\/afrique\/algerie\/election-presidentielle-en-algerie\/algerie-le-chef-d-etat-major-de-l-armee-demande-que-le-president-abdelaziz-bouteflika-soit-declare-inapte_3251023.html\">Abdelaziz Bouteflika<\/a>&nbsp;inapte.<\/p>\n\n\n\n<p><strong>franceinfo : Est-ce que c&rsquo;est une surprise pour vous ?<\/strong><\/p>\n\n\n\n<p>C&rsquo;est une \u00e9norme surprise. On ne s&rsquo;y attendait vraiment pas. On savait que l\u2019arm\u00e9e, ces deux derni\u00e8res semaines, avait pris ses distances avec le pr\u00e9sident Bouteflika, mais on ne pensait pas qu\u2019aujourd\u2019hui, il y aurait une telle d\u00e9claration publique pour demander \u00e0 ce que le Conseil constitutionnel tranche sur la capacit\u00e9 ou non du pr\u00e9sident actuel, \u00e0 pouvoir gouverner.<\/p>\n\n\n\n<p><strong>Est-ce que vous y voyez une d\u00e9cision de l\u2019arm\u00e9e ou bien une d\u00e9cision concert\u00e9e avec les proches du pr\u00e9sident Bouteflika pour sortir de la crise&nbsp;?<\/strong><\/p>\n\n\n\n<p>C\u2019est difficile \u00e0 dire mais je pense que jusqu&rsquo;\u00e0 maintenant, les proches du pr\u00e9sident Bouteflika font de la r\u00e9sistance, le clan pr\u00e9sidentiel ne veut pas l\u00e2cher, les proches et les oligarques qui le soutiennent, veulent maintenir ce pr\u00e9sident en poste. On le voit, on le d\u00e9cortique tous les jours \u00e0 travers la presse nationale, donc je ne crois pas qu&rsquo;il y ait entente avec l&rsquo;arm\u00e9e, repr\u00e9sent\u00e9e par chef d&rsquo;\u00e9tat-major, et le courant pr\u00e9sidentiel. Je pense que c\u2019est une surprise et elle va \u00e9norm\u00e9ment peser dans le d\u00e9bat, au moment o\u00f9, tous les jours, il y a des millions d\u2019Alg\u00e9riens qui demandent \u00e0 ce que le pr\u00e9sident ne poursuive pas son &lsquo;job&rsquo; \u00e0 la t\u00eate de l\u2019\u00c9tat. Un &lsquo;job&rsquo; qu\u2019il est incapable de faire d\u2019ailleurs.<\/p>\n\n\n\n<p>L\u2019article 102 de la constitution, invoqu\u00e9 dans le discours du g\u00e9n\u00e9ral Salah [le chef d\u2019\u00e9tat-major de l\u2019arm\u00e9e alg\u00e9rienne], est une demande au Conseil constitutionnel. Il faut savoir que cette demande a \u00e9t\u00e9 formul\u00e9e par l\u2019ensemble de la classe politique durant tous ces deniers mois, pour certains hommes politiques, \u00e7a fait des ann\u00e9es qu\u2019ils demandent au Conseil constitutionnel de s&rsquo;int\u00e9resser \u00e0 l&rsquo;\u00e9tat physique du pr\u00e9sident. La population le demande aussi depuis des mois et des mois. Maintenant, c\u2019est une demande de l&rsquo;arm\u00e9e, bien entendu l\u2019arm\u00e9e a du poids, elle p\u00e8se dans le contexte politique, je pense qu\u2019elle va pr\u00e9cipiter un peu les choses.<\/p>\n\n\n\n<p><strong>Est-ce que l\u2019arm\u00e9e a \u00e9cout\u00e9 les manifestants&nbsp;?<\/strong><\/p>\n\n\n\n<p>Elle a d&rsquo;abord commenc\u00e9 par critiquer il y a un mois ce mouvement populaire, en disant qu\u2019il fallait faire attention aux d\u00e9rives, au risque d\u2019avoir \u00e0 nouveau la Syrie ou la Libye et puis la col\u00e8re des millions d\u2019Alg\u00e9riens \u00e0 l\u2019\u00e9gard des militaires, les a fait reculer. Ils ont adopt\u00e9 un ton totalement diff\u00e9rent avec le peuple ces deux derni\u00e8res semaines, en disant que l\u2019arm\u00e9e comprend maintenant ses revendications. Jusqu\u2019\u00e0 cette sortie totalement inattendue. Ce n\u2019est pas un passage en force, c\u2019est une demande tr\u00e8s forte, pour que le Conseil constitutionnel prenne ses responsabilit\u00e9s et voit de plus pr\u00e8s l\u2019\u00e9tat de sant\u00e9 du pr\u00e9sident Bouteflika. Est-ce que le clan pr\u00e9sidentiel aura assez de capacit\u00e9s pour r\u00e9sister \u00e0 cette demande de l\u2019arm\u00e9e&nbsp;? Nous le verrons dans les prochains jours.<\/p>\n\n\n\n<p><strong>Est-ce qu\u2019il faut craindre une reprise en main de l&rsquo;arm\u00e9e apr\u00e8s cette d\u00e9claration&nbsp;?<\/strong><\/p>\n\n\n\n<p>\u00c7a va \u00eatre tr\u00e8s difficile pour les militaires de reprendre en main un processus qui concerne aujourd\u2019hui des millions d&rsquo;Alg\u00e9riens. Si l\u2019arm\u00e9e a agi aujourd\u2019hui, c\u2019est que quelque part, ils craignent que les manifestations aillent plus loin et qu\u2019il y ait une d\u00e9stabilisation provoqu\u00e9e par le clan pr\u00e9sidentiel.<\/p>\n","protected":false},"excerpt":{"rendered":"<p>C&rsquo;est une \u00e9norme surprise (\u2026)&nbsp;je pense que l\u2019arm\u00e9e va pr\u00e9cipiter un peu les choses\u00a0\u00bb, a r\u00e9agi Omar Belhouchet, directeur de publication du quotidien&nbsp;El Watan&nbsp;mardi 26 mars sur franceinfo, apr\u00e8s la prise de parole du chef d&rsquo;\u00e9tat-major de l&rsquo;arm\u00e9e alg\u00e9rienne, demandant au Conseil constitutionnel de d\u00e9clarer le pr\u00e9sident&nbsp;Abdelaziz Bouteflika&nbsp;inapte. franceinfo : Est-ce que c&rsquo;est une surprise [&hellip;]<\/p>\n","protected":false},"author":2,"featured_media":11921,"comment_status":"open","ping_status":"open","sticky":false,"template":"","format":"standard","meta":{"_jetpack_memberships_contains_paid_content":false,"footnotes":"","jetpack_publicize_message":"","jetpack_publicize_feature_enabled":true,"jetpack_social_post_already_shared":true,"jetpack_social_options":{"image_generator_settings":{"template":"highway","default_image_id":0,"font":"","enabled":false},"version":2},"_wpas_customize_per_network":false},"categories":[405],"tags":[],"class_list":["post-11920","post","type-post","status-publish","format-standard","has-post-thumbnail","hentry","category-actu-france-monde"],"jetpack_publicize_connections":[],"jetpack_featured_media_url":"https:\/\/i0.wp.com\/www.iceagetv.com\/radiosite\/wp-content\/uploads\/2019\/03\/Larm%C3%A9e-l%C3%A2che-Bouteflika.jpg?fit=1196%2C450&ssl=1","jetpack_sharing_enabled":true,"_links":{"self":[{"href":"https:\/\/www.iceagetv.com\/radiosite\/wp-json\/wp\/v2\/posts\/11920","targetHints":{"allow":["GET"]}}],"collection":[{"href":"https:\/\/www.iceagetv.com\/radiosite\/wp-json\/wp\/v2\/posts"}],"about":[{"href":"https:\/\/www.iceagetv.com\/radiosite\/wp-json\/wp\/v2\/types\/post"}],"author":[{"embeddable":true,"href":"https:\/\/www.iceagetv.com\/radiosite\/wp-json\/wp\/v2\/users\/2"}],"replies":[{"embeddable":true,"href":"https:\/\/www.iceagetv.com\/radiosite\/wp-json\/wp\/v2\/comments?post=11920"}],"version-history":[{"count":1,"href":"https:\/\/www.iceagetv.com\/radiosite\/wp-json\/wp\/v2\/posts\/11920\/revisions"}],"predecessor-version":[{"id":11922,"href":"https:\/\/www.iceagetv.com\/radiosite\/wp-json\/wp\/v2\/posts\/11920\/revisions\/11922"}],"wp:featuredmedia":[{"embeddable":true,"href":"https:\/\/www.iceagetv.com\/radiosite\/wp-json\/wp\/v2\/media\/11921"}],"wp:attachment":[{"href":"https:\/\/www.iceagetv.com\/radiosite\/wp-json\/wp\/v2\/media?parent=11920"}],"wp:term":[{"taxonomy":"category","embeddable":true,"href":"https:\/\/www.iceagetv.com\/radiosite\/wp-json\/wp\/v2\/categories?post=11920"},{"taxonomy":"post_tag","embeddable":true,"href":"https:\/\/www.iceagetv.com\/radiosite\/wp-json\/wp\/v2\/tags?post=11920"}],"curies":[{"name":"wp","href":"https:\/\/api.w.org\/{rel}","templated":true}]}}