{"id":11951,"date":"2019-03-29T11:55:02","date_gmt":"2019-03-29T11:55:02","guid":{"rendered":"http:\/\/www.iceagetv.com\/radiosite\/?p=11951"},"modified":"2019-03-29T11:55:10","modified_gmt":"2019-03-29T11:55:10","slug":"gilets-jaunes-eric-drouet-condamne-a-2-000-euros-damende-dont-500-euros-avec-sursis-pour-lorganisation-de-manifestations-non-declarees","status":"publish","type":"post","link":"https:\/\/www.iceagetv.com\/radiosite\/gilets-jaunes-eric-drouet-condamne-a-2-000-euros-damende-dont-500-euros-avec-sursis-pour-lorganisation-de-manifestations-non-declarees\/","title":{"rendered":"Gilets Jaunes: Eric Drouet condamn\u00e9 \u00e0 2.000 euros d&rsquo;amende, dont 500 euros avec sursis, pour l&rsquo;organisation de manifestations non d\u00e9clar\u00e9es"},"content":{"rendered":"\n<p>Le \u00abgilet jaune\u00bb Eric Drouet, qui r\u00e9fute tout r\u00f4le de leader dans le mouvement, a \u00e9t\u00e9 condamn\u00e9 vendredi \u00e0 Paris \u00e0 2.000 euros d\u2019amende, dont 500 avec sursis, pour l&rsquo;\u00aborganisation\u00bb de deux manifestations parisiennes \u00absans d\u00e9claration pr\u00e9alable\u00bb en d\u00e9cembre et janvier.<\/p>\n\n\n\n<p>\u00abC\u2019est une d\u00e9cision qu\u2019on regrette. Je peux d\u00e9j\u00e0 le dire, on va faire appel\u00bb, a r\u00e9agi son avocat, Kh\u00e9ops Lara, devant la presse.<\/p>\n\n\n\n<p>Le chauffeur routier de Melun n\u2019\u00e9tait pas pr\u00e9sent pour entendre son jugement, \u00abpour des raisons professionnelles\u00bb selon son d\u00e9fenseur.<\/p>\n\n\n\n<p>Cette d\u00e9cision intervient \u00e0 la veille du 20e samedi de mobilisation de ce mouvement social entam\u00e9 mi-novembre, auquel ne participera pas Eric Drouet qui avait annonc\u00e9 il y a deux semaines que l\u2019acte 18 \u00e9tait sa derni\u00e8re manifestation.<\/p>\n\n\n\n<p>Lors de l\u2019audience, le 15 f\u00e9vrier, le parquet avait requis un mois de prison avec sursis et 500 euros d\u2019amende \u00e0 son encontre. Eric Drouet avait ni\u00e9 avoir organis\u00e9 des manifestations samedi 22 d\u00e9cembre et mercredi 2 janvier \u00e0 Paris.<\/p>\n\n\n\n<p>\u00abJe n\u2019ai aucun r\u00f4le d\u2019organisateur ou de leader dans ce mouvement\u00bb, \u00abje suis juste un relais\u00bb, avait assur\u00e9 ce p\u00e8re de famille de 34 ans, qui fut l\u2019un des initiateurs de la premi\u00e8re mobilisation nationale des \u00abgilets jaunes\u00bb le 17 novembre en cr\u00e9ant sur Facebook l\u2019\u00e9v\u00e9nement \u00abBlocage national contre la hausse des carburants\u00bb.<\/p>\n","protected":false},"excerpt":{"rendered":"<p>Le \u00abgilet jaune\u00bb Eric Drouet, qui r\u00e9fute tout r\u00f4le de leader dans le mouvement, a \u00e9t\u00e9 condamn\u00e9 vendredi \u00e0 Paris \u00e0 2.000 euros d\u2019amende, dont 500 avec sursis, pour l&rsquo;\u00aborganisation\u00bb de deux manifestations parisiennes \u00absans d\u00e9claration pr\u00e9alable\u00bb en d\u00e9cembre et janvier. \u00abC\u2019est une d\u00e9cision qu\u2019on regrette. Je peux d\u00e9j\u00e0 le dire, on va faire appel\u00bb, [&hellip;]<\/p>\n","protected":false},"author":2,"featured_media":11952,"comment_status":"open","ping_status":"open","sticky":false,"template":"","format":"standard","meta":{"_jetpack_memberships_contains_paid_content":false,"footnotes":"","jetpack_publicize_message":"","jetpack_publicize_feature_enabled":true,"jetpack_social_post_already_shared":true,"jetpack_social_options":{"image_generator_settings":{"template":"highway","default_image_id":0,"font":"","enabled":false},"version":2},"_wpas_customize_per_network":false},"categories":[405],"tags":[],"class_list":["post-11951","post","type-post","status-publish","format-standard","has-post-thumbnail","hentry","category-actu-france-monde"],"jetpack_publicize_connections":[],"jetpack_featured_media_url":"https:\/\/i0.wp.com\/www.iceagetv.com\/radiosite\/wp-content\/uploads\/2019\/03\/eric-drouet.jpg?fit=772%2C337&ssl=1","jetpack_sharing_enabled":true,"_links":{"self":[{"href":"https:\/\/www.iceagetv.com\/radiosite\/wp-json\/wp\/v2\/posts\/11951","targetHints":{"allow":["GET"]}}],"collection":[{"href":"https:\/\/www.iceagetv.com\/radiosite\/wp-json\/wp\/v2\/posts"}],"about":[{"href":"https:\/\/www.iceagetv.com\/radiosite\/wp-json\/wp\/v2\/types\/post"}],"author":[{"embeddable":true,"href":"https:\/\/www.iceagetv.com\/radiosite\/wp-json\/wp\/v2\/users\/2"}],"replies":[{"embeddable":true,"href":"https:\/\/www.iceagetv.com\/radiosite\/wp-json\/wp\/v2\/comments?post=11951"}],"version-history":[{"count":1,"href":"https:\/\/www.iceagetv.com\/radiosite\/wp-json\/wp\/v2\/posts\/11951\/revisions"}],"predecessor-version":[{"id":11953,"href":"https:\/\/www.iceagetv.com\/radiosite\/wp-json\/wp\/v2\/posts\/11951\/revisions\/11953"}],"wp:featuredmedia":[{"embeddable":true,"href":"https:\/\/www.iceagetv.com\/radiosite\/wp-json\/wp\/v2\/media\/11952"}],"wp:attachment":[{"href":"https:\/\/www.iceagetv.com\/radiosite\/wp-json\/wp\/v2\/media?parent=11951"}],"wp:term":[{"taxonomy":"category","embeddable":true,"href":"https:\/\/www.iceagetv.com\/radiosite\/wp-json\/wp\/v2\/categories?post=11951"},{"taxonomy":"post_tag","embeddable":true,"href":"https:\/\/www.iceagetv.com\/radiosite\/wp-json\/wp\/v2\/tags?post=11951"}],"curies":[{"name":"wp","href":"https:\/\/api.w.org\/{rel}","templated":true}]}}