{"id":11955,"date":"2019-03-29T11:59:44","date_gmt":"2019-03-29T11:59:44","guid":{"rendered":"http:\/\/www.iceagetv.com\/radiosite\/?p=11955"},"modified":"2019-03-29T11:59:50","modified_gmt":"2019-03-29T11:59:50","slug":"gerald-darmanin-propose-la-suppression-de-la-redevance-audiovisuelle","status":"publish","type":"post","link":"https:\/\/www.iceagetv.com\/radiosite\/gerald-darmanin-propose-la-suppression-de-la-redevance-audiovisuelle\/","title":{"rendered":"G\u00e9rald Darmanin propose la suppression de la redevance audiovisuelle"},"content":{"rendered":"\n<p>La fin d\u2019une taxe souvent d\u00e9cri\u00e9e&nbsp;? Le ministre des comptes publics, G\u00e9rald Darmanin, a propos\u00e9 vendredi 29&nbsp;mars de supprimer la contribution \u00e0 l\u2019audiovisuel public, la fameuse redevance.<\/p>\n\n\n\n<p>M.\u00a0Darmanin a soulign\u00e9 qu<em>\u2019\u00ab\u00a0on regarde la t\u00e9l\u00e9vision, et singuli\u00e8rement la t\u00e9l\u00e9vision publique, par autre moyen qu\u2019un \u00e9cran de t\u00e9l\u00e9vision\u00a0\u00bb<\/em>.<\/p>\n\n\n\n<p><em>La question se pose de cette redevance t\u00e9l\u00e9, d\u2019autant que l\u2019on ne saura plus comment l\u2019adresser&nbsp;\u00bb<\/em>, a affirm\u00e9 le ministre sur BFM-TV et RMC, rappelant qu\u2019elle est actuellement per\u00e7ue avec la taxe d\u2019habitation qui doit \u00eatre supprim\u00e9e d\u2019ici \u00e0 la fin du quinquennat.<\/p>\n\n\n\n<p><em>\u00ab\u00a0Je l\u2019ai propos\u00e9 au pr\u00e9sident de la R\u00e9publique et au premier ministre. Nous aurons l\u2019occasion de voir ce qu\u2019ils d\u00e9cident. Cela co\u00fbte cher d\u2019adresser un imp\u00f4t seul qui rapporte \u00e0 peu pr\u00e8s 120\u00a0euros.\u00a0\u00bb<\/em><\/p>\n\n\n\n<p><em>On affecte cet argent \u00e0 Radio France et \u00e0 France T\u00e9l\u00e9vision, ce qui pose la question de la r\u00e9forme de Radio France et de France T\u00e9l\u00e9vision. C\u2019est donc facile \u00e0 dire et difficile \u00e0 faire&nbsp;\u00bb<\/em>, a-t-il cependant reconnu.<\/p>\n\n\n\n<p>R\u00e9pondant \u00e0 son coll\u00e8gue, le ministre de la culture, Franck Riester, a jug\u00e9 qu\u2019il \u00e9tait l\u00e9gitime de&nbsp;<em>\u00ab&nbsp;se pencher sur la question mais il faut un financement fort pour un service public fort et ind\u00e9pendant&nbsp;\u00bb. \u00ab&nbsp;Les modalit\u00e9s techniques, on va regarder \u00e7a avec le budget et c\u2019est le pr\u00e9sident de la R\u00e9publique et le premier ministre qui prendront leur d\u00e9cision&nbsp;\u00bb<\/em>,&nbsp;<a href=\"https:\/\/www.francebleu.fr\/infos\/politique\/exclu-la-reaction-de-franck-reister-ministre-de-la-culture-sur-la-suppression-proposee-de-la-1553846015\">a ajout\u00e9 M.&nbsp;Riester sur les ondes de France Bleu Azur<\/a>.<\/p>\n\n\n\n<h2 class=\"wp-block-heading\">Son extension \u00e9voqu\u00e9e<\/h2>\n\n\n\n<p>Sa pr\u00e9d\u00e9cesseure, Fran\u00e7oise Nyssen, avait plaid\u00e9 en septembre&nbsp;2018 pour l\u2019extension de la redevance \u00e0 tous les foyers et de ne plus la faire d\u00e9pendre de la seule d\u00e9tention d\u2019un t\u00e9l\u00e9viseur, tout en maintenant les exon\u00e9rations sous conditions de ressources. Mais elle avait \u00e9t\u00e9 recadr\u00e9e par Matignon, qui avait jug\u00e9 que le sujet n\u2019\u00e9tait pas \u00e0 l\u2019\u00e9tude.<\/p>\n\n\n\n<p>Un mois plus tard,&nbsp;<a href=\"http:\/\/www.assemblee-nationale.fr\/15\/rap-info\/i1292.asp\">le rapport d\u2019information parlementaire<\/a>&nbsp;pr\u00e9sent\u00e9 par la d\u00e9put\u00e9e Aurore Berg\u00e9 s\u2019\u00e9tait \u00e9galement prononc\u00e9 pour cette solution, jugeant que&nbsp;<em>\u00ab&nbsp;la multiplication des technologies permettant la r\u00e9ception des contenus diffus\u00e9s par les entreprises de l\u2019audiovisuel public \u2013 ordinateurs, smartphones, tablettes, casques de r\u00e9alit\u00e9 virtuelle et, demain, projecteurs holographiques, etc. \u2013 comme l\u2019accroissement des capacit\u00e9s techniques du haut d\u00e9bit, rendent difficilement compr\u00e9hensible le fait de faire reposer le financement de l\u2019audiovisuel public,dont pourtant chacun b\u00e9n\u00e9ficie potentiellement, sur une partie seulement de la population, et des usages effectifs des services t\u00e9l\u00e9vis\u00e9s publics&nbsp;\u00bb<\/em>.<\/p>\n\n\n\n<p>Le rapport soulignait \u00e9galement que de plus en plus de Fran\u00e7ais tentaient&nbsp;<em>\u00ab&nbsp;d\u2019\u00e9chapper au paiement de la contribution \u00e0 l\u2019audiovisuel public, ce qui est d\u2019autant plus facile qu\u2019il s\u2019agit d\u2019un imp\u00f4t d\u00e9claratif&nbsp;\u00bb<\/em>. La contribution \u00e0 l\u2019audiovisuel public est due par les contribuables s\u2019ils sont imposables \u00e0 la taxe d\u2019habitation et occupent, au 1<sup>er&nbsp;<\/sup>janvier de l\u2019ann\u00e9e d\u2019imposition, un logement \u00e9quip\u00e9 d\u2019un t\u00e9l\u00e9viseur. Son montant est de 139&nbsp;euros en m\u00e9tropole et de 89&nbsp;euros dans les DOM-TOM. Cette redevance avait \u00e9t\u00e9 introduite pour la premi\u00e8re fois en&nbsp;1933, taxant les postes de radio. En&nbsp;1949, elle avait \u00e9t\u00e9 \u00e9tendue aux t\u00e9l\u00e9viseurs. Un d\u00e9cret de 1980 avait mis fin au lien avec la d\u00e9tention de postes de radio.<\/p>\n","protected":false},"excerpt":{"rendered":"<p>La fin d\u2019une taxe souvent d\u00e9cri\u00e9e&nbsp;? Le ministre des comptes publics, G\u00e9rald Darmanin, a propos\u00e9 vendredi 29&nbsp;mars de supprimer la contribution \u00e0 l\u2019audiovisuel public, la fameuse redevance. M.\u00a0Darmanin a soulign\u00e9 qu\u2019\u00ab\u00a0on regarde la t\u00e9l\u00e9vision, et singuli\u00e8rement la t\u00e9l\u00e9vision publique, par autre moyen qu\u2019un \u00e9cran de t\u00e9l\u00e9vision\u00a0\u00bb. La question se pose de cette redevance t\u00e9l\u00e9, d\u2019autant [&hellip;]<\/p>\n","protected":false},"author":2,"featured_media":11956,"comment_status":"open","ping_status":"open","sticky":false,"template":"","format":"standard","meta":{"_jetpack_memberships_contains_paid_content":false,"footnotes":"","jetpack_publicize_message":"","jetpack_publicize_feature_enabled":true,"jetpack_social_post_already_shared":true,"jetpack_social_options":{"image_generator_settings":{"template":"highway","default_image_id":0,"font":"","enabled":false},"version":2},"_wpas_customize_per_network":false},"categories":[405],"tags":[],"class_list":["post-11955","post","type-post","status-publish","format-standard","has-post-thumbnail","hentry","category-actu-france-monde"],"jetpack_publicize_connections":[],"jetpack_featured_media_url":"https:\/\/i0.wp.com\/www.iceagetv.com\/radiosite\/wp-content\/uploads\/2019\/03\/G%C3%A9rald-Darmanin.jpg?fit=688%2C459&ssl=1","jetpack_sharing_enabled":true,"_links":{"self":[{"href":"https:\/\/www.iceagetv.com\/radiosite\/wp-json\/wp\/v2\/posts\/11955","targetHints":{"allow":["GET"]}}],"collection":[{"href":"https:\/\/www.iceagetv.com\/radiosite\/wp-json\/wp\/v2\/posts"}],"about":[{"href":"https:\/\/www.iceagetv.com\/radiosite\/wp-json\/wp\/v2\/types\/post"}],"author":[{"embeddable":true,"href":"https:\/\/www.iceagetv.com\/radiosite\/wp-json\/wp\/v2\/users\/2"}],"replies":[{"embeddable":true,"href":"https:\/\/www.iceagetv.com\/radiosite\/wp-json\/wp\/v2\/comments?post=11955"}],"version-history":[{"count":1,"href":"https:\/\/www.iceagetv.com\/radiosite\/wp-json\/wp\/v2\/posts\/11955\/revisions"}],"predecessor-version":[{"id":11957,"href":"https:\/\/www.iceagetv.com\/radiosite\/wp-json\/wp\/v2\/posts\/11955\/revisions\/11957"}],"wp:featuredmedia":[{"embeddable":true,"href":"https:\/\/www.iceagetv.com\/radiosite\/wp-json\/wp\/v2\/media\/11956"}],"wp:attachment":[{"href":"https:\/\/www.iceagetv.com\/radiosite\/wp-json\/wp\/v2\/media?parent=11955"}],"wp:term":[{"taxonomy":"category","embeddable":true,"href":"https:\/\/www.iceagetv.com\/radiosite\/wp-json\/wp\/v2\/categories?post=11955"},{"taxonomy":"post_tag","embeddable":true,"href":"https:\/\/www.iceagetv.com\/radiosite\/wp-json\/wp\/v2\/tags?post=11955"}],"curies":[{"name":"wp","href":"https:\/\/api.w.org\/{rel}","templated":true}]}}