{"id":11959,"date":"2019-03-29T12:01:52","date_gmt":"2019-03-29T12:01:52","guid":{"rendered":"http:\/\/www.iceagetv.com\/radiosite\/?p=11959"},"modified":"2019-03-29T12:01:58","modified_gmt":"2019-03-29T12:01:58","slug":"la-cineaste-agnes-varda-est-morte-a-lage-de-90-ans-annonce-sa-famille","status":"publish","type":"post","link":"https:\/\/www.iceagetv.com\/radiosite\/la-cineaste-agnes-varda-est-morte-a-lage-de-90-ans-annonce-sa-famille\/","title":{"rendered":"La cin\u00e9aste Agn\u00e8s Varda est morte \u00e0 l&rsquo;\u00e2ge de 90 ans, annonce sa famille"},"content":{"rendered":"\n<p>Agn\u00e8s Varda est morte. Sa famille a annonc\u00e9 la nouvelle, vendredi 29 mars, \u00e0 l&rsquo;AFP.&nbsp;<em>\u00ab\u00a0La r\u00e9alisatrice et artiste Agn\u00e8s Varda est d\u00e9c\u00e9d\u00e9e chez elle dans la nuit du jeudi des suites d&rsquo;un cancer. Sa famille et ses proches l&rsquo;entouraient\u00a0\u00bb<\/em>, ont-ils annonc\u00e9 dans un communiqu\u00e9.&nbsp;La cin\u00e9aste fran\u00e7aise, l&rsquo;une des rares femmes de la Nouvelle Vague, \u00e9tait \u00e2g\u00e9e de 90 ans. Elle avait notamment r\u00e9alis\u00e9&nbsp;<em>Cl\u00e9o de 5 \u00e0 7<\/em>,&nbsp;<em>La pointe courte<\/em>,&nbsp;<em>Ulysse<\/em>,&nbsp;<em>Sans toit ni loi<\/em>&nbsp;ou&nbsp;<em>Les Plages d&rsquo;Agn\u00e8s<\/em>.<\/p>\n\n\n\n<p>Comme le raconte Culturebox dans\u00a0<a href=\"https:\/\/culturebox.francetvinfo.fr\/cinema\/evenements\/agnes-varda-grande-figure-du-cinema-francais-est-decedee-285812\">cet article<\/a>, Agn\u00e8s Varda n&rsquo;\u00e9tait pas seulement une grande figure du cin\u00e9ma fran\u00e7ais, reconnue dans le monde entier et\u00a0<a href=\"https:\/\/culturebox.francetvinfo.fr\/cinema\/stars\/l-oeuvre-d-agnes-varda-bientot-honoree-par-un-oscar-262149\">couronn\u00e9e en 2017 par un Oscar d&rsquo;honneur<\/a>\u00a0pour l&rsquo;ensemble de son \u0153uvre. Elle\u00a0fut aussi une photographe, documentariste et plasticienne.<\/p>\n\n\n\n<p>Sa carri\u00e8re est jalonn\u00e9e de r\u00e9compenses : prix de L&rsquo;Age d&rsquo;or en 1955 pour&nbsp;<em>La pointe courte<\/em>, Lion d&rsquo;or pour&nbsp;<em>Sans toit ni loi<\/em>&nbsp;en 1985 \u00e0 la Mostra de Venise, C\u00e9sar du meilleur film documentaire en 2009 pour&nbsp;<em>Les Plages d&rsquo;Agn\u00e8s&nbsp;<\/em>et palme d&rsquo;honneur en 2015 \u00e0 Cannes.<\/p>\n\n\n\n<h2 class=\"wp-block-heading\">R\u00e9alisatrice militante<\/h2>\n\n\n\n<p>En 2018, \u00e0 Cannes, bras dessus, bras dessous avec Cate Blanchett, entour\u00e9es de 80 actrices, productrices, elle avait plaid\u00e9 pour l&rsquo;<em>\u00ab\u00a0\u00e9galit\u00e9 salariale\u00a0\u00bb<\/em>&nbsp;dans le 7e art. Une image forte confortant son statut d&rsquo;ic\u00f4ne et doyenne du cin\u00e9ma.<\/p>\n\n\n\n<p>Infatigable, celle qui \u00e9tait \u00e9galement photographe et plasticienne avait repris la route \u00e0 88 ans, avec l&rsquo;artiste JR, de cinquante ans ans son cadet, pour le r\u00e9jouissant \u00ab\u00a0Visages, villages\u00a0\u00bb. Avec \u00e0 la cl\u00e9 une nomination aux Oscars. A bord d&rsquo;un camion photographique, les deux comp\u00e8res \u00e9taient all\u00e9s \u00e0 la rencontre d&rsquo;habitants et de villages d\u00e9laiss\u00e9s de France.&nbsp;<\/p>\n\n\n\n<p>A son compagnon d\u00e9c\u00e9d\u00e9 en 1990, elle a consacr\u00e9 une trilogie, dont \u00ab\u00a0Jacquot de Nantes\u00a0\u00bb. Ensemble, ils ont eu deux enfants : Rosalie Varda (adopt\u00e9e par Demy) qui travaille \u00e0 Cin\u00e9-Tamaris, la soci\u00e9t\u00e9 qui g\u00e8re les films de ses parents, et Mathieu Demy, devenu acteur. En f\u00e9vrier \u00e0 la Berlinale, elle avait pr\u00e9sent\u00e9 son dernier documentaire, \u00ab\u00a0Varda par Agn\u00e8s\u00a0\u00bb. Ce film est \u00ab\u00a0une fa\u00e7on de dire au revoir\u00a0\u00bb.<\/p>\n","protected":false},"excerpt":{"rendered":"<p>Agn\u00e8s Varda est morte. Sa famille a annonc\u00e9 la nouvelle, vendredi 29 mars, \u00e0 l&rsquo;AFP.&nbsp;\u00ab\u00a0La r\u00e9alisatrice et artiste Agn\u00e8s Varda est d\u00e9c\u00e9d\u00e9e chez elle dans la nuit du jeudi des suites d&rsquo;un cancer. Sa famille et ses proches l&rsquo;entouraient\u00a0\u00bb, ont-ils annonc\u00e9 dans un communiqu\u00e9.&nbsp;La cin\u00e9aste fran\u00e7aise, l&rsquo;une des rares femmes de la Nouvelle Vague, \u00e9tait [&hellip;]<\/p>\n","protected":false},"author":2,"featured_media":11960,"comment_status":"open","ping_status":"open","sticky":false,"template":"","format":"standard","meta":{"_jetpack_memberships_contains_paid_content":false,"footnotes":"","jetpack_publicize_message":"","jetpack_publicize_feature_enabled":true,"jetpack_social_post_already_shared":true,"jetpack_social_options":{"image_generator_settings":{"template":"highway","default_image_id":0,"font":"","enabled":false},"version":2},"_wpas_customize_per_network":false},"categories":[68],"tags":[],"class_list":["post-11959","post","type-post","status-publish","format-standard","has-post-thumbnail","hentry","category-actu-culturelle"],"jetpack_publicize_connections":[],"jetpack_featured_media_url":"https:\/\/i0.wp.com\/www.iceagetv.com\/radiosite\/wp-content\/uploads\/2019\/03\/Agn%C3%A8s-Varda.jpg?fit=1197%2C450&ssl=1","jetpack_sharing_enabled":true,"_links":{"self":[{"href":"https:\/\/www.iceagetv.com\/radiosite\/wp-json\/wp\/v2\/posts\/11959","targetHints":{"allow":["GET"]}}],"collection":[{"href":"https:\/\/www.iceagetv.com\/radiosite\/wp-json\/wp\/v2\/posts"}],"about":[{"href":"https:\/\/www.iceagetv.com\/radiosite\/wp-json\/wp\/v2\/types\/post"}],"author":[{"embeddable":true,"href":"https:\/\/www.iceagetv.com\/radiosite\/wp-json\/wp\/v2\/users\/2"}],"replies":[{"embeddable":true,"href":"https:\/\/www.iceagetv.com\/radiosite\/wp-json\/wp\/v2\/comments?post=11959"}],"version-history":[{"count":1,"href":"https:\/\/www.iceagetv.com\/radiosite\/wp-json\/wp\/v2\/posts\/11959\/revisions"}],"predecessor-version":[{"id":11961,"href":"https:\/\/www.iceagetv.com\/radiosite\/wp-json\/wp\/v2\/posts\/11959\/revisions\/11961"}],"wp:featuredmedia":[{"embeddable":true,"href":"https:\/\/www.iceagetv.com\/radiosite\/wp-json\/wp\/v2\/media\/11960"}],"wp:attachment":[{"href":"https:\/\/www.iceagetv.com\/radiosite\/wp-json\/wp\/v2\/media?parent=11959"}],"wp:term":[{"taxonomy":"category","embeddable":true,"href":"https:\/\/www.iceagetv.com\/radiosite\/wp-json\/wp\/v2\/categories?post=11959"},{"taxonomy":"post_tag","embeddable":true,"href":"https:\/\/www.iceagetv.com\/radiosite\/wp-json\/wp\/v2\/tags?post=11959"}],"curies":[{"name":"wp","href":"https:\/\/api.w.org\/{rel}","templated":true}]}}