{"id":11966,"date":"2019-03-30T13:33:45","date_gmt":"2019-03-30T13:33:45","guid":{"rendered":"http:\/\/www.iceagetv.com\/radiosite\/?p=11966"},"modified":"2019-03-30T13:33:50","modified_gmt":"2019-03-30T13:33:50","slug":"xv-de-france-ogara-dit-non","status":"publish","type":"post","link":"https:\/\/www.iceagetv.com\/radiosite\/xv-de-france-ogara-dit-non\/","title":{"rendered":"XV de France  O&rsquo;Gara dit non"},"content":{"rendered":"\n<h2 class=\"wp-block-heading\">XV DE FRANCE &#8211; Apr\u00e8s un Tournoi des 6 Nations 2019 rat\u00e9, les dirigeants f\u00e9d\u00e9raux avaient \u00e9mis l&rsquo;id\u00e9e d&rsquo;une possible \u00e9volution du staff des Bleus. S&rsquo;il a bel et bien \u00e9t\u00e9 approch\u00e9, l&rsquo;actuel patron de la d\u00e9fense des Crusaders Ronan O&rsquo;Gara, lui, a pr\u00e9f\u00e9r\u00e9 d\u00e9cliner&#8230;<\/h2>\n\n\n\n<p>Il y a quelques heures, sur les ondes de la station n\u00e9o-z\u00e9landaise&nbsp;<em>\u00ab\u00a0Radio Sport\u00a0\u00bb,&nbsp;<\/em>Ronan O&rsquo;Gara a indiqu\u00e9 qu&rsquo;il ne s&rsquo;engagerait pas avec le XV de France jusqu&rsquo;\u00e0 la fin Mondial japonais. L&rsquo;ancien entra\u00eeneur de la d\u00e9fense du&nbsp;<a href=\"https:\/\/www.rugbyrama.fr\/rugby\/equipes\/racing-metro-92\/teamcenter.shtml\">Racing 92<\/a>, qui avait derni\u00e8rement \u00e9t\u00e9 approch\u00e9 par les dirigeants f\u00e9d\u00e9raux pour renforcer le staff de la s\u00e9lection nationale jusqu&rsquo;au mondial japonais, envisagerait plut\u00f4t de rejoindre le staff des All Blacks apr\u00e8s la Coupe du monde, si jamais son patron aux Crusaders Scott Robertson succ\u00e9dait \u00e0 Steve Hansen.<\/p>\n\n\n\n<p>\u00c0 ce sujet, Ronan O\u2019Gara avait d\u00e9j\u00e0 indiqu\u00e9 mardi dernier lors d\u2019un entretien dans l\u2019\u00e9mission&nbsp;<em>\u00ab\u00a0Off the Ball\u00a0\u00bb,&nbsp;<\/em>en&nbsp;<a href=\"https:\/\/www.rugbyrama.fr\/rugby\/equipes\/irlande\/teamcenter.shtml\">Irlande<\/a>&nbsp;:&nbsp;<em>\u00ab\u00a0Quand je lis que je suis \u00ab\u00a0pr\u00eat \u00e0 signer\u00a0\u00bb, c\u2019est grotesque. On ne peut pas \u00eatre pr\u00eat \u00e0 signer juste parce qu\u2019on a re\u00e7u un coup de fil d\u2019un agent qui n\u2019a rien \u00e0 voir avec ce qui se passe.\u00a0\u00bb&nbsp;<\/em>O&rsquo;Gara hors-concours,&nbsp;<a href=\"https:\/\/www.rugbyrama.fr\/rugby\/fabien-galthie_prs10167\/person.shtml\">Galthi\u00e9<\/a>toujours h\u00e9sitant, la question est la suivante concernant l&rsquo;avenir \u00e0 court terme du XV de France : y a-t-il vraiment des gens int\u00e9ress\u00e9s pour rejoindre une \u00e9quipe en mal de r\u00e9sultats et victime d&rsquo;un syst\u00e8me qui, en l&rsquo;\u00e9tat, ne peut la placer ailleurs qu&rsquo;au fin fond du classement mondial ?<\/p>\n","protected":false},"excerpt":{"rendered":"<p>XV DE FRANCE &#8211; Apr\u00e8s un Tournoi des 6 Nations 2019 rat\u00e9, les dirigeants f\u00e9d\u00e9raux avaient \u00e9mis l&rsquo;id\u00e9e d&rsquo;une possible \u00e9volution du staff des Bleus. S&rsquo;il a bel et bien \u00e9t\u00e9 approch\u00e9, l&rsquo;actuel patron de la d\u00e9fense des Crusaders Ronan O&rsquo;Gara, lui, a pr\u00e9f\u00e9r\u00e9 d\u00e9cliner&#8230; Il y a quelques heures, sur les ondes de la [&hellip;]<\/p>\n","protected":false},"author":2,"featured_media":11967,"comment_status":"open","ping_status":"open","sticky":false,"template":"","format":"standard","meta":{"_jetpack_memberships_contains_paid_content":false,"footnotes":"","jetpack_publicize_message":"","jetpack_publicize_feature_enabled":true,"jetpack_social_post_already_shared":true,"jetpack_social_options":{"image_generator_settings":{"template":"highway","default_image_id":0,"font":"","enabled":false},"version":2},"_wpas_customize_per_network":false},"categories":[18],"tags":[],"class_list":["post-11966","post","type-post","status-publish","format-standard","has-post-thumbnail","hentry","category-actu-sport"],"jetpack_publicize_connections":[],"jetpack_featured_media_url":"https:\/\/i0.wp.com\/www.iceagetv.com\/radiosite\/wp-content\/uploads\/2019\/03\/OGara.jpg?fit=1950%2C1096&ssl=1","jetpack_sharing_enabled":true,"_links":{"self":[{"href":"https:\/\/www.iceagetv.com\/radiosite\/wp-json\/wp\/v2\/posts\/11966","targetHints":{"allow":["GET"]}}],"collection":[{"href":"https:\/\/www.iceagetv.com\/radiosite\/wp-json\/wp\/v2\/posts"}],"about":[{"href":"https:\/\/www.iceagetv.com\/radiosite\/wp-json\/wp\/v2\/types\/post"}],"author":[{"embeddable":true,"href":"https:\/\/www.iceagetv.com\/radiosite\/wp-json\/wp\/v2\/users\/2"}],"replies":[{"embeddable":true,"href":"https:\/\/www.iceagetv.com\/radiosite\/wp-json\/wp\/v2\/comments?post=11966"}],"version-history":[{"count":1,"href":"https:\/\/www.iceagetv.com\/radiosite\/wp-json\/wp\/v2\/posts\/11966\/revisions"}],"predecessor-version":[{"id":11968,"href":"https:\/\/www.iceagetv.com\/radiosite\/wp-json\/wp\/v2\/posts\/11966\/revisions\/11968"}],"wp:featuredmedia":[{"embeddable":true,"href":"https:\/\/www.iceagetv.com\/radiosite\/wp-json\/wp\/v2\/media\/11967"}],"wp:attachment":[{"href":"https:\/\/www.iceagetv.com\/radiosite\/wp-json\/wp\/v2\/media?parent=11966"}],"wp:term":[{"taxonomy":"category","embeddable":true,"href":"https:\/\/www.iceagetv.com\/radiosite\/wp-json\/wp\/v2\/categories?post=11966"},{"taxonomy":"post_tag","embeddable":true,"href":"https:\/\/www.iceagetv.com\/radiosite\/wp-json\/wp\/v2\/tags?post=11966"}],"curies":[{"name":"wp","href":"https:\/\/api.w.org\/{rel}","templated":true}]}}