{"id":11980,"date":"2019-03-31T08:44:06","date_gmt":"2019-03-31T08:44:06","guid":{"rendered":"http:\/\/www.iceagetv.com\/radiosite\/?p=11980"},"modified":"2019-03-31T08:44:13","modified_gmt":"2019-03-31T08:44:13","slug":"prix-du-gaz-treve-hivernale-pieces-automobiles-ce-qui-change-au-1er-avril","status":"publish","type":"post","link":"https:\/\/www.iceagetv.com\/radiosite\/prix-du-gaz-treve-hivernale-pieces-automobiles-ce-qui-change-au-1er-avril\/","title":{"rendered":"Prix du gaz, tr\u00eave hivernale, pi\u00e8ces automobiles\u2026 Ce qui change au 1er avril"},"content":{"rendered":"\n<p>Ce mois d&rsquo;avril r\u00e9serve quelques bonnes\u00a0nouvelles pour votre porte-monnaie<\/p>\n\n\n\n<h2 class=\"wp-block-heading\">Hausse du plafond de ressources annuelles pour b\u00e9n\u00e9ficier de la CMU-C.<\/h2>\n\n\n\n<p><a href=\"https:\/\/www.cmu.fr\/cmu-complementaire.php\" target=\"_blank\" rel=\"noreferrer noopener\">La CMU-C (Couverture maladie universelle compl\u00e9mentaire)<\/a>&nbsp;va voir son plafond de ressources annuelles maximales&nbsp;<a href=\"https:\/\/www.dossierfamilial.com\/actualite\/cmu-c-les-plafonds-de-ressources-sont-revalorises-partir-du-1er-avril\" target=\"_blank\" rel=\"noreferrer noopener\">revaloris\u00e9 de 8.810&nbsp;euros \u00e0 8.951&nbsp;euros pour une personne seule<\/a>. Cette couverture donne le droit \u00e0 la prise en charge de la&nbsp;part compl\u00e9mentaire de sant\u00e9 aux personnes \u00e0 faibles revenus. Cette aide est accord\u00e9e sous certaines conditions, telles que les ressources, le fait de r\u00e9sider depuis au moins trois mois en France de mani\u00e8re r\u00e9guli\u00e8re,&nbsp;etc.<\/p>\n\n\n\n<h2 class=\"wp-block-heading\">Baisse des prix du gaz<\/h2>\n\n\n\n<p>Comme annonc\u00e9 fin 2018,&nbsp;<a href=\"https:\/\/www.cre.fr\/Actualites\/Baisse-de-1-9-des-tarifs-reglementes-de-vente-de-gaz-d-ENGIE-au-1er-janvier-2019\" target=\"_blank\" rel=\"noreferrer noopener\">les tarifs r\u00e9glement\u00e9s de vente du gaz d\u2019Engie vont baisser de 1,9&nbsp;%<\/a>&nbsp;par rapport au bar\u00e8me en vigueur, selon la CRE (Commission de r\u00e9gulation de l\u2019\u00e9nergie). Au 1er&nbsp;avril, cette baisse sera de 0,6&nbsp;% pour ceux qui utilisent le gaz pour la cuisson, de 1,2&nbsp;% pour ceux qui ont un double usage cuisson et eau chaude et de 2&nbsp;% pour les foyers qui se chauffent au gaz. Ces prix r\u00e9sultent du dispositif d\u2019Engie pour garantir un tarif du gaz jusqu\u2019\u00e0 fin juin&nbsp;2019.<\/p>\n\n\n\n<h2 class=\"wp-block-heading\">Fin de la tr\u00eave hivernale<\/h2>\n\n\n\n<p>C\u2019est ce dimanche 31&nbsp;mars que se termine&nbsp;<a href=\"https:\/\/www.service-public.fr\/particuliers\/actualites\/A13302\" target=\"_blank\" rel=\"noreferrer noopener\">la tr\u00eave hivernale<\/a>, qui a d\u00e9but\u00e9 le 1er&nbsp;novembre. Ce dispositif prot\u00e8ge les locataires qui ne peuvent \u00eatre expuls\u00e9s de leur logement sauf exceptions pendant cette p\u00e9riode. La f\u00e9d\u00e9ration des acteurs de la solidarit\u00e9 avait estim\u00e9 mi-mars \u00e0 8.000 SDF et \u00e0 1.500 migrants, le nombre de personnes risquant de se retrouver \u00e0 la rue.<\/p>\n\n\n\n<h2 class=\"wp-block-heading\">Les pi\u00e8ces automobiles d\u00e9tach\u00e9es d\u2019occasion devront \u00eatre propos\u00e9es<\/h2>\n\n\n\n<p>A partir du 1er\u00a0avril, les garagistes devront informer clairement les automobilistes de la possibilit\u00e9 de remplacer un \u00e9l\u00e9ment d\u00e9fectueux sur leur v\u00e9hicule par une PIEC (Pi\u00e8ce issue de l\u2019\u00e9conomie circulaire). Ces pi\u00e8ces de seconde main seront pass\u00e9es par l\u2019un des 1.700 centres de v\u00e9hicules hors d\u2019usage agr\u00e9\u00e9s, qui s\u2019assurent de leur viabilit\u00e9 et de leur conformit\u00e9. C\u2019est par un arr\u00eat\u00e9 du 8\u00a0octobre 2018 que cette obligation est mise en place. La libert\u00e9 de choisir la PIEC ou non reviendra au client. Ces pi\u00e8ces permettront des \u00e9conomies de 30 \u00e0 50\u00a0%.<\/p>\n\n\n\n<p>Revalorisation des prestations d\u2019invalidit\u00e9 et d\u00e9c\u00e8s<br>\nA partir du 1er avril, certaines prestations sociales et familiales vont \u00eatre revaloris\u00e9es. C\u2019est le cas notamment des pensions d\u2019invalidit\u00e9 et du capital d\u00e9c\u00e8s qui vont augmenter de 0,3 %. D\u2019autres aides, telles que la majoration pour aide constante d\u2019une tierce personne ou les prestations vers\u00e9es pour les accidents du travail et maladies professionnelles, vont \u00e9galement \u00eatre augment\u00e9es. Ces hausses restent inf\u00e9rieures \u00e0 l\u2019inflation pr\u00e9vue autour de 1,3 % en 2019.<\/p>\n","protected":false},"excerpt":{"rendered":"<p>Ce mois d&rsquo;avril r\u00e9serve quelques bonnes\u00a0nouvelles pour votre porte-monnaie Hausse du plafond de ressources annuelles pour b\u00e9n\u00e9ficier de la CMU-C. La CMU-C (Couverture maladie universelle compl\u00e9mentaire)&nbsp;va voir son plafond de ressources annuelles maximales&nbsp;revaloris\u00e9 de 8.810&nbsp;euros \u00e0 8.951&nbsp;euros pour une personne seule. Cette couverture donne le droit \u00e0 la prise en charge de la&nbsp;part compl\u00e9mentaire de [&hellip;]<\/p>\n","protected":false},"author":2,"featured_media":11981,"comment_status":"open","ping_status":"open","sticky":false,"template":"","format":"standard","meta":{"_jetpack_memberships_contains_paid_content":false,"footnotes":"","jetpack_publicize_message":"","jetpack_publicize_feature_enabled":true,"jetpack_social_post_already_shared":true,"jetpack_social_options":{"image_generator_settings":{"template":"highway","default_image_id":0,"font":"","enabled":false},"version":2},"_wpas_customize_per_network":false},"categories":[405],"tags":[],"class_list":["post-11980","post","type-post","status-publish","format-standard","has-post-thumbnail","hentry","category-actu-france-monde"],"jetpack_publicize_connections":[],"jetpack_featured_media_url":"https:\/\/i0.wp.com\/www.iceagetv.com\/radiosite\/wp-content\/uploads\/2019\/03\/Ce-qui-change-au-1er-avril.jpg?fit=640%2C410&ssl=1","jetpack_sharing_enabled":true,"_links":{"self":[{"href":"https:\/\/www.iceagetv.com\/radiosite\/wp-json\/wp\/v2\/posts\/11980","targetHints":{"allow":["GET"]}}],"collection":[{"href":"https:\/\/www.iceagetv.com\/radiosite\/wp-json\/wp\/v2\/posts"}],"about":[{"href":"https:\/\/www.iceagetv.com\/radiosite\/wp-json\/wp\/v2\/types\/post"}],"author":[{"embeddable":true,"href":"https:\/\/www.iceagetv.com\/radiosite\/wp-json\/wp\/v2\/users\/2"}],"replies":[{"embeddable":true,"href":"https:\/\/www.iceagetv.com\/radiosite\/wp-json\/wp\/v2\/comments?post=11980"}],"version-history":[{"count":1,"href":"https:\/\/www.iceagetv.com\/radiosite\/wp-json\/wp\/v2\/posts\/11980\/revisions"}],"predecessor-version":[{"id":11982,"href":"https:\/\/www.iceagetv.com\/radiosite\/wp-json\/wp\/v2\/posts\/11980\/revisions\/11982"}],"wp:featuredmedia":[{"embeddable":true,"href":"https:\/\/www.iceagetv.com\/radiosite\/wp-json\/wp\/v2\/media\/11981"}],"wp:attachment":[{"href":"https:\/\/www.iceagetv.com\/radiosite\/wp-json\/wp\/v2\/media?parent=11980"}],"wp:term":[{"taxonomy":"category","embeddable":true,"href":"https:\/\/www.iceagetv.com\/radiosite\/wp-json\/wp\/v2\/categories?post=11980"},{"taxonomy":"post_tag","embeddable":true,"href":"https:\/\/www.iceagetv.com\/radiosite\/wp-json\/wp\/v2\/tags?post=11980"}],"curies":[{"name":"wp","href":"https:\/\/api.w.org\/{rel}","templated":true}]}}