{"id":11988,"date":"2019-04-01T18:21:31","date_gmt":"2019-04-01T18:21:31","guid":{"rendered":"http:\/\/www.iceagetv.com\/radiosite\/?p=11988"},"modified":"2019-04-01T18:21:38","modified_gmt":"2019-04-01T18:21:38","slug":"ce-que-lon-sait-sur-la-mort-de-cinq-residents-apres-leur-diner-dans-un-ehpad-pres-de-toulouse","status":"publish","type":"post","link":"https:\/\/www.iceagetv.com\/radiosite\/ce-que-lon-sait-sur-la-mort-de-cinq-residents-apres-leur-diner-dans-un-ehpad-pres-de-toulouse\/","title":{"rendered":"Ce que l&rsquo;on sait sur la mort de cinq r\u00e9sidents apr\u00e8s leur d\u00eener dans un Ehpad pr\u00e8s de Toulouse"},"content":{"rendered":"\n<p>Le bilan s&rsquo;est alourdi, lundi. Cinq personnes \u00e2g\u00e9s r\u00e9sidant dans l&rsquo;Ehpad&nbsp;La Ch\u00eaneraie,situ\u00e9 au Lherm, au sud-ouest de Toulouse, sont mortes apr\u00e8s leur d\u00eener, dimanche 31&nbsp;mars.&nbsp;Dix-neuf&nbsp;autres r\u00e9sidents restaient plac\u00e9s sous surveillance m\u00e9dicale, lundi apr\u00e8s-midi,&nbsp;<em>\u00ab\u00a0dont 16 en urgence relative sans que le pronostic vital de l&rsquo;une d&rsquo;elle ne soit engag\u00e9\u00a0\u00bb<\/em>, a pr\u00e9cis\u00e9 dans un communiqu\u00e9 le procureur de Toulouse, Dominique Alzeari.&nbsp;<\/p>\n\n\n\n<p>Le parquet a \u00e9t\u00e9 saisi et des investigations&nbsp;<em>\u00ab\u00a0sont en cours pour d\u00e9terminer l&rsquo;origine de l&rsquo;intoxication alimentaire pr\u00e9sum\u00e9e\u00a0\u00bb<\/em>, avait indiqu\u00e9 la pr\u00e9fecture plus t\u00f4t. Franceinfo fait le point sur ce drame aux origines encore myst\u00e9rieuses.<\/p>\n\n\n\n<h2 class=\"wp-block-heading\">De violents vomissements apr\u00e8s le d\u00eener&nbsp;<\/h2>\n\n\n\n<p><em>\u00ab\u00a0Il y a eu des vomissements de personnes apr\u00e8s le d\u00eener\u00a0\u00bb&nbsp;<\/em>du dimanche soir<em>,&nbsp;<\/em>a indiqu\u00e9 la sous-pr\u00e9f\u00e8te de permanence Marie-Paule Demiguel \u00e0&nbsp;<a href=\"https:\/\/www.francebleu.fr\/infos\/faits-divers-justice\/un-bilan-provisoire-fait-etat-de-quatre-morts-apres-une-intoxication-alimentaire-dans-un-ehpad-de-1554080900\">France Bleu Occitanie<\/a>.&nbsp;<em>\u00ab\u00a0Les sympt\u00f4mes seraient arriv\u00e9s environ une heure et demie apr\u00e8s la fin du repas\u00a0\u00bb<\/em>, a compl\u00e9t\u00e9 l\u2019adjoint au maire de Lherm Fr\u00e9d\u00e9ric Pasian. Les secours se sont rendus imm\u00e9diatement sur place.&nbsp;<\/p>\n\n\n\n<p>Le probl\u00e8me est survenu&nbsp;<em>\u00ab\u00a0apparemment sur des repas sp\u00e9ciaux, des repas mix\u00e9s pour personnes en fin de vie.&nbsp;C&rsquo;est ce que le personnel nous a dit\u00a0\u00bb<\/em>, a affirm\u00e9 aux journalistes Chantal, la fille d&rsquo;un couple r\u00e9sident, qui n&rsquo;a pas \u00e9t\u00e9 malade.&nbsp;<\/p>\n\n\n\n<p>Les personnes d\u00e9c\u00e9d\u00e9es sont quatre femmes, l&rsquo;une de 76&nbsp;ans, les autres \u00e2g\u00e9es de 93 \u00e0 95&nbsp;ans, et un homme de 93&nbsp;ans, a pr\u00e9cis\u00e9 \u00e0 l&rsquo;AFP une source proche de l&rsquo;enqu\u00eate.&nbsp;Les familles ont \u00e9t\u00e9 pr\u00e9venues dans la nuit, mais certaines&nbsp;ne s&rsquo;en sont aper\u00e7ues qu&rsquo;au r\u00e9veil.<em>&nbsp;\u00ab\u00a0Je n&rsquo;ai appris la nouvelle que ce matin. Les gendarmes et l&rsquo;h\u00f4pital de Rangueil ont essay\u00e9 de me joindre cette nuit mais mon t\u00e9l\u00e9phone \u00e9tait coup\u00e9\u00a0\u00bb,&nbsp;<\/em>confie&nbsp;la fille d&rsquo;une victime&nbsp;\u00e0&nbsp;<em><a href=\"https:\/\/www.ladepeche.fr\/2019\/04\/01\/soupcons-dintoxication-alimentaire-dans-une-maison-de-retraite-pres-de-toulouse-quatre-morts,8103196.php\" target=\"_blank\" rel=\"noreferrer noopener\">La D\u00e9p\u00eache du Midi<\/a>.&nbsp;<\/em><em>\u00ab\u00a0J&rsquo;\u00e9tais encore l\u00e0 samedi soir pour lui donner son repas. On s&rsquo;est dit au revoir et l\u00e0, j&rsquo;apprends \u00e0 la t\u00e9l\u00e9 qu&rsquo;elle est morte\u00a0\u00bb,<\/em>&nbsp;raconte une proche d&rsquo;une autre r\u00e9sidente morte dimanche soir, toujours \u00e0&nbsp;<em>La D\u00e9p\u00eache du Midi.<\/em>&nbsp;<\/p>\n\n\n\n<h2 class=\"wp-block-heading\">Une enqu\u00eate ouverte&nbsp;<\/h2>\n\n\n\n<p>Le parquet de Toulouse a ouvert une enqu\u00eate pour \u00ab\u00a0homicides involontaires et blessures involontaires\u00a0\u00bb, a confirm\u00e9&nbsp;le procureur de Toulouse lundi.&nbsp;Elle&nbsp;sera men\u00e9e en lien avec l\u2019agence r\u00e9gionale de sant\u00e9 (ARS).&nbsp;Celle-ci&nbsp;a entam\u00e9 les premi\u00e8res investigations cette nuit.&nbsp;<em>\u00ab\u00a0Elles se poursuivront ce lundi sur la base d&rsquo;un questionnaire alimentaire qui sera administr\u00e9 aupr\u00e8s des r\u00e9sidents\u00a0\u00bb<\/em>, pr\u00e9cise l&rsquo;agence.&nbsp;<\/p>\n\n\n\n<p><em>\u00ab\u00a0On soup\u00e7onne une intoxication alimentaire puisque ces \u00e9v\u00e9nements se sont d\u00e9roul\u00e9s apr\u00e8s le repas. La vice-procureure de la R\u00e9publique qui \u00e9tait sur place&nbsp;<\/em>[dimanche]&nbsp;<em>soir a \u00e9videmment engag\u00e9 des investigations et a souhait\u00e9 que les cuisines notamment soient sous scell\u00e9s. Ces analyses vont d\u00e9buter au plus t\u00f4t ce<\/em>&nbsp;[lundi]<em>&nbsp;matin\u00a0\u00bb<\/em>, a indiqu\u00e9 la sous-pr\u00e9f\u00e8te Marie-Paule Demiguel sur&nbsp;<a href=\"https:\/\/www.bfmtv.com\/societe\/quatre-morts-et-15-blesses-apres-une-intoxication-alimentaire-dans-un-ehpad-1663933.html\" target=\"_blank\" rel=\"noreferrer noopener\">BFMTV<\/a>.&nbsp;<em>\u00ab\u00a0La cuisine de l&rsquo;Ehpad ainsi que les chambres des victimes ont \u00e9t\u00e9 boucl\u00e9es,<\/em>&nbsp;a confirm\u00e9 l&rsquo;adjoint au maire Fr\u00e9d\u00e9ric Pasian.&nbsp;<em>Les enqu\u00eateurs \u00e9taient sur place<\/em>&nbsp;[lundi matin]<em>&nbsp;pour proc\u00e9der aux pr\u00e9l\u00e8vements, dont les analyses, j&rsquo;imagine, sont en cours.\u00a0\u00bb<\/em>&nbsp;<\/p>\n\n\n\n<p>L&rsquo;enqu\u00eate doit notamment d\u00e9terminer si les repas \u00e9taient pr\u00e9par\u00e9s en interne ou apport\u00e9s de l&rsquo;ext\u00e9rieur.&nbsp;L&rsquo;\u00e9tablissement, repris par le groupe Korian le 18 f\u00e9vrier,&nbsp;<em>\u00ab\u00a0produit les repas sur place avec ses propres \u00e9quipes de cuisine\u00a0\u00bb<\/em>, a assur\u00e9&nbsp;ce dernier. Dans un communiqu\u00e9, le groupe ajout que&nbsp;<em>\u00ab\u00a0l<\/em><em>e dernier contr\u00f4le r\u00e9glementaire d&rsquo;hygi\u00e8ne, r\u00e9alis\u00e9 par un bureau d&rsquo;\u00e9tude externe, a eu lieu le 12&nbsp;f\u00e9vrier 2019. Les r\u00e9sultats de ce contr\u00f4le \u00e9taient conformes.\u00a0\u00bb<\/em>&nbsp;<em>\u00ab\u00a0Nous n&rsquo;avons pas eu connaissance du fait que le repas de dimanche soir ait \u00e9t\u00e9 apport\u00e9 de l&rsquo;ext\u00e9rieur\u00a0\u00bb<\/em>,&nbsp;a indiqu\u00e9 \u00e0 l&rsquo;AFP le directeur g\u00e9n\u00e9ral de l&rsquo;ARS&nbsp;d&rsquo;Occitanie.<\/p>\n\n\n\n<p>Mais Alain Lapeyre, le fils d&rsquo;une nonag\u00e9naire d\u00e9c\u00e9d\u00e9e, a affirm\u00e9 \u00e0 la presse que le d\u00eener incrimin\u00e9 avait \u00e9t\u00e9 livr\u00e9 dimanche soir de l&rsquo;ext\u00e9rieur, pr\u00e9cisant que l&rsquo;information lui avait \u00e9t\u00e9 donn\u00e9e par le m\u00e9decin traitant de l&rsquo;\u00e9tablissement. Une autre parente, Marie, dont le p\u00e8re de 78&nbsp;ans n&rsquo;a pas \u00e9t\u00e9 intoxiqu\u00e9, a confirm\u00e9 avoir eu la m\u00eame information.&nbsp;Le probl\u00e8me est survenu&nbsp;<em>\u00ab\u00a0apparemment sur des repas sp\u00e9ciaux, des repas mix\u00e9s pour personnes en fin de vie\u00a0\u00bb<\/em>, a pour sa part affirm\u00e9 Chantal, fille d&rsquo;un couple r\u00e9sident indemne.<\/p>\n\n\n\n<h2 class=\"wp-block-heading\">Des familles en col\u00e8re&nbsp;<\/h2>\n\n\n\n<p>Le fils de l&rsquo;une des victimes d\u00e9c\u00e9d\u00e9es a d\u00e9cid\u00e9 de porter plainte.&nbsp;<em>\u00ab\u00a0Je suis en col\u00e8re. C&rsquo;est inadmissible. On paye pas loin de 3&nbsp;000&nbsp;euros par mois. Il faut que la lumi\u00e8re soit faite l\u00e0-dessus\u00a0\u00bb<\/em>, a d\u00e9clar\u00e9&nbsp;Alain Lapeyre \u00e0&nbsp;<a href=\"https:\/\/www.francetvinfo.fr\/faits-divers\/soupcons-d-intoxication-alimentaire-dans-un-ehpad-le-fils-d-une-residente-decedee-veut-porter-plainte_3260317.html\">franceinfo<\/a><em>.&nbsp;<\/em>Sa m\u00e8re, atteinte de la maladie d&rsquo;Alzheimer, \u00e9tait pensionnaire \u00e0 la Ch\u00eaneraie depuis dix ans.&nbsp;<\/p>\n\n\n\n<p>D&rsquo;autres proches s&rsquo;interrogent sur l&rsquo;origine de cette possible intoxication.<em>&nbsp;\u00ab\u00a0J&rsquo;ai encore le menu dans mon sac et je sais qu&rsquo;hier soir, ils ont mang\u00e9 de la salade p\u00e9rigourdine\u00a0\u00bb,&nbsp;<\/em>assure \u00e0&nbsp;<em>La D\u00e9p\u00eache du Midi<\/em>&nbsp;la fille de l&rsquo;une des victimes.&nbsp;<em>\u00ab\u00a0Il fallait que \u00e7a arrive un jour\u00a0\u00bb<\/em>, glisse de son c\u00f4t\u00e9 \u00e0 France Bleu la fille d&rsquo;une r\u00e9sidente pr\u00e9sente dans cet \u00e9tablissement depuis huit ans.&nbsp;Elle affirme qu&rsquo;il y a d\u00e9j\u00e0 eu beaucoup de probl\u00e8mes avec la nourriture, pr\u00e9par\u00e9e \u00e0 bas co\u00fbts. D&rsquo;autres familles rencontr\u00e9es par&nbsp;France Bleu&nbsp;ont pr\u00e9f\u00e9r\u00e9 souligner des probl\u00e8mes d&rsquo;effectifs.&nbsp;<em>\u00ab\u00a0C&rsquo;est pour cela qu&rsquo;on allait souvent faire d\u00eener notre grand-m\u00e8re\u00a0\u00bb,&nbsp;<\/em>relate&nbsp;une petite-fille de l&rsquo;une des victimes \u00e0&nbsp;<em>La D\u00e9p\u00eache du Midi<\/em>.&nbsp;<\/p>\n\n\n\n<p>Une cellule d&rsquo;urgence m\u00e9dico-psychologique doit \u00eatre constitu\u00e9e. En attendant, les familles disposent d&rsquo;un centre d&rsquo;accueil dans le centre-bourg de Lherm,&nbsp;et peuvent appeler le 05&nbsp;62&nbsp;23&nbsp;27&nbsp;22.&nbsp;<\/p>\n","protected":false},"excerpt":{"rendered":"<p>Le bilan s&rsquo;est alourdi, lundi. Cinq personnes \u00e2g\u00e9s r\u00e9sidant dans l&rsquo;Ehpad&nbsp;La Ch\u00eaneraie,situ\u00e9 au Lherm, au sud-ouest de Toulouse, sont mortes apr\u00e8s leur d\u00eener, dimanche 31&nbsp;mars.&nbsp;Dix-neuf&nbsp;autres r\u00e9sidents restaient plac\u00e9s sous surveillance m\u00e9dicale, lundi apr\u00e8s-midi,&nbsp;\u00ab\u00a0dont 16 en urgence relative sans que le pronostic vital de l&rsquo;une d&rsquo;elle ne soit engag\u00e9\u00a0\u00bb, a pr\u00e9cis\u00e9 dans un communiqu\u00e9 le procureur [&hellip;]<\/p>\n","protected":false},"author":2,"featured_media":11989,"comment_status":"open","ping_status":"open","sticky":false,"template":"","format":"standard","meta":{"_jetpack_memberships_contains_paid_content":false,"footnotes":"","jetpack_publicize_message":"","jetpack_publicize_feature_enabled":true,"jetpack_social_post_already_shared":true,"jetpack_social_options":{"image_generator_settings":{"template":"highway","default_image_id":0,"font":"","enabled":false},"version":2},"_wpas_customize_per_network":false},"categories":[405],"tags":[],"class_list":["post-11988","post","type-post","status-publish","format-standard","has-post-thumbnail","hentry","category-actu-france-monde"],"jetpack_publicize_connections":[],"jetpack_featured_media_url":"https:\/\/i0.wp.com\/www.iceagetv.com\/radiosite\/wp-content\/uploads\/2019\/04\/Ehpad-pr%C3%A8s-de-Toulouse.jpg?fit=1197%2C450&ssl=1","jetpack_sharing_enabled":true,"_links":{"self":[{"href":"https:\/\/www.iceagetv.com\/radiosite\/wp-json\/wp\/v2\/posts\/11988","targetHints":{"allow":["GET"]}}],"collection":[{"href":"https:\/\/www.iceagetv.com\/radiosite\/wp-json\/wp\/v2\/posts"}],"about":[{"href":"https:\/\/www.iceagetv.com\/radiosite\/wp-json\/wp\/v2\/types\/post"}],"author":[{"embeddable":true,"href":"https:\/\/www.iceagetv.com\/radiosite\/wp-json\/wp\/v2\/users\/2"}],"replies":[{"embeddable":true,"href":"https:\/\/www.iceagetv.com\/radiosite\/wp-json\/wp\/v2\/comments?post=11988"}],"version-history":[{"count":1,"href":"https:\/\/www.iceagetv.com\/radiosite\/wp-json\/wp\/v2\/posts\/11988\/revisions"}],"predecessor-version":[{"id":11990,"href":"https:\/\/www.iceagetv.com\/radiosite\/wp-json\/wp\/v2\/posts\/11988\/revisions\/11990"}],"wp:featuredmedia":[{"embeddable":true,"href":"https:\/\/www.iceagetv.com\/radiosite\/wp-json\/wp\/v2\/media\/11989"}],"wp:attachment":[{"href":"https:\/\/www.iceagetv.com\/radiosite\/wp-json\/wp\/v2\/media?parent=11988"}],"wp:term":[{"taxonomy":"category","embeddable":true,"href":"https:\/\/www.iceagetv.com\/radiosite\/wp-json\/wp\/v2\/categories?post=11988"},{"taxonomy":"post_tag","embeddable":true,"href":"https:\/\/www.iceagetv.com\/radiosite\/wp-json\/wp\/v2\/tags?post=11988"}],"curies":[{"name":"wp","href":"https:\/\/api.w.org\/{rel}","templated":true}]}}