{"id":12018,"date":"2019-04-09T15:45:45","date_gmt":"2019-04-09T15:45:45","guid":{"rendered":"http:\/\/www.iceagetv.com\/radiosite\/?p=12018"},"modified":"2019-04-09T15:45:53","modified_gmt":"2019-04-09T15:45:53","slug":"des-parlementaires-lancent-une-procedure-de-referendum-contre-la-privatisation-des-aeroports-de-paris","status":"publish","type":"post","link":"https:\/\/www.iceagetv.com\/radiosite\/des-parlementaires-lancent-une-procedure-de-referendum-contre-la-privatisation-des-aeroports-de-paris\/","title":{"rendered":"Des parlementaires lancent une proc\u00e9dure de r\u00e9f\u00e9rendum contre la privatisation des a\u00e9roports de Paris"},"content":{"rendered":"\n<p>Mardi 9\u00a0avril \u00e0 l\u2019Assembl\u00e9e nationale, une brochette de parlementaires tout sourire pavoise en salle des conf\u00e9rences de presse.\u00a0<em>\u00ab\u00a0Je ne suis pas s\u00fbr que vous voyiez souvent ce type de photos\u00a0\u00bb,<\/em>\u00a0s\u2019amuse Patrick Kanner, patron des s\u00e9nateurs socialistes, exceptionnellement pr\u00e9sent au Palais-Bourbon. L\u2019image est triplement in\u00e9dite. Il y a l\u00e0, fait rarissime, des repr\u00e9sentants de neuf groupes parlementaires (de d\u00e9put\u00e9s et de s\u00e9nateurs), des R\u00e9publicains (LR) \u00e0 La France insoumise (LFI), rassembl\u00e9s pour annoncer un moment historique.<br>Pour la premi\u00e8re fois, le seuil des 185\u00a0parlementaires n\u00e9cessaire pour d\u00e9clencher le processus conduisant \u00e0 l\u2019organisation d\u2019un r\u00e9f\u00e9rendum d\u2019initiative partag\u00e9e (RIP) a \u00e9t\u00e9 atteint. Tous se sont mis d\u2019accord pour d\u00e9poser une proposition de loi r\u00e9f\u00e9rendaire pour s\u2019opposer \u00e0 la privatisation de Groupe ADP (anciennement A\u00e9roports de Paris). La disposition est pr\u00e9vue dans la loi Pacte qui doit \u00eatre vot\u00e9e d\u00e9finitivement cette semaine et a \u00e9t\u00e9 vivement contest\u00e9e par l\u2019opposition.<\/p>\n\n\n\n<h2 class=\"wp-block-heading\">Position pas id\u00e9ologique&nbsp;\u00bb<\/h2>\n\n\n\n<p>Au micro, le d\u00e9put\u00e9 socialiste Boris Vallaud jubile en annon\u00e7ant la nouvelle. A ses c\u00f4t\u00e9s, des d\u00e9put\u00e9s LR, comme l\u2019ancien pr\u00e9sident de la commission des finances Gilles Carrez ou le d\u00e9put\u00e9 de l\u2019Essonne Robin Reda. Des d\u00e9put\u00e9s de droite, oblig\u00e9s de rappeler que leur\u00a0<em>\u00ab\u00a0position n\u2019est pas id\u00e9ologique\u00a0\u00bb<\/em>. Il ne s\u2019agit pas\u00a0<em>\u00ab\u00a0de refuser quelque privatisation que ce soit\u00a0\u00bb,<\/em>\u00a0insiste M.\u00a0Carrez. A l\u2019oppos\u00e9 de l\u2019estrade, le d\u00e9put\u00e9 communiste de Seine-Saint-Denis St\u00e9phane Peu rappelle au contraire que son propre groupe politique\u00a0<em>\u00ab\u00a0fait partie de ceux qui appellent \u00e0 des nationalisations ou des renationalisations\u00a0\u00bb<\/em>.<\/p>\n\n\n\n<p>Qu\u2019importe, aujourd\u2019hui tous rappellent leurs&nbsp;<em>\u00ab&nbsp;convergences&nbsp;\u00bb<\/em>&nbsp;lors du d\u00e9bat. Boris Vallaud annonce que 197&nbsp;signatures ont \u00e9t\u00e9 collect\u00e9es pour&nbsp;<em>\u00ab&nbsp;rendre A\u00e9roports de Paris insusceptible de privatisation&nbsp;\u00bb,<\/em>&nbsp;explique le socialiste.<em>&nbsp;\u00ab&nbsp;D\u2019autres se joindront sans doute \u00e0 la d\u00e9marche&nbsp;\u00bb<\/em>, souligne-t-il en se tournant vers le d\u00e9put\u00e9 \u00ab&nbsp;insoumis&nbsp;\u00bb Eric Coquerel pr\u00e9sent.<\/p>\n\n\n\n<p>A la derni\u00e8re minute, la photo aurait pu \u00eatre moins belle. Que l\u2019union sacr\u00e9e se fasse avec les d\u00e9put\u00e9s m\u00e9lenchonistes r\u00e9jouissait moyennement les d\u00e9put\u00e9s LR, qui voulaient les exclure de la d\u00e9marche. Mais leur absence aurait pu signer le retrait des d\u00e9put\u00e9s communistes. Finalement, 218&nbsp;parlementaires, dont les d\u00e9put\u00e9s LFI, ont sign\u00e9 la proposition de loi d\u00e9pos\u00e9e quelques heures plus tard, mardi vers 17&nbsp;heures, sur le bureau du pr\u00e9sident de l\u2019Assembl\u00e9e.<\/p>\n\n\n\n<p>Tous ont fini par se rassembler.&nbsp;<em>\u00ab&nbsp;Qui e\u00fbt pu l\u2019esp\u00e9rer une seconde&nbsp;?&nbsp;\u00bb,<\/em>se f\u00e9licitait d\u00e9j\u00e0, dans une salle des conf\u00e9rences de presse bond\u00e9e, Philippe Vigier, du groupe Libert\u00e9s et territoires mardi apr\u00e8s-midi ; tous \u00e9taient n\u00e9anmoins conscients que m\u00eame s\u2019ils avaient gagn\u00e9 une bataille ils \u00e9taient loin d\u2019avoir vaincu le mur du RIP.<\/p>\n\n\n\n<h2 class=\"wp-block-heading\">\u00ab&nbsp;On se glisse dans les interstices de la loi&nbsp;\u00bb<\/h2>\n\n\n\n<p>La disposition constitutionnelle introduite dans la r\u00e9forme de\u00a02008 est r\u00e9put\u00e9e pour son infranchissabilit\u00e9. Outre le rassemblement des 185\u00a0parlementaires, il faut ensuite r\u00e9unir le soutien de 4,5\u00a0millions d\u2019\u00e9lecteurs (10\u00a0% du corps \u00e9lectoral) en neuf mois pour soutenir cette proposition de r\u00e9f\u00e9rendum. Mais entre ces deux \u00e9tapes il y a celle, encore tr\u00e8s incertaine, de la validation de la d\u00e9marche par le Conseil constitutionnel. Ce dernier doit se prononcer sur la conformit\u00e9 de l\u2019initiative aux r\u00e8gles du RIP. Or parmi celles-ci figure le fait qu\u2019un tel r\u00e9f\u00e9rendum ne peut porter sur une disposition figurant dans une loi promulgu\u00e9e depuis moins d\u2019un an. Les parlementaires comptent donc sur un d\u00e9p\u00f4t de leur proposition de loi avant la promulgation de la loi Pacte pour la rendre recevable aux yeux du Conseil constitutionnel.<\/p>\n\n\n\n<p><em>On se glisse dans les interstices de la loi&nbsp;\u00bb,<\/em>&nbsp;reconna\u00eet Boris Vallaud. Viendra ensuite l\u2019heure de la r\u00e9colte des signatures, sur un d\u00e9lai de neuf mois \u2013&nbsp;Eric Coquerel rappelant alors les&nbsp;<em>\u00ab&nbsp;7&nbsp;millions de voix de Jean-Luc M\u00e9lenchon \u00e0 la pr\u00e9sidentielle&nbsp;\u00bb<\/em>&nbsp;comme pour souligner qu\u2019il e\u00fbt \u00e9t\u00e9 f\u00e2cheux de s\u2019en priver en boutant les \u00ab&nbsp;insoumis&nbsp;\u00bb hors de l\u2019initiative\u2026<\/p>\n\n\n\n<p>Ensuite, le r\u00e9f\u00e9rendum ne sera pas automatique&nbsp;: il n\u2019interviendra que si la proposition de loi approuv\u00e9e par les parlementaires et les 4,5&nbsp;millions de Fran\u00e7ais n\u2019est pas examin\u00e9e par le Parlement au bout d\u2019un d\u00e9lai de six mois.&nbsp;<em>\u00ab&nbsp;C\u2019est une plong\u00e9e dans l\u2019inconnu pour nous tous&nbsp;\u00bb<\/em>, reconnaissait la socialiste Val\u00e9rie Rabault. Le Conseil constitutionnel aura au maximum un mois d\u00e8s la r\u00e9ception de la proposition de loi pour donner suite, ou non, \u00e0 cette exp\u00e9rimentation qui pourrait donner du fil \u00e0 retordre \u00e0 tous ceux qui plaident pour un abaissement des seuils de d\u00e9clenchement du r\u00e9f\u00e9rendum d\u2019initiative partag\u00e9e comme r\u00e9ponse \u00e0 la crise des \u00ab&nbsp;gilets jaunes&nbsp;\u00bb.<\/p>\n","protected":false},"excerpt":{"rendered":"<p>Mardi 9\u00a0avril \u00e0 l\u2019Assembl\u00e9e nationale, une brochette de parlementaires tout sourire pavoise en salle des conf\u00e9rences de presse.\u00a0\u00ab\u00a0Je ne suis pas s\u00fbr que vous voyiez souvent ce type de photos\u00a0\u00bb,\u00a0s\u2019amuse Patrick Kanner, patron des s\u00e9nateurs socialistes, exceptionnellement pr\u00e9sent au Palais-Bourbon. L\u2019image est triplement in\u00e9dite. Il y a l\u00e0, fait rarissime, des repr\u00e9sentants de neuf groupes [&hellip;]<\/p>\n","protected":false},"author":2,"featured_media":12019,"comment_status":"open","ping_status":"open","sticky":false,"template":"","format":"standard","meta":{"_jetpack_memberships_contains_paid_content":false,"footnotes":"","jetpack_publicize_message":"","jetpack_publicize_feature_enabled":true,"jetpack_social_post_already_shared":true,"jetpack_social_options":{"image_generator_settings":{"template":"highway","default_image_id":0,"font":"","enabled":false},"version":2},"_wpas_customize_per_network":false},"categories":[405],"tags":[],"class_list":["post-12018","post","type-post","status-publish","format-standard","has-post-thumbnail","hentry","category-actu-france-monde"],"jetpack_publicize_connections":[],"jetpack_featured_media_url":"https:\/\/i0.wp.com\/www.iceagetv.com\/radiosite\/wp-content\/uploads\/2019\/04\/a%C3%A9roports-de-Paris.jpg?fit=1200%2C900&ssl=1","jetpack_sharing_enabled":true,"_links":{"self":[{"href":"https:\/\/www.iceagetv.com\/radiosite\/wp-json\/wp\/v2\/posts\/12018","targetHints":{"allow":["GET"]}}],"collection":[{"href":"https:\/\/www.iceagetv.com\/radiosite\/wp-json\/wp\/v2\/posts"}],"about":[{"href":"https:\/\/www.iceagetv.com\/radiosite\/wp-json\/wp\/v2\/types\/post"}],"author":[{"embeddable":true,"href":"https:\/\/www.iceagetv.com\/radiosite\/wp-json\/wp\/v2\/users\/2"}],"replies":[{"embeddable":true,"href":"https:\/\/www.iceagetv.com\/radiosite\/wp-json\/wp\/v2\/comments?post=12018"}],"version-history":[{"count":1,"href":"https:\/\/www.iceagetv.com\/radiosite\/wp-json\/wp\/v2\/posts\/12018\/revisions"}],"predecessor-version":[{"id":12020,"href":"https:\/\/www.iceagetv.com\/radiosite\/wp-json\/wp\/v2\/posts\/12018\/revisions\/12020"}],"wp:featuredmedia":[{"embeddable":true,"href":"https:\/\/www.iceagetv.com\/radiosite\/wp-json\/wp\/v2\/media\/12019"}],"wp:attachment":[{"href":"https:\/\/www.iceagetv.com\/radiosite\/wp-json\/wp\/v2\/media?parent=12018"}],"wp:term":[{"taxonomy":"category","embeddable":true,"href":"https:\/\/www.iceagetv.com\/radiosite\/wp-json\/wp\/v2\/categories?post=12018"},{"taxonomy":"post_tag","embeddable":true,"href":"https:\/\/www.iceagetv.com\/radiosite\/wp-json\/wp\/v2\/tags?post=12018"}],"curies":[{"name":"wp","href":"https:\/\/api.w.org\/{rel}","templated":true}]}}