{"id":12024,"date":"2019-04-09T15:50:49","date_gmt":"2019-04-09T15:50:49","guid":{"rendered":"http:\/\/www.iceagetv.com\/radiosite\/?p=12024"},"modified":"2019-04-09T15:50:57","modified_gmt":"2019-04-09T15:50:57","slug":"enfants-et-ecrans-des-scientifiques-appellent-a-une-vigilance-raisonnee","status":"publish","type":"post","link":"https:\/\/www.iceagetv.com\/radiosite\/enfants-et-ecrans-des-scientifiques-appellent-a-une-vigilance-raisonnee\/","title":{"rendered":"Enfants et \u00e9crans: des scientifiques appellent \u00e0 une \u00ab\u00a0vigilance raisonn\u00e9e\u00a0\u00bb"},"content":{"rendered":"\n<p>L&rsquo;usage des \u00e9crans par les enfants et les adolescents doit faire l&rsquo;objet d&rsquo;une \u00ab\u00a0vigilance raisonn\u00e9e\u00a0\u00bb, avertissent mardi trois Acad\u00e9mies, tout en soulignant qu&rsquo;on a encore peu de certitudes sur les effets d\u00e9l\u00e9t\u00e8res de ces technologies.<\/p>\n\n\n\n<p>Comportements addictifs, sommeil perturb\u00e9, troubles du d\u00e9veloppement, \u00e9ventuelle toxicit\u00e9 pour la r\u00e9tine&#8230;&nbsp;Les acad\u00e9mies des sciences, de m\u00e9decine et des technologies ont pass\u00e9 en revue les principaux sujets d&rsquo;inqui\u00e9tude quant \u00e0 l&rsquo;exposition des plus jeunes aux \u00e9crans.<\/p>\n\n\n\n<p>Dans un \u00ab\u00a0appel\u00a0\u00bb &#8211; diff\u00e9rent d&rsquo;un rapport exhaustif -, elles refusent de tomber dans la diabolisation des nouvelles technologies, qui \u00ab\u00a0constituent des outils de connaissance et d&rsquo;ouverture sur le monde\u00a0\u00bb si elles sont bien utilis\u00e9es.<\/p>\n\n\n\n<p>Mais les trois acad\u00e9mies, qui ont auditionn\u00e9 12 sp\u00e9cialistes, mettent en garde contre l&rsquo;exc\u00e8s inverse, qui serait un \u00ab\u00a0f\u00e9tichisme\u00a0\u00bb d&rsquo;une soci\u00e9t\u00e9 100% num\u00e9rique forc\u00e9ment meilleure.<\/p>\n\n\n\n<p>En particulier, la \u00ab\u00a0surexposition\u00a0\u00bb aux \u00e9crans et le \u00ab\u00a0m\u00e9susage\u00a0\u00bb qu&rsquo;en font certains enfants et adolescents &#8211; et leurs parents &#8211; sont une source de pr\u00e9occupation.<\/p>\n\n\n\n<p>Chez les moins de trois ans, les auteurs mettent en garde contre un \u00ab\u00a0usage \u00e0 vis\u00e9e exclusivement calmante\u00a0\u00bb des tablettes, t\u00e9l\u00e9visions et autres smartphones, que font certains parents.<\/p>\n\n\n\n<p>\u00ab\u00a0Fascin\u00e9 par les bruits et les lumi\u00e8res vives, totalement passif, le tr\u00e8s jeune enfant peut appara\u00eetre comme d\u00e9j\u00e0 victime d&rsquo;un trouble comportemental: surexposition chez l&rsquo;enfant +scotch\u00e9+ \u00e0 l&rsquo;\u00e9cran et r\u00e9actions de col\u00e8re lors du retrait\u00a0\u00bb, expliquent-ils.<\/p>\n\n\n\n<p>Les parents doivent aussi faire attention \u00e0 leur propre usage des technologies, qui peut modifier leurs r\u00e9actions et leur degr\u00e9 d&rsquo;attention vis-\u00e0-vis de leurs enfants.<\/p>\n\n\n\n<p>\u00ab\u00a0Aujourd&rsquo;hui on n&rsquo;a pas de preuve scientifique que le comportement des parents avec les \u00e9crans entra\u00eene des probl\u00e8me de d\u00e9veloppement social des enfants\u00a0\u00bb, a reconnu Bruno Falissard, membre du groupe de travail \u00e0 l&rsquo;origine de cet appel.<\/p>\n\n\n\n<p>\u00ab\u00a0Mais il y a des signaux\u00a0\u00bb inqui\u00e9tants, qui invitent \u00e0 \u00ab\u00a0se pencher sur le probl\u00e8me\u00a0\u00bb sans attendre d&rsquo;avoir des certitudes, a soulign\u00e9 le p\u00e9dopsychiatre \u00e0 l&rsquo;Inserm au cours d&rsquo;une conf\u00e9rence de presse.<\/p>\n\n\n\n<p>Pour les adolescents, \u00ab\u00a0le probl\u00e8me est tout autant celui du contenu que celui de la quantit\u00e9\u00a0\u00bb de temps pass\u00e9, notent les Acad\u00e9mies.<\/p>\n\n\n\n<p>A c\u00f4t\u00e9 de la question des images violentes ou \u00e0 caract\u00e8re pornographique, elles jugent qu&rsquo;il faut mieux informer les jeunes des \u00ab\u00a0strat\u00e9gies\u00a0\u00bb mises en \u0153uvre par les r\u00e9seaux sociaux et certains jeux vid\u00e9o en ligne pour \u00ab\u00a0retenir l&rsquo;attention des utilisateurs\u00a0\u00bb le plus longtemps possible.<\/p>\n\n\n\n<p>Sur le plan m\u00e9dical, les auteurs rappellent l&rsquo;impact d\u00e9l\u00e9t\u00e8re des \u00e9crans sur la qualit\u00e9 du sommeil, essentielle pour les enfants et leurs apprentissages.<\/p>\n\n\n\n<p>Et penser qu&rsquo;on peut \u00ab\u00a0rattraper\u00a0\u00bb le week-end le sommeil en retard est une id\u00e9e re\u00e7ue. \u00ab\u00a0Au contraire, cela ajoute \u00e0 la d\u00e9synchronisation\u00a0\u00bb de notre horloge&nbsp;interne, a expliqu\u00e9 Yvan Touitou, sp\u00e9cialiste de chronobiologie.<\/p>\n","protected":false},"excerpt":{"rendered":"<p>L&rsquo;usage des \u00e9crans par les enfants et les adolescents doit faire l&rsquo;objet d&rsquo;une \u00ab\u00a0vigilance raisonn\u00e9e\u00a0\u00bb, avertissent mardi trois Acad\u00e9mies, tout en soulignant qu&rsquo;on a encore peu de certitudes sur les effets d\u00e9l\u00e9t\u00e8res de ces technologies. Comportements addictifs, sommeil perturb\u00e9, troubles du d\u00e9veloppement, \u00e9ventuelle toxicit\u00e9 pour la r\u00e9tine&#8230;&nbsp;Les acad\u00e9mies des sciences, de m\u00e9decine et des technologies [&hellip;]<\/p>\n","protected":false},"author":2,"featured_media":12025,"comment_status":"open","ping_status":"open","sticky":false,"template":"","format":"standard","meta":{"_jetpack_memberships_contains_paid_content":false,"footnotes":"","jetpack_publicize_message":"","jetpack_publicize_feature_enabled":true,"jetpack_social_post_already_shared":true,"jetpack_social_options":{"image_generator_settings":{"template":"highway","default_image_id":0,"font":"","enabled":false},"version":2},"_wpas_customize_per_network":false},"categories":[16],"tags":[],"class_list":["post-12024","post","type-post","status-publish","format-standard","has-post-thumbnail","hentry","category-actu-high-tech"],"jetpack_publicize_connections":[],"jetpack_featured_media_url":"https:\/\/i0.wp.com\/www.iceagetv.com\/radiosite\/wp-content\/uploads\/2019\/04\/Enfants-et-%C3%A9crans.jpg?fit=980%2C450&ssl=1","jetpack_sharing_enabled":true,"_links":{"self":[{"href":"https:\/\/www.iceagetv.com\/radiosite\/wp-json\/wp\/v2\/posts\/12024","targetHints":{"allow":["GET"]}}],"collection":[{"href":"https:\/\/www.iceagetv.com\/radiosite\/wp-json\/wp\/v2\/posts"}],"about":[{"href":"https:\/\/www.iceagetv.com\/radiosite\/wp-json\/wp\/v2\/types\/post"}],"author":[{"embeddable":true,"href":"https:\/\/www.iceagetv.com\/radiosite\/wp-json\/wp\/v2\/users\/2"}],"replies":[{"embeddable":true,"href":"https:\/\/www.iceagetv.com\/radiosite\/wp-json\/wp\/v2\/comments?post=12024"}],"version-history":[{"count":1,"href":"https:\/\/www.iceagetv.com\/radiosite\/wp-json\/wp\/v2\/posts\/12024\/revisions"}],"predecessor-version":[{"id":12026,"href":"https:\/\/www.iceagetv.com\/radiosite\/wp-json\/wp\/v2\/posts\/12024\/revisions\/12026"}],"wp:featuredmedia":[{"embeddable":true,"href":"https:\/\/www.iceagetv.com\/radiosite\/wp-json\/wp\/v2\/media\/12025"}],"wp:attachment":[{"href":"https:\/\/www.iceagetv.com\/radiosite\/wp-json\/wp\/v2\/media?parent=12024"}],"wp:term":[{"taxonomy":"category","embeddable":true,"href":"https:\/\/www.iceagetv.com\/radiosite\/wp-json\/wp\/v2\/categories?post=12024"},{"taxonomy":"post_tag","embeddable":true,"href":"https:\/\/www.iceagetv.com\/radiosite\/wp-json\/wp\/v2\/tags?post=12024"}],"curies":[{"name":"wp","href":"https:\/\/api.w.org\/{rel}","templated":true}]}}