{"id":12030,"date":"2019-04-11T17:01:43","date_gmt":"2019-04-11T17:01:43","guid":{"rendered":"http:\/\/www.iceagetv.com\/radiosite\/?p=12030"},"modified":"2019-04-11T17:01:50","modified_gmt":"2019-04-11T17:01:50","slug":"brexit-les-quatre-contreparties-demandees-au-royaume-uni-apres-le-nouveau-report","status":"publish","type":"post","link":"https:\/\/www.iceagetv.com\/radiosite\/brexit-les-quatre-contreparties-demandees-au-royaume-uni-apres-le-nouveau-report\/","title":{"rendered":"Brexit : les quatre contreparties demand\u00e9es au Royaume-Uni apr\u00e8s le nouveau report"},"content":{"rendered":"\n<p>Le sc\u00e9nario d&rsquo;une s\u00e9paration brutale est pour l&rsquo;instant \u00e9cart\u00e9. Les dirigeants europ\u00e9ens et la Premi\u00e8re ministre britannique, Theresa May,&nbsp;<a href=\"https:\/\/www.francetvinfo.fr\/monde\/europe\/la-grande-bretagne-et-l-ue\/brexit-les-dirigeants-europeens-s-accordent-sur-un-report-pouvant-aller-jusqu-au-31-octobre_3275465.html\" target=\"_blank\" rel=\"noreferrer noopener\">se sont mis d&rsquo;accord<\/a>&nbsp;dans la nuit du mercredi 10 au jeudi 11 avril, sur un report du&nbsp;<a href=\"https:\/\/www.francetvinfo.fr\/monde\/europe\/la-grande-bretagne-et-l-ue\/\" target=\"_blank\" rel=\"noreferrer noopener\">Brexit<\/a>. La date butoir est d\u00e9sormais fix\u00e9e au 31 octobre 2019. Un nouveau d\u00e9lai qui implique quelques conditions.<\/p>\n\n\n\n<h2 class=\"wp-block-heading\"><strong>1<\/strong>Il n&rsquo;y aura plus de nouveau report<\/h2>\n\n\n\n<p>Le Conseil europ\u00e9en l&rsquo;\u00e9crit noir sur blanc :&nbsp;<em>\u00ab\u00a0Un tel report doit durer uniquement le temps n\u00e9cessaire, et dans tous les cas, pas au-del\u00e0 du 31 octobre 2019.\u00a0\u00bb \u00ab\u00a0Si l&rsquo;accord de retrait est ratifi\u00e9 par les deux parties avant cette date, le d\u00e9part (du Royaume-Uni) aura lieu le premier jour du mois suivant\u00a0\u00bb<\/em>, pr\u00e9cise le texte.<\/p>\n\n\n\n<h2 class=\"wp-block-heading\"><strong>2<\/strong>Un d\u00e9part le 1er juin si des \u00e9lections europ\u00e9ennes ne sont pas organis\u00e9es<\/h2>\n\n\n\n<p><em>\u00ab\u00a0Si le Royaume-Uni est encore membre de l&rsquo;UE les 23-26 mai&nbsp;<\/em>[dates des \u00e9lections europ\u00e9ennes]<em>&nbsp;et s&rsquo;il n&rsquo;a pas ratifi\u00e9 l&rsquo;accord de retrait d&rsquo;ici le 22 mai, il doit organiser les \u00e9lections du Parlement europ\u00e9en. S&rsquo;il ne remplit pas cette obligation, le d\u00e9part aura lieu le 1er juin\u00a0\u00bb<\/em>, insiste le Conseil europ\u00e9en. Pour l&rsquo;instant, Theresa May croit \u00e0 une sortie avant les \u00e9lections europ\u00e9ennes.&nbsp;<em>\u00ab\u00a0Nous pouvons encore sortir le 22 mai\u00a0\u00bb<\/em>, a-t-elle insist\u00e9&nbsp;dans la nuit de mercredi \u00e0 jeudi.&nbsp;N\u00e9anmoins, elle s&rsquo;est r\u00e9solue \u00e0 lancer les pr\u00e9paratifs pour participer au scrutin europ\u00e9en.<\/p>\n\n\n\n<h2 class=\"wp-block-heading\"><strong>3<\/strong>Pas de (re)n\u00e9gociations sur l&rsquo;accord de retrait, ni sur les futures relations avec l&rsquo;UE<\/h2>\n\n\n\n<p>Par ailleurs, le Conseil europ\u00e9en<em>&nbsp;\u00ab\u00a0r\u00e9affirme que l&rsquo;accord de retrait ne peut \u00eatre ren\u00e9goci\u00e9\u00a0\u00bb<\/em>. En clair,&nbsp;l&rsquo;accord de divorce que Theresa May a conclu avec Bruxelles ne changera pas. C&rsquo;est pourtant ce trait\u00e9 que les d\u00e9put\u00e9s britanniques&nbsp;ont d\u00e9j\u00e0 rejet\u00e9 par trois fois lors des votes organis\u00e9s au sein de leur Parlement.&nbsp;La Premi\u00e8re ministre britannique a annonc\u00e9 qu&rsquo;elle allait s&rsquo;adresser aux d\u00e9put\u00e9s jeudi et la poursuite des discussions avec l&rsquo;opposition travailliste pour tenter de trouver un compromis \u00e0 m\u00eame de rassembler une majorit\u00e9 parlementaire.<\/p>\n\n\n\n<p><em>\u00ab\u00a0Le Conseil europ\u00e9en souligne que la p\u00e9riode de report ne peut \u00eatre utilis\u00e9e pour commencer des n\u00e9gociations sur la future relation\u00a0\u00bb<\/em>&nbsp;entre l&rsquo;UE et Londres, est-il aussi soulign\u00e9 dans les conclusions du texte du Conseil europ\u00e9en.<\/p>\n\n\n\n<h2 class=\"wp-block-heading\"><strong>4<\/strong>Une attitude \u00ab\u00a0responsable et constructive\u00a0\u00bb<\/h2>\n\n\n\n<p>Pendant la dur\u00e9e de ce report,<em>&nbsp;\u00ab\u00a0le Royaume-Uni demeurera un Etat-membre avec la totalit\u00e9 de ses droits et devoirs\u00a0\u00bb<\/em>, mart\u00e8lent les 27 dans l&rsquo;accord.&nbsp;<em>\u00ab\u00a0Le Conseil europ\u00e9en prend note de l&rsquo;engagement du Royaume-Uni d&rsquo;agir de fa\u00e7on responsable et constructive pendant la p\u00e9riode d&rsquo;extension (&#8230;) et attend du Royaume-Uni qu&rsquo;il remplisse cet engagement\u00a0\u00bb<\/em>&nbsp;conform\u00e9ment&nbsp;<em>\u00ab\u00a0\u00e0 son statut de pays sortant\u00a0\u00bb<\/em>, pr\u00e9cise-t-il.<\/p>\n\n\n\n<p>Le Royaume-Uni devra notammen<em>t \u00ab\u00a0s&rsquo;abstenir de toute mesure qui pourrait mettre en p\u00e9ril les objectifs de l&rsquo;Union\u00a0\u00bb.<\/em>&nbsp;Il sera \u00e9galement possible aux 27 de se r\u00e9unir sans le Royaume-Uni&nbsp;<em>\u00ab\u00a0pour discuter de sujets li\u00e9s\u00a0\u00bb<\/em>&nbsp;\u00e0 la p\u00e9riode post-Brexit. Mais, dans le m\u00eame temps, le Royaume-Uni conserve le droit de r\u00e9voquer le processus de sortie de l&rsquo;UE<em>&nbsp;\u00ab\u00a0\u00e0 tout moment\u00a0\u00bb.<\/em><\/p>\n","protected":false},"excerpt":{"rendered":"<p>Le sc\u00e9nario d&rsquo;une s\u00e9paration brutale est pour l&rsquo;instant \u00e9cart\u00e9. Les dirigeants europ\u00e9ens et la Premi\u00e8re ministre britannique, Theresa May,&nbsp;se sont mis d&rsquo;accord&nbsp;dans la nuit du mercredi 10 au jeudi 11 avril, sur un report du&nbsp;Brexit. La date butoir est d\u00e9sormais fix\u00e9e au 31 octobre 2019. Un nouveau d\u00e9lai qui implique quelques conditions. 1Il n&rsquo;y aura [&hellip;]<\/p>\n","protected":false},"author":2,"featured_media":12031,"comment_status":"open","ping_status":"open","sticky":false,"template":"","format":"standard","meta":{"_jetpack_memberships_contains_paid_content":false,"footnotes":"","jetpack_publicize_message":"","jetpack_publicize_feature_enabled":true,"jetpack_social_post_already_shared":true,"jetpack_social_options":{"image_generator_settings":{"template":"highway","default_image_id":0,"font":"","enabled":false},"version":2},"_wpas_customize_per_network":false},"categories":[405],"tags":[],"class_list":["post-12030","post","type-post","status-publish","format-standard","has-post-thumbnail","hentry","category-actu-france-monde"],"jetpack_publicize_connections":[],"jetpack_featured_media_url":"https:\/\/i0.wp.com\/www.iceagetv.com\/radiosite\/wp-content\/uploads\/2019\/04\/Brexit-1.jpg?fit=1197%2C450&ssl=1","jetpack_sharing_enabled":true,"_links":{"self":[{"href":"https:\/\/www.iceagetv.com\/radiosite\/wp-json\/wp\/v2\/posts\/12030","targetHints":{"allow":["GET"]}}],"collection":[{"href":"https:\/\/www.iceagetv.com\/radiosite\/wp-json\/wp\/v2\/posts"}],"about":[{"href":"https:\/\/www.iceagetv.com\/radiosite\/wp-json\/wp\/v2\/types\/post"}],"author":[{"embeddable":true,"href":"https:\/\/www.iceagetv.com\/radiosite\/wp-json\/wp\/v2\/users\/2"}],"replies":[{"embeddable":true,"href":"https:\/\/www.iceagetv.com\/radiosite\/wp-json\/wp\/v2\/comments?post=12030"}],"version-history":[{"count":1,"href":"https:\/\/www.iceagetv.com\/radiosite\/wp-json\/wp\/v2\/posts\/12030\/revisions"}],"predecessor-version":[{"id":12032,"href":"https:\/\/www.iceagetv.com\/radiosite\/wp-json\/wp\/v2\/posts\/12030\/revisions\/12032"}],"wp:featuredmedia":[{"embeddable":true,"href":"https:\/\/www.iceagetv.com\/radiosite\/wp-json\/wp\/v2\/media\/12031"}],"wp:attachment":[{"href":"https:\/\/www.iceagetv.com\/radiosite\/wp-json\/wp\/v2\/media?parent=12030"}],"wp:term":[{"taxonomy":"category","embeddable":true,"href":"https:\/\/www.iceagetv.com\/radiosite\/wp-json\/wp\/v2\/categories?post=12030"},{"taxonomy":"post_tag","embeddable":true,"href":"https:\/\/www.iceagetv.com\/radiosite\/wp-json\/wp\/v2\/tags?post=12030"}],"curies":[{"name":"wp","href":"https:\/\/api.w.org\/{rel}","templated":true}]}}