{"id":12033,"date":"2019-04-11T17:05:30","date_gmt":"2019-04-11T17:05:30","guid":{"rendered":"http:\/\/www.iceagetv.com\/radiosite\/?p=12033"},"modified":"2019-04-11T17:05:36","modified_gmt":"2019-04-11T17:05:36","slug":"pierre-palmade-toujours-en-garde-a-vue-dans-une-affaire-de-viol-voici-les-declarations-de-lhumoristes-aux-policiers-cet-apres-midi","status":"publish","type":"post","link":"https:\/\/www.iceagetv.com\/radiosite\/pierre-palmade-toujours-en-garde-a-vue-dans-une-affaire-de-viol-voici-les-declarations-de-lhumoristes-aux-policiers-cet-apres-midi\/","title":{"rendered":"Pierre Palmade toujours en garde \u00e0 vue dans une affaire de viol : Voici les d\u00e9clarations de l&rsquo;humoristes aux policiers cet apr\u00e8s-midi"},"content":{"rendered":"\n<p><strong>Le site internet de&nbsp;<a href=\"https:\/\/www.closermag.fr\/people\/info-closer-pierre-palmade-accuse-de-viol-ce-qu-il-a-dit-aux-policiers-955697\" target=\"_blank\" rel=\"noreferrer noopener\">Closer<\/a>&nbsp;publie ce soir les d\u00e9clarations de Pierre Palmade cet apr\u00e8s-midi devant les policier:<\/strong><\/p>\n\n\n\n<p>\u00ab\u00a0L&rsquo;humoriste a expliqu\u00e9 aux policiers avoir rencontr\u00e9 un homme cette nuit dans un bar du 3\u00e8me arrondissement de Paris, le Cud. Il l&rsquo;a ensuite invit\u00e9 chez lui pour avoir des relations sexuelles et consommer de la coca\u00efne.&nbsp;<\/p>\n\n\n\n<p>Une fois dans l&rsquo;appartement parisien du com\u00e9dien, le jeune homme, \u00e2g\u00e9 de 20 ans, a fait une crise de d\u00e9mence, durant laquelle il aurait menac\u00e9 de mort Pierre Palmade avant de d\u00e9grader son logement. (&#8230;)<\/p>\n\n\n\n<p>Le jeune homme a ensuite confirm\u00e9 aux enqu\u00eateurs sa rencontre avec Pierre Palmade au Cud, la consommation de coca\u00efne et une relation sexuelle.<\/p>\n\n\n\n<p>Il explique avoir dans un premier temps consenti \u00e0 un rapport sexuel avant de changer d&rsquo;avis, de casser un verre et de menacer l&rsquo;humoriste avec.<\/p>\n\n\n\n<p>N\u00e9 en France, Abdelhamid H. n&rsquo;est pas sans papiers, comme il l&rsquo;aurait affirm\u00e9 \u00e0 Pierre Palmade, mais est sans domicile fixe.\u00a0<\/p>\n\n\n\n<p><strong>CE QUE L&rsquo;ON SAIT A 15H30<\/strong><\/p>\n\n\n\n<p>L&rsquo;humoriste Pierre Palmade et un autre homme ont \u00e9t\u00e9 plac\u00e9s en garde \u00e0 vue jeudi matin \u00e0 Paris dans une enqu\u00eate ouverte notamment pour viol, a-t-on appris aupr\u00e8s du parquet et de source proche du dossier, confirmant une information du Parisien.<\/p>\n\n\n\n<p>L&rsquo;enqu\u00eate de flagrance, ouverte des chefs de \u00ab\u00a0viol, violences sous l&#8217;emprise de stup\u00e9fiants et d\u00e9gradation ou d\u00e9t\u00e9rioration d&rsquo;un bien appartenant \u00e0 autrui\u00a0\u00bb, a \u00e9t\u00e9 confi\u00e9e au 1er district de police judiciaire, selon le parquet de Paris.<\/p>\n\n\n\n<p>Le com\u00e9dien \u00ab\u00a0a appel\u00e9 la police jeudi matin car son appartement avait \u00e9t\u00e9 mis sens dessus-dessous par la deuxi\u00e8me personne et quand les policiers sont arriv\u00e9s, cette derni\u00e8re a justifi\u00e9 ces d\u00e9gradations en disant qu&rsquo;elle avait \u00e9t\u00e9 viol\u00e9e\u00a0\u00bb, a expliqu\u00e9 \u00e0 l&rsquo;AFP la source proche du dossier, qui a invit\u00e9 \u00e0 la prudence en l&rsquo;\u00e9tat des investigations.<\/p>\n\n\n\n<p>Les deux hommes ont \u00e9t\u00e9 plac\u00e9s en garde \u00e0 vue vers 9H00 au commissariat du 3e arrondissement de Paris.<\/p>\n\n\n\n<p>Cette affaire intervient alors que le com\u00e9dien de 51 ans s&rsquo;appr\u00eatait \u00e0 reformer fin avril \u00e0 Paris sa troupe de caf\u00e9-th\u00e9\u00e2tre, cr\u00e9\u00e9e en 2005 et dissoute en 2017.<br><a rel=\"noreferrer noopener\" href=\"https:\/\/www.bfmtv.com\/police-justice\/pierre-palmade-place-en-garde-a-vue-dans-une-enquete-pour-agression-sexuelle-1670778.html\" target=\"_blank\">BFM TV<\/a>\u00a0rapporte que\u00a0Pierre Palmade \u00ab\u00a0a invit\u00e9 hier un ami \u00e0 passer la soir\u00e9e chez lui et les choses ont d\u00e9g\u00e9n\u00e9r\u00e9.\u00a0\u00bb L&rsquo;un accuse l&rsquo;humoriste d&rsquo;avoir voulu l&rsquo;agresser sexuellement, l&rsquo;autre parle d&rsquo;altercation, pr\u00e9cise-t-on. Et d&rsquo;ajouter que c&rsquo;est Pierre Palmade lui-m\u00eame qui a appel\u00e9 la police.<\/p>\n\n\n\n<p>Pierre Palmade a \u00e9t\u00e9 plac\u00e9 garde \u00e0 vue ce matin peu avant 10h dans une affaire de viol pr\u00e9sum\u00e9, rapporte Le&nbsp;<a href=\"http:\/\/www.leparisien.fr\/faits-divers\/pierre-palmade-en-garde-a-vue-dans-une-affaire-de-viol-presume-11-04-2019-8051127.php\" target=\"_blank\" rel=\"noreferrer noopener\">Parisien<\/a>. L&rsquo;humoriste, qui est interrog\u00e9 dans les locaux du commissariat du 3e arrondissement de Paris, est mis en cause dans une affaire de viol pr\u00e9sum\u00e9 sur un jeune homme, ainsi que pour usage de produits stup\u00e9fiants.<\/p>\n\n\n\n<p>L&rsquo;enqu\u00eate a \u00e9t\u00e9 reprise par le premier district de la Police judiciaire, pr\u00e9cisent nos confr\u00e8res.<\/p>\n\n\n\n<p>Une personne \u00e2g\u00e9e d&rsquo;une vingtaine d&rsquo;ann\u00e9es est \u00e9galement entendue dans cette enqu\u00eate, ajoute FranceInfo de son c\u00f4t\u00e9<\/p>\n","protected":false},"excerpt":{"rendered":"<p>Le site internet de&nbsp;Closer&nbsp;publie ce soir les d\u00e9clarations de Pierre Palmade cet apr\u00e8s-midi devant les policier: \u00ab\u00a0L&rsquo;humoriste a expliqu\u00e9 aux policiers avoir rencontr\u00e9 un homme cette nuit dans un bar du 3\u00e8me arrondissement de Paris, le Cud. Il l&rsquo;a ensuite invit\u00e9 chez lui pour avoir des relations sexuelles et consommer de la coca\u00efne.&nbsp; Une fois [&hellip;]<\/p>\n","protected":false},"author":2,"featured_media":12034,"comment_status":"open","ping_status":"open","sticky":false,"template":"","format":"standard","meta":{"_jetpack_memberships_contains_paid_content":false,"footnotes":"","jetpack_publicize_message":"","jetpack_publicize_feature_enabled":true,"jetpack_social_post_already_shared":true,"jetpack_social_options":{"image_generator_settings":{"template":"highway","default_image_id":0,"font":"","enabled":false},"version":2},"_wpas_customize_per_network":false},"categories":[68],"tags":[],"class_list":["post-12033","post","type-post","status-publish","format-standard","has-post-thumbnail","hentry","category-actu-culturelle"],"jetpack_publicize_connections":[],"jetpack_featured_media_url":"https:\/\/i0.wp.com\/www.iceagetv.com\/radiosite\/wp-content\/uploads\/2019\/04\/Pierre-Palmade.jpg?fit=750%2C324&ssl=1","jetpack_sharing_enabled":true,"_links":{"self":[{"href":"https:\/\/www.iceagetv.com\/radiosite\/wp-json\/wp\/v2\/posts\/12033","targetHints":{"allow":["GET"]}}],"collection":[{"href":"https:\/\/www.iceagetv.com\/radiosite\/wp-json\/wp\/v2\/posts"}],"about":[{"href":"https:\/\/www.iceagetv.com\/radiosite\/wp-json\/wp\/v2\/types\/post"}],"author":[{"embeddable":true,"href":"https:\/\/www.iceagetv.com\/radiosite\/wp-json\/wp\/v2\/users\/2"}],"replies":[{"embeddable":true,"href":"https:\/\/www.iceagetv.com\/radiosite\/wp-json\/wp\/v2\/comments?post=12033"}],"version-history":[{"count":1,"href":"https:\/\/www.iceagetv.com\/radiosite\/wp-json\/wp\/v2\/posts\/12033\/revisions"}],"predecessor-version":[{"id":12035,"href":"https:\/\/www.iceagetv.com\/radiosite\/wp-json\/wp\/v2\/posts\/12033\/revisions\/12035"}],"wp:featuredmedia":[{"embeddable":true,"href":"https:\/\/www.iceagetv.com\/radiosite\/wp-json\/wp\/v2\/media\/12034"}],"wp:attachment":[{"href":"https:\/\/www.iceagetv.com\/radiosite\/wp-json\/wp\/v2\/media?parent=12033"}],"wp:term":[{"taxonomy":"category","embeddable":true,"href":"https:\/\/www.iceagetv.com\/radiosite\/wp-json\/wp\/v2\/categories?post=12033"},{"taxonomy":"post_tag","embeddable":true,"href":"https:\/\/www.iceagetv.com\/radiosite\/wp-json\/wp\/v2\/tags?post=12033"}],"curies":[{"name":"wp","href":"https:\/\/api.w.org\/{rel}","templated":true}]}}