{"id":12049,"date":"2019-04-13T16:43:01","date_gmt":"2019-04-13T16:43:01","guid":{"rendered":"http:\/\/www.iceagetv.com\/radiosite\/?p=12049"},"modified":"2019-04-13T16:43:09","modified_gmt":"2019-04-13T16:43:09","slug":"gilets-jaunes-nouvelles-tensions-place-de-la-republique-a-paris-alors-que-les-affrontements-se-poursuivent-a-toulouse","status":"publish","type":"post","link":"https:\/\/www.iceagetv.com\/radiosite\/gilets-jaunes-nouvelles-tensions-place-de-la-republique-a-paris-alors-que-les-affrontements-se-poursuivent-a-toulouse\/","title":{"rendered":"Gilets Jaunes : Nouvelles tensions Place de la R\u00e9publique \u00e0 Paris alors que les affrontements se poursuivent \u00e0 Toulouse"},"content":{"rendered":"\n<p><strong>Nouvelles tensions Place de la R\u00e9publique \u00e0 Paris alors que les affrontements se poursuivent \u00e0 Toulouse<\/strong><\/p>\n\n\n\n<p>Le chef de file des Insoumis, Jean-Luc M\u00e9lenchon, manifeste \u00e0 Paris aupr\u00e8s des gilets jaunes. Sur Twitter, il a d\u00e9clar\u00e9 \u00eatre dans la rue \u00ab\u00a0pour d\u00e9fendre les libert\u00e9s publiques et le droit de manifeste<br><strong>Feu de voiture et affrontements une nouvelle fois \u00e0 Toulouse alors que les manifestants ne veulent pas quitter les lieux<\/strong><\/p>\n\n\n\n<p>Quelques milliers de \u00ab\u00a0gilets jaunes\u00a0\u00bb manifestent samedi pour l&rsquo;acte 22 du mouvement, principalement \u00e0 Toulouse, \u00ab\u00a0capitale\u00a0\u00bb d&rsquo;un jour, o\u00f9 la tension est mont\u00e9e en d\u00e9but d&rsquo;apr\u00e8s-midi entre police et manifestants, peu avant des annonces d&rsquo;Emmanuel Macron cens\u00e9es mettre un terme \u00e0 une crise de pr\u00e8s de cinq mois.<\/p>\n\n\n\n<p>\u00ab\u00a0Le grand d\u00e9bat, grand blabla\u00a0\u00bb, \u00ab\u00a0Macron on n&rsquo;attend rien de vos annonces\u00a0\u00bb, pouvait-on lire sur les pancartes du petit cort\u00e8ge parisien. \u00ab\u00a0Pour que le mouvement s&rsquo;arr\u00eate il faudrait qu&rsquo;il annonce le RIC (r\u00e9f\u00e9rendum d&rsquo;initiative citoyenne) et la baisse de la TVA sur les produits de premi\u00e8re n\u00e9cessit\u00e9\u00a0\u00bb, explique Phil, un brancardier de 58 ans, protestataire depuis le premier jour du mouvement, le 17 novembre.<\/p>\n\n\n\n<p>A Toulouse, \u00ab\u00a0capitale\u00a0\u00bb du jour pour les manifestants, la tension est un peu mont\u00e9e entre le cort\u00e8ge et les forces de l&rsquo;ordre, qui ont lanc\u00e9 gaz lacrymog\u00e8nes et grenades assourdissantes pour r\u00e9duire le p\u00e9rim\u00e8tre de la manifestation, interdite de centre-ville et de place du Capitole. En d\u00e9but d&rsquo;apr\u00e8s-midi, dans le centre, une remorque de chantier et une camionnette ont \u00e9t\u00e9 incendi\u00e9es.<\/p>\n\n\n\n<p>\u00ab\u00a0Vous avez vu: tout se passait bien et ils nous gazent\u00a0\u00bb s&rsquo;est indign\u00e9 aupr\u00e8s de l&rsquo;AFP Maxime Nicolle, dit Fly Rider, une des figures du mouvement, venu en renfort dans la ville, tout comme Priscillia Ludosky, autre figure des \u00ab\u00a0gilets jaunes\u00a0\u00bb.<\/p>\n\n\n\n<p>Cette manifestation, comme celles de Bordeaux (quelques centaines de personnes), Laval (environ 400), sont les premi\u00e8res \u00e0 se d\u00e9rouler sous le coup de la loi anticasseurs, particuli\u00e8rement cibl\u00e9e par les \u00ab\u00a0gilets jaunes\u00a0\u00bb. Le texte laisse au pouvoir \u00ab\u00a0encore plus la libert\u00e9 de faire tout et n&rsquo;importe quoi\u00a0\u00bb contre le mouvement, a d\u00e9plor\u00e9 Mme Ludosky.<\/p>\n\n\n\n<p>\u00ab\u00a0Ma libert\u00e9 de donner mon opinion aujourd&rsquo;hui elle m&rsquo;est interdite, si je me masque le visage on peut me mettre en garde \u00e0 vue, je suis scandalis\u00e9e\u00a0\u00bb, s&rsquo;indigne dans le cort\u00e8ge toulousain Pauline, une trentenaire \u00ab\u00a0gilet jaune\u00a0\u00bb de la premi\u00e8re heure, venue de l&rsquo;Ari\u00e8ge voisine.<\/p>\n\n\n\n<p>Pour Sophie Tissier, autre personnalit\u00e9 du mouvement, qui manifeste \u00e0 Paris, \u00ab\u00a0cette loi est une atteinte \u00e0 notre droit de manifester\u00a0\u00bb et \u00ab\u00a0va ouvrir la voie \u00e0 des d\u00e9rives de la part de la police\u00a0\u00bb.<\/p>\n\n\n\n<p><strong>7.500 manifestants en France dont 1.300&nbsp; \u00e0 Paris \u00e0 14h selon Minist\u00e8re de l&rsquo;Int\u00e9rieur<\/strong><\/p>\n\n\n\n<p>La Pr\u00e9fecture de Police de Paris annonce que plus de 5.800 contr\u00f4les pr\u00e9ventifs ont \u00e9t\u00e9 effectu\u00e9s \u00e0 Paris et 15 personnes ont \u00e9t\u00e9 interpell\u00e9es<br><strong>A Toulouse, la police ordonne la dispersion et utilise le canon \u00e0 eau et les gaz lacrymog\u00e8ne face au refus des manifestants<\/strong><br>De nombreux \u00ab\u00a0gilets jaunes\u00a0\u00bb gagnent actuellement la place de la R\u00e9publique, \u00e0 Paris, o\u00f9 une quarantaine d&rsquo;organisations, dont la CGT et la Ligue des droits de l&rsquo;Homme, appellent \u00e0 manifester contre la loi \u00ab\u00a0anti-casseurs\u00a0\u00bb promulgu\u00e9e cette semaine. Ce texte est vivement d\u00e9nonc\u00e9 comme percutant les libert\u00e9s d&rsquo;aller et venir, le droit d&rsquo;expression collectif et de r\u00e9union, qui sont prot\u00e9g\u00e9s par la Constitution.<br>Les forces de l\u2019ordre ont avanc\u00e9 pour r\u00e9duire le p\u00e9rim\u00e8tre, en lan\u00e7ant des gaz lacrymog\u00e8nes et des grenades assourdissantes. Des manifestants restaient sur place dans un face-\u00e0-face tendu, \u00e9maill\u00e9 de tirs de projectiles vers les forces de l\u2019ordre, d\u2019autres se dispersant. En d\u00e9but d\u2019apr\u00e8s-midi, une remorque de chantier et une camionnette ont \u00e9t\u00e9 incendi\u00e9es.<br><strong>Vous avez vu : tout se passait bien et ils nous gazent\u00a0\u00bb, s&rsquo;est indign\u00e9 aupr\u00e8s de l&rsquo;AFP Fly Rider-Maxime Nicolle, une des figures du mouvement, venu\u00a0 \u00e0 Toulouse.<\/strong>\u00a0Moins d&rsquo;une heure apr\u00e8s le d\u00e9part du cort\u00e8ge, de premi\u00e8res images diffus\u00e9es sur les r\u00e9seaux sociaux et les cha\u00eenes d&rsquo;information en continu montraient des heurts entre des manifestants ne portant pas syst\u00e9matiquement de \u00ab\u00a0gilets jaunes\u00a0\u00bb et les forces de l&rsquo;ordre, faisant usage de gaz lacrymog\u00e8ne, ainsi que du mobilier urbain br\u00fbl\u00e9 ou \u00e9rig\u00e9 en barricades.<\/p>\n","protected":false},"excerpt":{"rendered":"<p>Nouvelles tensions Place de la R\u00e9publique \u00e0 Paris alors que les affrontements se poursuivent \u00e0 Toulouse Le chef de file des Insoumis, Jean-Luc M\u00e9lenchon, manifeste \u00e0 Paris aupr\u00e8s des gilets jaunes. Sur Twitter, il a d\u00e9clar\u00e9 \u00eatre dans la rue \u00ab\u00a0pour d\u00e9fendre les libert\u00e9s publiques et le droit de manifesteFeu de voiture et affrontements une [&hellip;]<\/p>\n","protected":false},"author":2,"featured_media":12050,"comment_status":"open","ping_status":"open","sticky":false,"template":"","format":"standard","meta":{"_jetpack_memberships_contains_paid_content":false,"footnotes":"","jetpack_publicize_message":"","jetpack_publicize_feature_enabled":true,"jetpack_social_post_already_shared":true,"jetpack_social_options":{"image_generator_settings":{"template":"highway","default_image_id":0,"font":"","enabled":false},"version":2},"_wpas_customize_per_network":false},"categories":[405],"tags":[],"class_list":["post-12049","post","type-post","status-publish","format-standard","has-post-thumbnail","hentry","category-actu-france-monde"],"jetpack_publicize_connections":[],"jetpack_featured_media_url":"https:\/\/i0.wp.com\/www.iceagetv.com\/radiosite\/wp-content\/uploads\/2019\/04\/Gilets-Jaunes-affrotemnt-a-toulouse.jpeg?fit=1024%2C576&ssl=1","jetpack_sharing_enabled":true,"_links":{"self":[{"href":"https:\/\/www.iceagetv.com\/radiosite\/wp-json\/wp\/v2\/posts\/12049","targetHints":{"allow":["GET"]}}],"collection":[{"href":"https:\/\/www.iceagetv.com\/radiosite\/wp-json\/wp\/v2\/posts"}],"about":[{"href":"https:\/\/www.iceagetv.com\/radiosite\/wp-json\/wp\/v2\/types\/post"}],"author":[{"embeddable":true,"href":"https:\/\/www.iceagetv.com\/radiosite\/wp-json\/wp\/v2\/users\/2"}],"replies":[{"embeddable":true,"href":"https:\/\/www.iceagetv.com\/radiosite\/wp-json\/wp\/v2\/comments?post=12049"}],"version-history":[{"count":1,"href":"https:\/\/www.iceagetv.com\/radiosite\/wp-json\/wp\/v2\/posts\/12049\/revisions"}],"predecessor-version":[{"id":12051,"href":"https:\/\/www.iceagetv.com\/radiosite\/wp-json\/wp\/v2\/posts\/12049\/revisions\/12051"}],"wp:featuredmedia":[{"embeddable":true,"href":"https:\/\/www.iceagetv.com\/radiosite\/wp-json\/wp\/v2\/media\/12050"}],"wp:attachment":[{"href":"https:\/\/www.iceagetv.com\/radiosite\/wp-json\/wp\/v2\/media?parent=12049"}],"wp:term":[{"taxonomy":"category","embeddable":true,"href":"https:\/\/www.iceagetv.com\/radiosite\/wp-json\/wp\/v2\/categories?post=12049"},{"taxonomy":"post_tag","embeddable":true,"href":"https:\/\/www.iceagetv.com\/radiosite\/wp-json\/wp\/v2\/tags?post=12049"}],"curies":[{"name":"wp","href":"https:\/\/api.w.org\/{rel}","templated":true}]}}