{"id":12055,"date":"2019-04-14T09:18:31","date_gmt":"2019-04-14T09:18:31","guid":{"rendered":"http:\/\/www.iceagetv.com\/radiosite\/?p=12055"},"modified":"2019-04-14T09:18:32","modified_gmt":"2019-04-14T09:18:32","slug":"archives-doutre-mer-1994-lucette-michaux-chevry-emue-aux-larmes-au-rwanda","status":"publish","type":"post","link":"https:\/\/www.iceagetv.com\/radiosite\/archives-doutre-mer-1994-lucette-michaux-chevry-emue-aux-larmes-au-rwanda\/","title":{"rendered":"Archives d&rsquo;Outre-mer &#8211; 1994 : Lucette Michaux-Chevry \u00e9mue aux larmes au Rwanda"},"content":{"rendered":"\n<p>Le g\u00e9nocide rwandais a fait au moins 800 000 victimes d\u2019avril \u00e0 juillet 1994. Lucette Michaux-Chevry\u00a0est alors ministre charg\u00e9e de l&rsquo;Action humanitaire et des Droits de l&rsquo;homme. Les archives d&rsquo;Outre-mer vous proposent de la suivre lors d&rsquo;un d\u00e9placement bouleversant, li\u00e9 au drame, en ao\u00fbt 1994.<\/p>\n\n\n\n<p>\n\nIl y a 25 ans, l&rsquo;assassinat des pr\u00e9sidents rwandais et burundais dans un crash a\u00e9rien, le 6 avril 1994, d\u00e9clenche trois mois de g\u00e9nocide au Rwanda, essentiellement au sein de la minorit\u00e9 Tutsi.<\/p>\n\n\n\n<p>La France lance l&rsquo;op\u00e9ration Turquoise en juin 1994 pour \u00ab\u00a0faire cesser les massacres et prot\u00e9ger les populations\u00a0\u00bb. Fran\u00e7ois L\u00e9otard, ministre de la D\u00e9fense, et Lucette Michaux Chevry font un premier voyage au Rwanda fin juin 1994. Ils y retournent en ao\u00fbt, accompagnant le Premier ministre,&nbsp;Edouard Balladur, lors de sa visite de la Zone humanitaire s\u00fbre (ZHS), mise en place par les militaires fran\u00e7ais, \u00e0 Cyangugu&nbsp;dans la Province Ouest du Rwanda.<br><\/p>\n\n\n\n<h2 class=\"wp-block-heading\">\u00ab\u00a0Un minist\u00e8re qui sert \u00e0 rien du tout\u00a0\u00bb<\/h2>\n\n\n\n<p>Lucette Michaux-Chevry est boulevers\u00e9e. La ministre guadeloup\u00e9enne se retourne pudiquement pour essuyer ses larmes, dos \u00e0 la cam\u00e9ra.&nbsp;Elle sort d&rsquo;un orphelinat recueillant des enfants rwandais, survivants du g\u00e9nocide, \u00e0 Goma au Za\u00efre (aujourd&rsquo;hui la R\u00e9publique D\u00e9mocratique du Congo). Elle a conscience du manque de moyens, que l&rsquo;aide apport\u00e9e par son minist\u00e8re est une goutte d&rsquo;eau. Elle est tr\u00e8s \u00e9mue.<\/p>\n\n\n\n<blockquote class=\"wp-block-quote is-layout-flow wp-block-quote-is-layout-flow\"><p>Ces enfants, qui vous regardent, les yeux pleins de larmes&#8230; Et, je crois, qu&rsquo;ils nous accusent. C&rsquo;est \u00e7a, qui m&rsquo;a choqu\u00e9. J&rsquo;ai le sentiment d&rsquo;\u00eatre coupable devant ces enfants.<br><br><strong>Lucette Michaux-Chevry<\/strong>, ministre d\u00e9l\u00e9gu\u00e9e charg\u00e9e de l&rsquo;Action humanitaire et des Droits de l&rsquo;homme (1993-1995)<\/p><\/blockquote>\n","protected":false},"excerpt":{"rendered":"<p>Le g\u00e9nocide rwandais a fait au moins 800 000 victimes d\u2019avril \u00e0 juillet 1994. Lucette Michaux-Chevry\u00a0est alors ministre charg\u00e9e de l&rsquo;Action humanitaire et des Droits de l&rsquo;homme. Les archives d&rsquo;Outre-mer vous proposent de la suivre lors d&rsquo;un d\u00e9placement bouleversant, li\u00e9 au drame, en ao\u00fbt 1994. Il y a 25 ans, l&rsquo;assassinat des pr\u00e9sidents rwandais et [&hellip;]<\/p>\n","protected":false},"author":2,"featured_media":12056,"comment_status":"open","ping_status":"open","sticky":false,"template":"","format":"standard","meta":{"_jetpack_memberships_contains_paid_content":false,"footnotes":"","jetpack_publicize_message":"","jetpack_publicize_feature_enabled":true,"jetpack_social_post_already_shared":true,"jetpack_social_options":{"image_generator_settings":{"template":"highway","default_image_id":0,"font":"","enabled":false},"version":2},"_wpas_customize_per_network":false},"categories":[2585],"tags":[],"class_list":["post-12055","post","type-post","status-publish","format-standard","has-post-thumbnail","hentry","category-actu-outre-mer"],"jetpack_publicize_connections":[],"jetpack_featured_media_url":"https:\/\/i0.wp.com\/www.iceagetv.com\/radiosite\/wp-content\/uploads\/2019\/04\/1994-Lucette-Michaux-Chevry-%C3%A9mue-aux-larmes-au-Rwanda.jpg?fit=660%2C371&ssl=1","jetpack_sharing_enabled":true,"_links":{"self":[{"href":"https:\/\/www.iceagetv.com\/radiosite\/wp-json\/wp\/v2\/posts\/12055","targetHints":{"allow":["GET"]}}],"collection":[{"href":"https:\/\/www.iceagetv.com\/radiosite\/wp-json\/wp\/v2\/posts"}],"about":[{"href":"https:\/\/www.iceagetv.com\/radiosite\/wp-json\/wp\/v2\/types\/post"}],"author":[{"embeddable":true,"href":"https:\/\/www.iceagetv.com\/radiosite\/wp-json\/wp\/v2\/users\/2"}],"replies":[{"embeddable":true,"href":"https:\/\/www.iceagetv.com\/radiosite\/wp-json\/wp\/v2\/comments?post=12055"}],"version-history":[{"count":1,"href":"https:\/\/www.iceagetv.com\/radiosite\/wp-json\/wp\/v2\/posts\/12055\/revisions"}],"predecessor-version":[{"id":12057,"href":"https:\/\/www.iceagetv.com\/radiosite\/wp-json\/wp\/v2\/posts\/12055\/revisions\/12057"}],"wp:featuredmedia":[{"embeddable":true,"href":"https:\/\/www.iceagetv.com\/radiosite\/wp-json\/wp\/v2\/media\/12056"}],"wp:attachment":[{"href":"https:\/\/www.iceagetv.com\/radiosite\/wp-json\/wp\/v2\/media?parent=12055"}],"wp:term":[{"taxonomy":"category","embeddable":true,"href":"https:\/\/www.iceagetv.com\/radiosite\/wp-json\/wp\/v2\/categories?post=12055"},{"taxonomy":"post_tag","embeddable":true,"href":"https:\/\/www.iceagetv.com\/radiosite\/wp-json\/wp\/v2\/tags?post=12055"}],"curies":[{"name":"wp","href":"https:\/\/api.w.org\/{rel}","templated":true}]}}