{"id":12062,"date":"2019-04-15T18:37:07","date_gmt":"2019-04-15T18:37:07","guid":{"rendered":"http:\/\/www.iceagetv.com\/radiosite\/?p=12062"},"modified":"2019-04-15T18:43:48","modified_gmt":"2019-04-15T18:43:48","slug":"un-incendie-en-cours-a-notre-dame-de-paris","status":"publish","type":"post","link":"https:\/\/www.iceagetv.com\/radiosite\/un-incendie-en-cours-a-notre-dame-de-paris\/","title":{"rendered":"Un incendie en cours \u00e0 Notre-Dame de Paris"},"content":{"rendered":"\n<p><a href=\"http:\/\/www.lefigaro.fr\/culture\/la-fleche-de-notre-dame-de-paris-en-proie-a-un-gigantesque-incendie-20190415\">Un important incendie \u00e9tait en cours ce lundi en toute fin d&rsquo;apr\u00e8s-midi \u00e0 la cath\u00e9drale Notre-Dame-de-Paris<\/a>. Un porte-parole des pompiers de Paris a fait \u00e9tat d&rsquo;un \u00ab\u00a0d\u00e9part de feu dans les combles de Notre-Dame\u00a0\u00bb et pr\u00e9cis\u00e9 que d&rsquo;importants moyens d&rsquo;intervention \u00e9taient mobilis\u00e9s.<br>La cath\u00e9drale est le monument historique le plus visit\u00e9 d&rsquo;Europe, ont indiqu\u00e9 les pompiers. Selon le porte-parole de Notre-Dame, l&rsquo;incendie se serait d\u00e9clar\u00e9 aux alentours de 18h50.<\/p>\n\n\n\n<h2 class=\"wp-block-heading\">Seize statues avaient \u00e9t\u00e9 d\u00e9croch\u00e9es de la fl\u00e8che et sont donc \u00e9pargn\u00e9es<\/h2>\n\n\n\n<p>Par un heureux hasard de calendrier, seize statues de cuivre avaient \u00e9t\u00e9 d\u00e9croch\u00e9es de la fl\u00e8che le 11 avril dernier afin d&rsquo;\u00eatre restaur\u00e9es. Elles ont donc \u00e9t\u00e9 \u00e9pargn\u00e9es par l&rsquo;incendie.<\/p>\n\n\n\n<p>Ces statues de 3 m\u00e8tres de haut, qui p\u00e8sent environ 250 kilos, ont pris le chemin de P\u00e9rigueux, en Dordogne. Elles \u00e9taient cens\u00e9es \u00eatre restaur\u00e9es avant de retrouver d\u00e9finitivement leur place sur la fl\u00e8che en 2022.<\/p>\n\n\n\n<h2 class=\"wp-block-heading\">Emmanuel Macron est arriv\u00e9 sur place<\/h2>\n\n\n\n<p>Emmanuel Macron vient d&rsquo;arriver sur place.<\/p>\n\n\n\n<p><br><strong>NOTRE_DAME\u00a0<\/strong>L&rsquo;organisation des Nations-Unies pour la culture, l&rsquo;Unesco, se tient au<em>x \u00ab\u00a0c\u00f4t\u00e9s de la France pour sauvegarder et r\u00e9habiliter ce patrimoine inestimable\u00a0\u00bb\u00a0<\/em>qu&rsquo;est la cath\u00e9drale Notre-Dame, tweete sa directrice g\u00e9n\u00e9rale Audrey Azoulay.<br><\/p>\n","protected":false},"excerpt":{"rendered":"<p>Un important incendie \u00e9tait en cours ce lundi en toute fin d&rsquo;apr\u00e8s-midi \u00e0 la cath\u00e9drale Notre-Dame-de-Paris. Un porte-parole des pompiers de Paris a fait \u00e9tat d&rsquo;un \u00ab\u00a0d\u00e9part de feu dans les combles de Notre-Dame\u00a0\u00bb et pr\u00e9cis\u00e9 que d&rsquo;importants moyens d&rsquo;intervention \u00e9taient mobilis\u00e9s.La cath\u00e9drale est le monument historique le plus visit\u00e9 d&rsquo;Europe, ont indiqu\u00e9 les pompiers. [&hellip;]<\/p>\n","protected":false},"author":2,"featured_media":12063,"comment_status":"open","ping_status":"open","sticky":false,"template":"","format":"standard","meta":{"_jetpack_memberships_contains_paid_content":false,"footnotes":"","jetpack_publicize_message":"","jetpack_publicize_feature_enabled":true,"jetpack_social_post_already_shared":true,"jetpack_social_options":{"image_generator_settings":{"template":"highway","default_image_id":0,"font":"","enabled":false},"version":2},"_wpas_customize_per_network":false},"categories":[405],"tags":[],"class_list":["post-12062","post","type-post","status-publish","format-standard","has-post-thumbnail","hentry","category-actu-france-monde"],"jetpack_publicize_connections":[],"jetpack_featured_media_url":"https:\/\/i0.wp.com\/www.iceagetv.com\/radiosite\/wp-content\/uploads\/2019\/04\/Incendie-%C3%A0-Notre-Dame.jpg?fit=680%2C382&ssl=1","jetpack_sharing_enabled":true,"_links":{"self":[{"href":"https:\/\/www.iceagetv.com\/radiosite\/wp-json\/wp\/v2\/posts\/12062","targetHints":{"allow":["GET"]}}],"collection":[{"href":"https:\/\/www.iceagetv.com\/radiosite\/wp-json\/wp\/v2\/posts"}],"about":[{"href":"https:\/\/www.iceagetv.com\/radiosite\/wp-json\/wp\/v2\/types\/post"}],"author":[{"embeddable":true,"href":"https:\/\/www.iceagetv.com\/radiosite\/wp-json\/wp\/v2\/users\/2"}],"replies":[{"embeddable":true,"href":"https:\/\/www.iceagetv.com\/radiosite\/wp-json\/wp\/v2\/comments?post=12062"}],"version-history":[{"count":2,"href":"https:\/\/www.iceagetv.com\/radiosite\/wp-json\/wp\/v2\/posts\/12062\/revisions"}],"predecessor-version":[{"id":12065,"href":"https:\/\/www.iceagetv.com\/radiosite\/wp-json\/wp\/v2\/posts\/12062\/revisions\/12065"}],"wp:featuredmedia":[{"embeddable":true,"href":"https:\/\/www.iceagetv.com\/radiosite\/wp-json\/wp\/v2\/media\/12063"}],"wp:attachment":[{"href":"https:\/\/www.iceagetv.com\/radiosite\/wp-json\/wp\/v2\/media?parent=12062"}],"wp:term":[{"taxonomy":"category","embeddable":true,"href":"https:\/\/www.iceagetv.com\/radiosite\/wp-json\/wp\/v2\/categories?post=12062"},{"taxonomy":"post_tag","embeddable":true,"href":"https:\/\/www.iceagetv.com\/radiosite\/wp-json\/wp\/v2\/tags?post=12062"}],"curies":[{"name":"wp","href":"https:\/\/api.w.org\/{rel}","templated":true}]}}