{"id":12069,"date":"2019-04-16T16:11:18","date_gmt":"2019-04-16T16:11:18","guid":{"rendered":"http:\/\/www.iceagetv.com\/radiosite\/?p=12069"},"modified":"2019-04-16T16:11:25","modified_gmt":"2019-04-16T16:11:25","slug":"grand-debat-national-ric-impots-isf-ce-quemmanuel-macron-aurait-du-annoncer-lors-de-son-allocution","status":"publish","type":"post","link":"https:\/\/www.iceagetv.com\/radiosite\/grand-debat-national-ric-impots-isf-ce-quemmanuel-macron-aurait-du-annoncer-lors-de-son-allocution\/","title":{"rendered":"Grand d\u00e9bat national: RIC, imp\u00f4ts, ISF&#8230; Ce qu&rsquo;Emmanuel Macron aurait d\u00fb annoncer lors de son allocution"},"content":{"rendered":"\n<p>Qu\u2019est-ce qui va ressortir du&nbsp;<a href=\"https:\/\/www.20minutes.fr\/societe\/grand-debat-national\/\">grand d\u00e9bat national<\/a>&nbsp;?&nbsp;Ce mardi, une partie des r\u00e9ponses a&nbsp;\u00e9t\u00e9 apport\u00e9e&nbsp;par l\u2019AFP, qui a obtenu une copie du discours d\u2019Emmanuel Macron. Le chef de l\u2019Etat avait d\u00fb&nbsp;<a href=\"https:\/\/www.20minutes.fr\/politique\/2497463-20190415-grand-debat-emmanuel-macron-reporte-allocution-cause-incendie-dame\">reporter son allocution<\/a>&nbsp;pr\u00e9vue lundi apr\u00e8s qu\u2019un incendie s\u2019est d\u00e9clar\u00e9 \u00e0 Notre-Dame de Paris.&nbsp;<em>20 Minutes<\/em>&nbsp;fait le point sur les annonces pr\u00e9sidentielles.<\/p>\n\n\n\n<h2 class=\"wp-block-heading\">Une baisse des imp\u00f4ts&nbsp;pour les classes moyennes\u2026 et des corrections sur l\u2019ISF<\/h2>\n\n\n\n<p><a href=\"https:\/\/www.20minutes.fr\/politique\/emmanuel-macron\/\">Emmanuel Macron<\/a>&nbsp;souhaite \u00ab&nbsp;baisser les imp\u00f4ts des classes moyennes&nbsp;\u00bb en finan\u00e7ant cette mesure notamment par la \u00ab&nbsp;suppression de certaines niches fiscales&nbsp;\u00bb.&nbsp;Le pr\u00e9sident de la R\u00e9publique demande aussi une \u00ab&nbsp;\u00e9valuation objective&nbsp;\u00bb de&nbsp;<a href=\"https:\/\/www.20minutes.fr\/economie\/isf\/\">l\u2019ISF<\/a>&nbsp;d\u00e8s le d\u00e9but de l\u2019ann\u00e9e 2020, sur la base de laquelle il s\u2019engage \u00ab&nbsp;\u00e0 apporter toutes les modifications et corrections n\u00e9cessaires&nbsp;\u00bb.<\/p>\n\n\n\n<h2 class=\"wp-block-heading\">R\u00e9indexation des retraites de&nbsp;moins de 2.000 euros<\/h2>\n\n\n\n<p>Le pr\u00e9sident de la R\u00e9publique veut\u00a0r\u00e9indexer les retraites de moins de 2.000 euros sur l\u2019inflation \u00e0 partir du 1er\u00a0janvier 2020.\u00a0Le chef de l\u2019Etat devait \u00e9galement annoncer que la prime exceptionnelle de 1.000 euros d\u00e9fiscalis\u00e9e et sans cotisations sociales d\u00e9cid\u00e9e fin d\u00e9cembre\u00a02018 face au mouvement des\u00a0<a href=\"https:\/\/www.20minutes.fr\/societe\/gilets-jaunes\/\">\u00ab\u00a0gilets jaunes\u00a0\u00bb<\/a>\u00a0va \u00eatre \u00ab\u00a0p\u00e9rennis\u00e9e\u00a0\u00bb et ouverte aux employeurs \u00ab\u00a0chaque ann\u00e9e\u00a0\u00bb, selon une copie de son projet de discours obtenue par l\u2019AFP.<\/p>\n\n\n\n<p>e sais tous les malentendus qu\u2019il y a eus sur le sujet des retraites dans ces deux ann\u00e9es. Je le regrette. Je veux que la consid\u00e9ration pour les retrait\u00e9s se traduise par de la confiance et des r\u00e8gles claires. Les retraites de moins de 2.000&nbsp;euros seront r\u00e9index\u00e9es sur l\u2019inflation d\u00e8s le 1er&nbsp;janvier prochain&nbsp;\u00bb, selon ce projet de discours repouss\u00e9 du fait de l\u2019incendie de Notre-Dame.<\/p>\n\n\n\n<h2 class=\"wp-block-heading\">Aucune fermeture d\u2019\u00e9cole ni&nbsp;d\u2019h\u00f4pital d\u2019ici 2022<\/h2>\n\n\n\n<p>Emmanuel Macron ne veut plus \u00ab&nbsp;aucune fermeture d\u2019\u00e9cole et d\u2019h\u00f4pital jusqu\u2019\u00e0 la fin du quinquennat&nbsp;\u00bb, \u00ab&nbsp;sauf demande des maires&nbsp;\u00bb.&nbsp;Prenant acte que \u00ab&nbsp;beaucoup de nos concitoyens ont le sentiment que leur territoire est abandonn\u00e9&nbsp;\u00bb, le chef de l\u2019Etat souhaite \u00ab&nbsp;assurer la pr\u00e9sence des services publics&nbsp;\u00bb et \u00ab&nbsp;ouvrir un nouvel acte de notre d\u00e9centralisation&nbsp;\u00bb, notamment avec \u00ab&nbsp;plus de fonctionnaires sur le terrain, avec davantage de responsabilit\u00e9s&nbsp;\u00bb, \u00ab&nbsp;et moins de fonctionnaires \u00e0 Paris pour \u00e9crire des normes ou cr\u00e9er des r\u00e8gles&nbsp;\u00bb.<\/p>\n\n\n\n<h2 class=\"wp-block-heading\">Oui aux&nbsp;RIC locaux, un RIP simplifi\u00e9 et une convention de citoyens tir\u00e9s au sort<\/h2>\n\n\n\n<p>Le chef de l\u2019Etat est \u00ab&nbsp;favorable&nbsp;\u00bb \u00e0 ce que des r\u00e9f\u00e9rendums d\u2019initiative citoyenne (RIC), r\u00e9clam\u00e9s par les \u00ab&nbsp;gilets jaunes&nbsp;\u00bb, \u00ab&nbsp;puissent \u00eatre organis\u00e9s sur certains sujets d\u2019int\u00e9r\u00eats locaux&nbsp;\u00bb.&nbsp;Il est en outre \u00ab&nbsp;favorable \u00e0 ce qu\u2019on puisse rendre plus accessible, en en simplifiant les r\u00e8gles&nbsp;\u00bb, le r\u00e9f\u00e9rendum d\u2019initiative partag\u00e9e (RIP), pr\u00e9vu par la Constitution mais extr\u00eamement compliqu\u00e9 \u00e0 mettre en \u0153uvre. Il annonce qu&rsquo;\u00ab&nbsp;une convention de 300 citoyens tir\u00e9s au sort&nbsp;\u00bb sera install\u00e9e \u00ab&nbsp;d\u00e8s le mois prochain&nbsp;\u00bb, en mai, charg\u00e9e de \u00ab&nbsp;travailler \u00e0 la transition \u00e9cologique et aux r\u00e9formes concr\u00e8tes \u00e0 prendre&nbsp;\u00bb.<\/p>\n\n\n\n<h2 class=\"wp-block-heading\">La suppression de l\u2019ENA<\/h2>\n\n\n\n<p>Le chef de l\u2019Etat est favorable \u00e0 un changement de \u00ab&nbsp;la formation, la s\u00e9lection, les carri\u00e8res en supprimant&nbsp;<a href=\"https:\/\/www.20minutes.fr\/societe\/2337619-20180917-ena-nouveau-concours-ouvert-titulaires-doctorat\">l\u2019ENA<\/a>&nbsp;et plusieurs autres structures&nbsp;\u00bb. \u00ab&nbsp;Nous avons besoin d\u2019une \u00e9lite, de d\u00e9cideurs&nbsp;\u00bb, estime Emmanuel Macron, qui souhaite qu\u2019on donne \u00ab&nbsp;\u00e0 tous nos jeunes leurs chances en fonction uniquement de leur m\u00e9rite et pas de leur origine sociale ou familiale&nbsp;\u00bb, selon le document.<\/p>\n","protected":false},"excerpt":{"rendered":"<p>Qu\u2019est-ce qui va ressortir du&nbsp;grand d\u00e9bat national&nbsp;?&nbsp;Ce mardi, une partie des r\u00e9ponses a&nbsp;\u00e9t\u00e9 apport\u00e9e&nbsp;par l\u2019AFP, qui a obtenu une copie du discours d\u2019Emmanuel Macron. Le chef de l\u2019Etat avait d\u00fb&nbsp;reporter son allocution&nbsp;pr\u00e9vue lundi apr\u00e8s qu\u2019un incendie s\u2019est d\u00e9clar\u00e9 \u00e0 Notre-Dame de Paris.&nbsp;20 Minutes&nbsp;fait le point sur les annonces pr\u00e9sidentielles. Une baisse des imp\u00f4ts&nbsp;pour les classes [&hellip;]<\/p>\n","protected":false},"author":2,"featured_media":12071,"comment_status":"open","ping_status":"open","sticky":false,"template":"","format":"standard","meta":{"_jetpack_memberships_contains_paid_content":false,"footnotes":"","jetpack_publicize_message":"","jetpack_publicize_feature_enabled":true,"jetpack_social_post_already_shared":true,"jetpack_social_options":{"image_generator_settings":{"template":"highway","default_image_id":0,"font":"","enabled":false},"version":2},"_wpas_customize_per_network":false},"categories":[405],"tags":[],"class_list":["post-12069","post","type-post","status-publish","format-standard","has-post-thumbnail","hentry","category-actu-france-monde"],"jetpack_publicize_connections":[],"jetpack_featured_media_url":"https:\/\/i0.wp.com\/www.iceagetv.com\/radiosite\/wp-content\/uploads\/2019\/04\/grand-debat.jpg?fit=651%2C415&ssl=1","jetpack_sharing_enabled":true,"_links":{"self":[{"href":"https:\/\/www.iceagetv.com\/radiosite\/wp-json\/wp\/v2\/posts\/12069","targetHints":{"allow":["GET"]}}],"collection":[{"href":"https:\/\/www.iceagetv.com\/radiosite\/wp-json\/wp\/v2\/posts"}],"about":[{"href":"https:\/\/www.iceagetv.com\/radiosite\/wp-json\/wp\/v2\/types\/post"}],"author":[{"embeddable":true,"href":"https:\/\/www.iceagetv.com\/radiosite\/wp-json\/wp\/v2\/users\/2"}],"replies":[{"embeddable":true,"href":"https:\/\/www.iceagetv.com\/radiosite\/wp-json\/wp\/v2\/comments?post=12069"}],"version-history":[{"count":1,"href":"https:\/\/www.iceagetv.com\/radiosite\/wp-json\/wp\/v2\/posts\/12069\/revisions"}],"predecessor-version":[{"id":12072,"href":"https:\/\/www.iceagetv.com\/radiosite\/wp-json\/wp\/v2\/posts\/12069\/revisions\/12072"}],"wp:featuredmedia":[{"embeddable":true,"href":"https:\/\/www.iceagetv.com\/radiosite\/wp-json\/wp\/v2\/media\/12071"}],"wp:attachment":[{"href":"https:\/\/www.iceagetv.com\/radiosite\/wp-json\/wp\/v2\/media?parent=12069"}],"wp:term":[{"taxonomy":"category","embeddable":true,"href":"https:\/\/www.iceagetv.com\/radiosite\/wp-json\/wp\/v2\/categories?post=12069"},{"taxonomy":"post_tag","embeddable":true,"href":"https:\/\/www.iceagetv.com\/radiosite\/wp-json\/wp\/v2\/tags?post=12069"}],"curies":[{"name":"wp","href":"https:\/\/api.w.org\/{rel}","templated":true}]}}