{"id":12076,"date":"2019-04-17T09:48:51","date_gmt":"2019-04-17T09:48:51","guid":{"rendered":"http:\/\/www.iceagetv.com\/radiosite\/?p=12076"},"modified":"2019-04-17T09:48:57","modified_gmt":"2019-04-17T09:48:57","slug":"une-plateforme-sur-facebook-baptisee-brigade-anti-discrimination-vient-detre-lancee-par-marlene-schiappa-et-julien-denormandie","status":"publish","type":"post","link":"https:\/\/www.iceagetv.com\/radiosite\/une-plateforme-sur-facebook-baptisee-brigade-anti-discrimination-vient-detre-lancee-par-marlene-schiappa-et-julien-denormandie\/","title":{"rendered":"Une plateforme sur Facebook baptis\u00e9e \u00ab\u00a0brigade anti-discrimination\u00a0\u00bb vient d&rsquo;\u00eatre lanc\u00e9e par Marl\u00e8ne Schiappa et Julien Denormandie"},"content":{"rendered":"\n<p>Une plateforme sur Facebook baptis\u00e9e \u00ab\u00a0brigade anti-discrimination\u00a0\u00bb a \u00e9t\u00e9 lanc\u00e9e par la secr\u00e9taire d&rsquo;Etat charg\u00e9e de l&rsquo;Egalit\u00e9 femmes\/hommes Marl\u00e8ne Schiappa et le ministre charg\u00e9 de la Ville et du logement Julien Denormandie au si\u00e8ge parisien du r\u00e9seau social.<\/p>\n\n\n\n<p>La \u00ab\u00a0BADI\u00a0\u00bb est une page Facebook destin\u00e9e \u00e0 recueillir les t\u00e9moignages de victimes de discriminations et \u00e0 les orienter vers les interlocuteurs comp\u00e9tents: associations, D\u00e9fenseur des droits ou commissariats pour le d\u00e9p\u00f4t d&rsquo;une plainte.<\/p>\n\n\n\n<p>\u00ab\u00a0C&rsquo;est un dispositif d&rsquo;alerte, un facilitateur de mise en contact avec les associations et les dispositifs l\u00e9gaux existants\u00a0\u00bb, a expliqu\u00e9 Marl\u00e8ne Schiappa, qui pr\u00e9cise que l&rsquo;id\u00e9e avait \u00e9merg\u00e9 lors du d\u00e9bat t\u00e9l\u00e9vis\u00e9 co-anim\u00e9 par la secr\u00e9taire d&rsquo;Etat et Cyril Hanouna le 26 janvier dernier.<\/p>\n\n\n\n<p>Les personnes victimes qui posteront leur message sur la page recevront une r\u00e9ponse circonstanci\u00e9e de la D\u00e9l\u00e9gation interminist\u00e9rielle \u00e0 la lutte contre le racisme, l&rsquo;antis\u00e9mitisme et la haine LGBT (Dilcrah).<\/p>\n\n\n\n<p>\u00ab\u00a0Une douzaine de salari\u00e9s tr\u00e8s comp\u00e9tents fourniront des r\u00e9ponses circonstanci\u00e9es, ce ne sont pas des robots\u00a0\u00bb, a pr\u00e9cis\u00e9 le d\u00e9l\u00e9gu\u00e9 interminist\u00e9riel Fr\u00e9d\u00e9ric Potier.<\/p>\n\n\n\n<p>\u00ab\u00a0Il s&rsquo;agit d&rsquo;une version beta, une version test \u00e0 laquelle nous apporterons les correctifs n\u00e9cessaires au fur et \u00e0 mesure\u00a0\u00bb a indiqu\u00e9 Mme Schiappa. \u00ab\u00a0S&rsquo;il faut plus de moyens, on les mettra\u00a0\u00bb, a rench\u00e9rit Julien Denormandie, qui pr\u00e9cise que \u00ab\u00a02,5 millions du minist\u00e8re du logement financent d\u00e9j\u00e0 les acteurs de la lutte contre les discriminations dans le cadre de la politique de la Ville\u00a0\u00bb.<\/p>\n\n\n\n<p>Plusieurs associations dont SOS racisme, SOS homophobie, Femmes solidaires participent \u00e0 la plate-forme, selon Mme Schiappa.<\/p>\n\n\n\n<p>Le choix de Facebook r\u00e9pond \u00e0 une volont\u00e9 de \u00ab\u00a0d\u00e9dramatiser le contact institutionnel\u00a0\u00bb, selon elle.<\/p>\n\n\n\n<p>Les messages peuvent \u00eatre priv\u00e9s ou publics. Les donn\u00e9es seront conserv\u00e9es \u00ab\u00a0de la m\u00eame fa\u00e7on que pour toutes les pages Facebook, il n&rsquo;y a pas de conservation sp\u00e9cifique\u00a0\u00bb, a indiqu\u00e9 Anton Battesti, responsable des affaires publiques du r\u00e9seau social.<\/p>\n\n\n\n<p>Plusieurs associations, comme Les Maisons des Potes ou SOS Homophobie ont salu\u00e9 l&rsquo;annonce tout en appelant de leurs v\u0153ux une v\u00e9ritable brigade de policiers et de magistrats sp\u00e9cialis\u00e9s dans la lutte contre les discriminations.<\/p>\n\n\n\n<p>\u00ab\u00a0Pour les Maisons des Potes, il faudrait d\u00e9ployer une brigade d&rsquo;officiers de police judiciaire dans chaque SRPJ de France et un magistrat sp\u00e9cialis\u00e9 dans chaque cour d&rsquo;appel\u00a0\u00bb, indique l&rsquo;association dans un communiqu\u00e9 lundi.<\/p>\n\n\n\n<p>SOS Homophobie souhaite que des \u00ab\u00a0r\u00e9f\u00e9rents soient en place dans les commissariats, o\u00f9 les victimes de discrimination renoncent \u00e0 se rendre de peur d&rsquo;\u00eatre mal re\u00e7ues\u00a0\u00bb.<\/p>\n","protected":false},"excerpt":{"rendered":"<p>Une plateforme sur Facebook baptis\u00e9e \u00ab\u00a0brigade anti-discrimination\u00a0\u00bb a \u00e9t\u00e9 lanc\u00e9e par la secr\u00e9taire d&rsquo;Etat charg\u00e9e de l&rsquo;Egalit\u00e9 femmes\/hommes Marl\u00e8ne Schiappa et le ministre charg\u00e9 de la Ville et du logement Julien Denormandie au si\u00e8ge parisien du r\u00e9seau social. La \u00ab\u00a0BADI\u00a0\u00bb est une page Facebook destin\u00e9e \u00e0 recueillir les t\u00e9moignages de victimes de discriminations et \u00e0 [&hellip;]<\/p>\n","protected":false},"author":2,"featured_media":12077,"comment_status":"open","ping_status":"open","sticky":false,"template":"","format":"standard","meta":{"_jetpack_memberships_contains_paid_content":false,"footnotes":"","jetpack_publicize_message":"","jetpack_publicize_feature_enabled":true,"jetpack_social_post_already_shared":true,"jetpack_social_options":{"image_generator_settings":{"template":"highway","default_image_id":0,"font":"","enabled":false},"version":2},"_wpas_customize_per_network":false},"categories":[16],"tags":[],"class_list":["post-12076","post","type-post","status-publish","format-standard","has-post-thumbnail","hentry","category-actu-high-tech"],"jetpack_publicize_connections":[],"jetpack_featured_media_url":"https:\/\/i0.wp.com\/www.iceagetv.com\/radiosite\/wp-content\/uploads\/2019\/04\/Une-plateforme-sur-Facebook-baptis%C3%A9e-brigade-anti-discrimination.jpg?fit=750%2C324&ssl=1","jetpack_sharing_enabled":true,"_links":{"self":[{"href":"https:\/\/www.iceagetv.com\/radiosite\/wp-json\/wp\/v2\/posts\/12076","targetHints":{"allow":["GET"]}}],"collection":[{"href":"https:\/\/www.iceagetv.com\/radiosite\/wp-json\/wp\/v2\/posts"}],"about":[{"href":"https:\/\/www.iceagetv.com\/radiosite\/wp-json\/wp\/v2\/types\/post"}],"author":[{"embeddable":true,"href":"https:\/\/www.iceagetv.com\/radiosite\/wp-json\/wp\/v2\/users\/2"}],"replies":[{"embeddable":true,"href":"https:\/\/www.iceagetv.com\/radiosite\/wp-json\/wp\/v2\/comments?post=12076"}],"version-history":[{"count":1,"href":"https:\/\/www.iceagetv.com\/radiosite\/wp-json\/wp\/v2\/posts\/12076\/revisions"}],"predecessor-version":[{"id":12078,"href":"https:\/\/www.iceagetv.com\/radiosite\/wp-json\/wp\/v2\/posts\/12076\/revisions\/12078"}],"wp:featuredmedia":[{"embeddable":true,"href":"https:\/\/www.iceagetv.com\/radiosite\/wp-json\/wp\/v2\/media\/12077"}],"wp:attachment":[{"href":"https:\/\/www.iceagetv.com\/radiosite\/wp-json\/wp\/v2\/media?parent=12076"}],"wp:term":[{"taxonomy":"category","embeddable":true,"href":"https:\/\/www.iceagetv.com\/radiosite\/wp-json\/wp\/v2\/categories?post=12076"},{"taxonomy":"post_tag","embeddable":true,"href":"https:\/\/www.iceagetv.com\/radiosite\/wp-json\/wp\/v2\/tags?post=12076"}],"curies":[{"name":"wp","href":"https:\/\/api.w.org\/{rel}","templated":true}]}}