{"id":12088,"date":"2019-04-18T12:05:34","date_gmt":"2019-04-18T12:05:34","guid":{"rendered":"http:\/\/www.iceagetv.com\/radiosite\/?p=12088"},"modified":"2019-04-18T12:05:40","modified_gmt":"2019-04-18T12:05:40","slug":"portugal-au-moins-29-personnes-sont-mortes-lors-dun-accident-de-car-touristique-sur-lile-de-madere-en-majorite-des-touristes-allemands","status":"publish","type":"post","link":"https:\/\/www.iceagetv.com\/radiosite\/portugal-au-moins-29-personnes-sont-mortes-lors-dun-accident-de-car-touristique-sur-lile-de-madere-en-majorite-des-touristes-allemands\/","title":{"rendered":"Portugal : Au moins 29 personnes sont mortes lors d&rsquo;un accident de car touristique sur l&rsquo;\u00eele de Mad\u00e8re, en majorit\u00e9 des touristes allemands"},"content":{"rendered":"\n<p>L&rsquo;accident est survenu \u00e0 18H30 locales (17H30 GMT), toujours selon le maire de Santa Cruz. \u00ab\u00a0D&rsquo;horribles nouvelles nous arrivent de Mad\u00e8re\u00a0\u00bb, a \u00e9crit sur Twitter le porte-parole du gouvernement allemand. \u00ab\u00a0Notre plus grande tristesse pour tous ceux qui ont perdu la vie dans l&rsquo;accident de bus et nos pens\u00e9es vont vers ceux qui sont bless\u00e9s\u00a0\u00bb, a-t-il ajout\u00e9.<\/p>\n\n\n\n<p>Contact\u00e9e par l&rsquo;AFP un peu plus t\u00f4t, l&rsquo;ambassade d&rsquo;Allemagne au Portugal avait confirm\u00e9 qu&rsquo;il y avait des Allemands parmi les victimes alors que selon des m\u00e9dias locaux, les passagers du bus seraient en majorit\u00e9 des touristes de ce pays.<\/p>\n\n\n\n<p>\u00ab\u00a0Nous savons juste qu&rsquo;il y a des victimes allemandes\u00a0\u00bb(&#8230;). Mais nous ne connaissons pour l&rsquo;instant ni le nom, ni le nombre des victimes\u00a0\u00bb, a d\u00e9clar\u00e9 \u00e0 l&rsquo;AFP la cellule de permanence de l&rsquo;ambassade.<\/p>\n\n\n\n<p>Le premier ministre portugais Antonio Costa a indiqu\u00e9 sur Twitter avoir contact\u00e9 la chanceli\u00e8re allemande Angela Merkel pour lui faire part de sa \u00ab\u00a0tristesse\u00a0\u00bb.<\/p>\n\n\n\n<p>\u00ab\u00a0C&rsquo;est avec une profonde tristesse que j&rsquo;ai appris le tragique accident survenu \u00e0 Mad\u00e8re\u00a0\u00bb, a \u00e9crit sur son compte Twitter le chef du gouvernement socialiste. \u00ab\u00a0Au nom du gouvernement portugais, je pr\u00e9sente les plus sinc\u00e8res condol\u00e9ances \u00e0 toutes les familes concern\u00e9es. J&rsquo;ai eu aussi l&rsquo;occasion de transmettre toute ma tristesse \u00e0 la chanceli\u00e8re Angela Merkel en cette heure difficile\u00a0\u00bb, a-t-il ajout\u00e9.<\/p>\n\n\n\n<p>Selon les images diffus\u00e9es par la t\u00e9l\u00e9vision portugaise, le bus transportant une cinquantaine de passagers est sorti de la route, effectuant plusieurs tonneaux.<\/p>\n\n\n\n<p>Pour des raisons restant \u00e0 \u00e9tablir, le chauffeur du bus aurait perdu le contr\u00f4le du v\u00e9hicule, qui est sorti de la route avant de tomber sur une maison b\u00e2tie \u00e0 flanc de colline. A Lisbonne, le pr\u00e9sident de la R\u00e9publique Marcelo Rebelo de Sousa a annonc\u00e9 qu&rsquo;il se rendrait \u00e0 Mad\u00e8re dans la nuit.<\/p>\n\n\n\n<p>Des \u00e9quipes de l&rsquo;institut m\u00e9dico-l\u00e9gal devaient \u00eatre d\u00e9p\u00each\u00e9es sur place depuis la capitale afin d&rsquo;aider les autorit\u00e9s de Mad\u00e8re \u00e0 r\u00e9aliser les autopsies des victimes Souvent appel\u00e9e la \u00ab\u00a0perle de l&rsquo;Atlantique\u00a0\u00bb, Mad\u00e8re accueille chaque ann\u00e9e des milliers de touristes attir\u00e9s par ses paysages volcaniques et son climat doux.<\/p>\n\n\n\n<p>Le pr\u00e9sident du gouvernement r\u00e9gional, Miguel Albuquerque, a adress\u00e9 ses condol\u00e9ances aux familles des victimes de cet accident en pr\u00e9cisant qu&rsquo;il y avait parmi elles \u00ab\u00a0plusieurs \u00e9trangers\u00a0\u00bb.<\/p>\n\n\n\n<p>D&rsquo;apr\u00e8s certains m\u00e9dias locaux, les passagers du bus seraient en majorit\u00e9 des touristes allemands. Selon les images diffus\u00e9es par la t\u00e9l\u00e9vision portugaise, le bus transportant une cinquantaine de passagers est sorti de la route, effectuant plusieurs tonneaux. L&rsquo;accident est survenu \u00e0 18h30 et aurait par ailleurs fait 21 bless\u00e9s, toujours selon le maire de Santa Cruz.<\/p>\n\n\n\n<p>Pour des raisons restant \u00e0 clarifier, le chauffeur du bus aurait perdu le contr\u00f4le du v\u00e9hicule, qui est sorti de la route avant de tomber sur une maison b\u00e2tie \u00e0 flanc de colline.<\/p>\n\n\n\n<p>A Lisbonne, le pr\u00e9sident de la R\u00e9publique Marcelo Rebelo de Sousa a annonc\u00e9 qu&rsquo;il se rendrait \u00e0 Mad\u00e8re dans la nuit.<br>D&rsquo;apr\u00e8s les premi\u00e8res images publi\u00e9es par les m\u00e9dias locaux, le bus, qui transportait 51 personnes, est sorti de la route, effectuant plusieurs tonneaux.<\/p>\n","protected":false},"excerpt":{"rendered":"<p>L&rsquo;accident est survenu \u00e0 18H30 locales (17H30 GMT), toujours selon le maire de Santa Cruz. \u00ab\u00a0D&rsquo;horribles nouvelles nous arrivent de Mad\u00e8re\u00a0\u00bb, a \u00e9crit sur Twitter le porte-parole du gouvernement allemand. \u00ab\u00a0Notre plus grande tristesse pour tous ceux qui ont perdu la vie dans l&rsquo;accident de bus et nos pens\u00e9es vont vers ceux qui sont bless\u00e9s\u00a0\u00bb, [&hellip;]<\/p>\n","protected":false},"author":2,"featured_media":12089,"comment_status":"open","ping_status":"open","sticky":false,"template":"","format":"standard","meta":{"_jetpack_memberships_contains_paid_content":false,"footnotes":"","jetpack_publicize_message":"","jetpack_publicize_feature_enabled":true,"jetpack_social_post_already_shared":true,"jetpack_social_options":{"image_generator_settings":{"template":"highway","default_image_id":0,"font":"","enabled":false},"version":2},"_wpas_customize_per_network":false},"categories":[405],"tags":[],"class_list":["post-12088","post","type-post","status-publish","format-standard","has-post-thumbnail","hentry","category-actu-france-monde"],"jetpack_publicize_connections":[],"jetpack_featured_media_url":"https:\/\/i0.wp.com\/www.iceagetv.com\/radiosite\/wp-content\/uploads\/2019\/04\/Au-moins-29-personnes-sont-mortes-lors-dun-accident-de-car-touristique-sur-l%C3%AEle-de-Mad%C3%A8re.jpg?fit=750%2C324&ssl=1","jetpack_sharing_enabled":true,"_links":{"self":[{"href":"https:\/\/www.iceagetv.com\/radiosite\/wp-json\/wp\/v2\/posts\/12088","targetHints":{"allow":["GET"]}}],"collection":[{"href":"https:\/\/www.iceagetv.com\/radiosite\/wp-json\/wp\/v2\/posts"}],"about":[{"href":"https:\/\/www.iceagetv.com\/radiosite\/wp-json\/wp\/v2\/types\/post"}],"author":[{"embeddable":true,"href":"https:\/\/www.iceagetv.com\/radiosite\/wp-json\/wp\/v2\/users\/2"}],"replies":[{"embeddable":true,"href":"https:\/\/www.iceagetv.com\/radiosite\/wp-json\/wp\/v2\/comments?post=12088"}],"version-history":[{"count":1,"href":"https:\/\/www.iceagetv.com\/radiosite\/wp-json\/wp\/v2\/posts\/12088\/revisions"}],"predecessor-version":[{"id":12090,"href":"https:\/\/www.iceagetv.com\/radiosite\/wp-json\/wp\/v2\/posts\/12088\/revisions\/12090"}],"wp:featuredmedia":[{"embeddable":true,"href":"https:\/\/www.iceagetv.com\/radiosite\/wp-json\/wp\/v2\/media\/12089"}],"wp:attachment":[{"href":"https:\/\/www.iceagetv.com\/radiosite\/wp-json\/wp\/v2\/media?parent=12088"}],"wp:term":[{"taxonomy":"category","embeddable":true,"href":"https:\/\/www.iceagetv.com\/radiosite\/wp-json\/wp\/v2\/categories?post=12088"},{"taxonomy":"post_tag","embeddable":true,"href":"https:\/\/www.iceagetv.com\/radiosite\/wp-json\/wp\/v2\/tags?post=12088"}],"curies":[{"name":"wp","href":"https:\/\/api.w.org\/{rel}","templated":true}]}}