{"id":12091,"date":"2019-04-18T17:14:46","date_gmt":"2019-04-18T17:14:46","guid":{"rendered":"http:\/\/www.iceagetv.com\/radiosite\/?p=12091"},"modified":"2019-04-18T17:14:54","modified_gmt":"2019-04-18T17:14:54","slug":"tarn-et-garonne-deux-eleves-dune-ecole-maternelle-de-bessens-pres-de-montauban-grievement-blesses-vers-17h-par-la-chute-dun-arbre","status":"publish","type":"post","link":"https:\/\/www.iceagetv.com\/radiosite\/tarn-et-garonne-deux-eleves-dune-ecole-maternelle-de-bessens-pres-de-montauban-grievement-blesses-vers-17h-par-la-chute-dun-arbre\/","title":{"rendered":"Tarn-et-Garonne: Deux \u00e9l\u00e8ves d&rsquo;une \u00e9cole maternelle de Bessens, pr\u00e8s de Montauban, gri\u00e8vement bless\u00e9s vers 17H par la chute d&rsquo;un arbre"},"content":{"rendered":"\n<p>Deux \u00e9l\u00e8ves d&rsquo;une \u00e9cole maternelle de Bessens, pr\u00e8s de Montauban, ont \u00e9t\u00e9 gri\u00e8vement bless\u00e9s jeudi vers 17H par la chute d&rsquo;un arbre. Un marronnier de la cour d&rsquo;une \u00e9cole de cette commune, situ\u00e9e \u00e0 une vingtaine de kilom\u00e8tres au sud de Montauban, est tomb\u00e9 sur trois jeunes enfants, selon la pr\u00e9fecture de Tarn-et-Garonne. \u00ab\u00a0L&rsquo;un a r\u00e9ussi \u00e0 sortir seul\u00a0\u00bb, tandis que deux autres en \u00ab\u00a0urgence absolue\u00a0\u00bb ont \u00e9t\u00e9 \u00e9vacu\u00e9s vers l&rsquo;h\u00f4pital de Purpan, \u00e0 Toulouse. Selon France Bleu, les vents violents qui balayent la r\u00e9gion seraient \u00e0 l&rsquo;origine du drame.<br>La pr\u00e9fecture annonce que l&rsquo;\u00e9cole sera ferm\u00e9e ce vendredi<br>Les gendarmes pr\u00e9cisent que l&rsquo;op\u00e9ration de d\u00e9sincarc\u00e9ration a dur\u00e9 pr\u00e8s d&rsquo;une heure. L&rsquo;un des trois enfants a r\u00e9ussi \u00e0 se d\u00e9gager seul.<br>Un troisi\u00e8me enfant, \u00e9galement coinc\u00e9, a \u00e9t\u00e9 l\u00e9g\u00e8rement bless\u00e9.<\/p>\n\n\n\n<p>L&rsquo;incident s&rsquo;est produit aujourd&rsquo;hui dans le Tarn-et-Garonne, un arbre chute dans une cour d\u2019\u00e9cole, blessant s\u00e9rieusement deux enfants qui se trouvent dans un \u00e9tat critique&nbsp; .<\/p>\n\n\n\n<p>C&rsquo;est dans une \u00e9cole maternelle \u00e0 Bessens que cela s&rsquo;est produit, \u00e0 cause des vents violents.<br>Selon RTL, deux petits gar\u00e7ons de 7 ans \u00e9taient coinc\u00e9s sous l\u2019arbre avant d\u2019\u00eatre h\u00e9liport\u00e9 vers un h\u00f4pital de Toulouse dans un \u00e9tat critique.<\/p>\n\n\n\n<p>Une cellule de crise a \u00e9t\u00e9 ouverte dans la mairie situ\u00e9e \u00e0 proximit\u00e9.<\/p>\n\n\n\n<p>\u00abC\u2019est une catastrophe, a pour sa part r\u00e9agi G\u00e9rard Rieutord, adjoint au maire contact\u00e9 par Le Figaro. C\u2019est un arbre centenaire, vert comme pas possible. On n\u2019aurait jamais cru qu\u2019il puisse tomber\u00bb.<\/p>\n","protected":false},"excerpt":{"rendered":"<p>Deux \u00e9l\u00e8ves d&rsquo;une \u00e9cole maternelle de Bessens, pr\u00e8s de Montauban, ont \u00e9t\u00e9 gri\u00e8vement bless\u00e9s jeudi vers 17H par la chute d&rsquo;un arbre. Un marronnier de la cour d&rsquo;une \u00e9cole de cette commune, situ\u00e9e \u00e0 une vingtaine de kilom\u00e8tres au sud de Montauban, est tomb\u00e9 sur trois jeunes enfants, selon la pr\u00e9fecture de Tarn-et-Garonne. \u00ab\u00a0L&rsquo;un a [&hellip;]<\/p>\n","protected":false},"author":2,"featured_media":12092,"comment_status":"open","ping_status":"open","sticky":false,"template":"","format":"standard","meta":{"_jetpack_memberships_contains_paid_content":false,"footnotes":"","jetpack_publicize_message":"","jetpack_publicize_feature_enabled":true,"jetpack_social_post_already_shared":true,"jetpack_social_options":{"image_generator_settings":{"template":"highway","default_image_id":0,"font":"","enabled":false},"version":2},"_wpas_customize_per_network":false},"categories":[405],"tags":[],"class_list":["post-12091","post","type-post","status-publish","format-standard","has-post-thumbnail","hentry","category-actu-france-monde"],"jetpack_publicize_connections":[],"jetpack_featured_media_url":"https:\/\/i0.wp.com\/www.iceagetv.com\/radiosite\/wp-content\/uploads\/2019\/04\/Tarn-et-Garonne.jpg?fit=750%2C324&ssl=1","jetpack_sharing_enabled":true,"_links":{"self":[{"href":"https:\/\/www.iceagetv.com\/radiosite\/wp-json\/wp\/v2\/posts\/12091","targetHints":{"allow":["GET"]}}],"collection":[{"href":"https:\/\/www.iceagetv.com\/radiosite\/wp-json\/wp\/v2\/posts"}],"about":[{"href":"https:\/\/www.iceagetv.com\/radiosite\/wp-json\/wp\/v2\/types\/post"}],"author":[{"embeddable":true,"href":"https:\/\/www.iceagetv.com\/radiosite\/wp-json\/wp\/v2\/users\/2"}],"replies":[{"embeddable":true,"href":"https:\/\/www.iceagetv.com\/radiosite\/wp-json\/wp\/v2\/comments?post=12091"}],"version-history":[{"count":1,"href":"https:\/\/www.iceagetv.com\/radiosite\/wp-json\/wp\/v2\/posts\/12091\/revisions"}],"predecessor-version":[{"id":12093,"href":"https:\/\/www.iceagetv.com\/radiosite\/wp-json\/wp\/v2\/posts\/12091\/revisions\/12093"}],"wp:featuredmedia":[{"embeddable":true,"href":"https:\/\/www.iceagetv.com\/radiosite\/wp-json\/wp\/v2\/media\/12092"}],"wp:attachment":[{"href":"https:\/\/www.iceagetv.com\/radiosite\/wp-json\/wp\/v2\/media?parent=12091"}],"wp:term":[{"taxonomy":"category","embeddable":true,"href":"https:\/\/www.iceagetv.com\/radiosite\/wp-json\/wp\/v2\/categories?post=12091"},{"taxonomy":"post_tag","embeddable":true,"href":"https:\/\/www.iceagetv.com\/radiosite\/wp-json\/wp\/v2\/tags?post=12091"}],"curies":[{"name":"wp","href":"https:\/\/api.w.org\/{rel}","templated":true}]}}