{"id":12094,"date":"2019-04-19T07:04:18","date_gmt":"2019-04-19T07:04:18","guid":{"rendered":"http:\/\/www.iceagetv.com\/radiosite\/?p=12094"},"modified":"2019-04-19T07:04:21","modified_gmt":"2019-04-19T07:04:21","slug":"chute-darbre-dans-une-ecole-du-tarn-et-garonne-les-2-enfants-sont-sortis-daffaire-mais-lun-deux-a-du-etre-ampute","status":"publish","type":"post","link":"https:\/\/www.iceagetv.com\/radiosite\/chute-darbre-dans-une-ecole-du-tarn-et-garonne-les-2-enfants-sont-sortis-daffaire-mais-lun-deux-a-du-etre-ampute\/","title":{"rendered":"Chute d&rsquo;arbre dans une \u00e9cole du Tarn-et-Garonne : Les 2 enfants sont sortis d&rsquo;affaire mais l&rsquo;un d&rsquo;eux a du \u00eatre amput\u00e9"},"content":{"rendered":"\n<p><strong>Les 2 enfants sont sortis d&rsquo;affaire mais l&rsquo;un d&rsquo;eux a du \u00eatre amput\u00e9 vient d&rsquo;annoncer le Pr\u00e9fet du Tarn et Garonne sur BFM TV.&nbsp;<\/strong>Deux \u00e9l\u00e8ves d&rsquo;une \u00e9cole primaire de Bessens, pr\u00e8s de Montauban, ont \u00e9t\u00e9 gri\u00e8vement bless\u00e9s jeudi vers 15H00 par&nbsp;la chute d&rsquo;un arbre, a-t-on appris aupr\u00e8s de la pr\u00e9fecture de Tarn-et-Garonne.<\/p>\n\n\n\n<p>Un arbre de la cour d&rsquo;une \u00e9cole de cette commune situ\u00e9e \u00e0 une vingtaine de kilom\u00e8tres au sud de Montauban, est tomb\u00e9 sur trois jeunes enfants, \u00ab\u00a0l&rsquo;un a r\u00e9ussi \u00e0 sortir seul\u00a0\u00bb tandis que deux autres en \u00ab\u00a0urgence absolue\u00a0\u00bb ont \u00e9t\u00e9 \u00e9vacu\u00e9s vers l&rsquo;h\u00f4pital de Purpan \u00e0 Toulouse, a annonc\u00e9 la pr\u00e9fecture. \u00ab\u00a0Vers 17h40, les enfants ont pu \u00eatre d\u00e9gag\u00e9s par les sapeurs pompiers suite \u00e0 des op\u00e9rations de levage ayant n\u00e9cessit\u00e9 l&rsquo;utilisation de moyens de d\u00e9sincarc\u00e9ration\u00a0\u00bb, a pr\u00e9cis\u00e9 la pr\u00e9fecture dans un communiqu\u00e9.&nbsp;<\/p>\n\n\n\n<p>L&rsquo;arbre qui \u00e9tait dans la cour de l&rsquo;\u00e9cole primaire Jules Ferry est tomb\u00e9 \u00ab\u00a0sous l&rsquo;effet du vent\u00a0\u00bb, explique la pr\u00e9fecture. Selon le site de M\u00e9t\u00e9o France, les rafales de vents pouvaient atteindre jeudi apr\u00e8s-midi 50 km\/h dans la r\u00e9gion de Montauban. Une cellule m\u00e9dico-psychologique devait \u00eatre install\u00e9e sur la commune, a indiqu\u00e9 la pr\u00e9fecture, tandis que les personnels de la commune pr\u00e9venaient jeudi dans la soir\u00e9e les familles des \u00e9l\u00e8ves.<\/p>\n","protected":false},"excerpt":{"rendered":"<p>Les 2 enfants sont sortis d&rsquo;affaire mais l&rsquo;un d&rsquo;eux a du \u00eatre amput\u00e9 vient d&rsquo;annoncer le Pr\u00e9fet du Tarn et Garonne sur BFM TV.&nbsp;Deux \u00e9l\u00e8ves d&rsquo;une \u00e9cole primaire de Bessens, pr\u00e8s de Montauban, ont \u00e9t\u00e9 gri\u00e8vement bless\u00e9s jeudi vers 15H00 par&nbsp;la chute d&rsquo;un arbre, a-t-on appris aupr\u00e8s de la pr\u00e9fecture de Tarn-et-Garonne. Un arbre de [&hellip;]<\/p>\n","protected":false},"author":2,"featured_media":12092,"comment_status":"open","ping_status":"open","sticky":false,"template":"","format":"standard","meta":{"_jetpack_memberships_contains_paid_content":false,"footnotes":"","jetpack_publicize_message":"","jetpack_publicize_feature_enabled":true,"jetpack_social_post_already_shared":true,"jetpack_social_options":{"image_generator_settings":{"template":"highway","default_image_id":0,"font":"","enabled":false},"version":2},"_wpas_customize_per_network":false},"categories":[405],"tags":[],"class_list":["post-12094","post","type-post","status-publish","format-standard","has-post-thumbnail","hentry","category-actu-france-monde"],"jetpack_publicize_connections":[],"jetpack_featured_media_url":"https:\/\/i0.wp.com\/www.iceagetv.com\/radiosite\/wp-content\/uploads\/2019\/04\/Tarn-et-Garonne.jpg?fit=750%2C324&ssl=1","jetpack_sharing_enabled":true,"_links":{"self":[{"href":"https:\/\/www.iceagetv.com\/radiosite\/wp-json\/wp\/v2\/posts\/12094","targetHints":{"allow":["GET"]}}],"collection":[{"href":"https:\/\/www.iceagetv.com\/radiosite\/wp-json\/wp\/v2\/posts"}],"about":[{"href":"https:\/\/www.iceagetv.com\/radiosite\/wp-json\/wp\/v2\/types\/post"}],"author":[{"embeddable":true,"href":"https:\/\/www.iceagetv.com\/radiosite\/wp-json\/wp\/v2\/users\/2"}],"replies":[{"embeddable":true,"href":"https:\/\/www.iceagetv.com\/radiosite\/wp-json\/wp\/v2\/comments?post=12094"}],"version-history":[{"count":1,"href":"https:\/\/www.iceagetv.com\/radiosite\/wp-json\/wp\/v2\/posts\/12094\/revisions"}],"predecessor-version":[{"id":12095,"href":"https:\/\/www.iceagetv.com\/radiosite\/wp-json\/wp\/v2\/posts\/12094\/revisions\/12095"}],"wp:featuredmedia":[{"embeddable":true,"href":"https:\/\/www.iceagetv.com\/radiosite\/wp-json\/wp\/v2\/media\/12092"}],"wp:attachment":[{"href":"https:\/\/www.iceagetv.com\/radiosite\/wp-json\/wp\/v2\/media?parent=12094"}],"wp:term":[{"taxonomy":"category","embeddable":true,"href":"https:\/\/www.iceagetv.com\/radiosite\/wp-json\/wp\/v2\/categories?post=12094"},{"taxonomy":"post_tag","embeddable":true,"href":"https:\/\/www.iceagetv.com\/radiosite\/wp-json\/wp\/v2\/tags?post=12094"}],"curies":[{"name":"wp","href":"https:\/\/api.w.org\/{rel}","templated":true}]}}