{"id":12097,"date":"2019-04-19T07:06:05","date_gmt":"2019-04-19T07:06:05","guid":{"rendered":"http:\/\/www.iceagetv.com\/radiosite\/?p=12097"},"modified":"2019-04-19T07:06:12","modified_gmt":"2019-04-19T07:06:12","slug":"affaire-christian-quesada-le-ton-monte-entre-jean-luc-reichmann-et-patrice-laffont-sil-continue-a-se-repandre-sur-moi-je-vais-finir-par-lappeler","status":"publish","type":"post","link":"https:\/\/www.iceagetv.com\/radiosite\/affaire-christian-quesada-le-ton-monte-entre-jean-luc-reichmann-et-patrice-laffont-sil-continue-a-se-repandre-sur-moi-je-vais-finir-par-lappeler\/","title":{"rendered":"Affaire Christian Quesada &#8211; Le ton monte entre Jean-Luc Reichmann et Patrice Laffont: \u00ab\u00a0S&rsquo;il continue \u00e0 se r\u00e9pandre sur moi, je vais finir par l&rsquo;appeler\u00a0\u00bb"},"content":{"rendered":"\n<p>Visiblement agac\u00e9 par les propos tenus par Jean-Luc Reichmann \u00e0 l&rsquo;antenne de C \u00e0 vous, Patrice Laffont hausse le ton dans l&rsquo;affaire Christian Quesada. La semaine derni\u00e8re, alors qu&rsquo;il \u00e9tait sur le plateau de C \u00e0 vous, l&rsquo;animateur des \u00ab\u00a012 coups de midi\u00a0\u00bb&nbsp; s&rsquo;\u00e9tait en effet \u00e9tonn\u00e9 des propos de Patrice Laffont qui a affirm\u00e9 avoir alert\u00e9, cet \u00e9t\u00e9, Jean-luc Reichmann, sur Christian Quesada, quand les 2 animateurs se sont vus en Corse.<\/p>\n\n\n\n<p>Jean-Luc Reichmann lui reprochait de ne pas l&rsquo;avoir pr\u00e9venu plus t\u00f4t :<\/p>\n\n\n\n<p>\u00ab\u00a0Cet individu a pass\u00e9\u00a0 des mois \u00e0 l&rsquo;antenne et il n&rsquo;y \u00e9tait plus quand Patrice Laffont m&rsquo;en a parl\u00e9. L&rsquo;individu dont nous parlons est arriv\u00e9 en juillet 2016, et il en est parti de l&rsquo;antenne le 14 janvier 2017. Et Laffont m&rsquo;en parle cet \u00e9t\u00e9 pendant qu&rsquo;on fait une partie de p\u00e9tanque, il me dit : &lsquo;Ce mec, je l&rsquo;ai jamais senti&rsquo;. Pardon ? Ca fait un an et demi qu&rsquo;il n&rsquo;est plus \u00e0 l&rsquo;antenne ! Pourquoi m&rsquo;en parler maintenant seulement.\u00a0\u00bb a reproch\u00e9 l&rsquo;animateur phare des 12 coups de midi.<\/p>\n\n\n\n<p>Des propos qui ont \u00e9nerv\u00e9 Patrice Laffont qui r\u00e9agit dans une interview \u00e0 France Dimanche;<\/p>\n\n\n\n<p>\u00ab\u00a0Je ne connaissais pas Jean-Luc et on s&rsquo;est tr\u00e8s bien entendu. Il m&rsquo;avait m\u00eame donn\u00e9 son num\u00e9ro de t\u00e9l\u00e9phone. Mais s&rsquo;il continue \u00e0 se r\u00e9pandre sur moi, je vais finir par l&rsquo;appeler. \u00ab\u00a0<\/p>\n\n\n\n<p>Patrice Laffont a tenu \u00e0 se justifier, rappelant que les doutes qu&rsquo;il avait n&rsquo;\u00e9taient pas prouvables et il en profite pour en remettre une couche sur Christian Quesada :<\/p>\n\n\n\n<p>\u00ab\u00a0Un jour, un candidat m&rsquo;avait dit&nbsp;qu&rsquo;il n&rsquo;\u00e9tait pas tr\u00e8s clair sur le plan sexuel&nbsp;(&#8230;) C&rsquo;est terrifiant. Je ne veux pas faire du d\u00e9lit de sale gueule, mais quand on le voit, c&rsquo;est vrai qu&rsquo;il n&rsquo;a pas l&rsquo;air tr\u00e8s clair.&nbsp;Il a le regard fuyant, tr\u00e8s bizarre\u00a0\u00bb<\/p>\n","protected":false},"excerpt":{"rendered":"<p>Visiblement agac\u00e9 par les propos tenus par Jean-Luc Reichmann \u00e0 l&rsquo;antenne de C \u00e0 vous, Patrice Laffont hausse le ton dans l&rsquo;affaire Christian Quesada. La semaine derni\u00e8re, alors qu&rsquo;il \u00e9tait sur le plateau de C \u00e0 vous, l&rsquo;animateur des \u00ab\u00a012 coups de midi\u00a0\u00bb&nbsp; s&rsquo;\u00e9tait en effet \u00e9tonn\u00e9 des propos de Patrice Laffont qui a affirm\u00e9 [&hellip;]<\/p>\n","protected":false},"author":2,"featured_media":12098,"comment_status":"open","ping_status":"open","sticky":false,"template":"","format":"standard","meta":{"_jetpack_memberships_contains_paid_content":false,"footnotes":"","jetpack_publicize_message":"","jetpack_publicize_feature_enabled":true,"jetpack_social_post_already_shared":true,"jetpack_social_options":{"image_generator_settings":{"template":"highway","default_image_id":0,"font":"","enabled":false},"version":2},"_wpas_customize_per_network":false},"categories":[68],"tags":[],"class_list":["post-12097","post","type-post","status-publish","format-standard","has-post-thumbnail","hentry","category-actu-culturelle"],"jetpack_publicize_connections":[],"jetpack_featured_media_url":"https:\/\/i0.wp.com\/www.iceagetv.com\/radiosite\/wp-content\/uploads\/2019\/04\/Affaire-Christian-Quesada.jpg?fit=920%2C397&ssl=1","jetpack_sharing_enabled":true,"_links":{"self":[{"href":"https:\/\/www.iceagetv.com\/radiosite\/wp-json\/wp\/v2\/posts\/12097","targetHints":{"allow":["GET"]}}],"collection":[{"href":"https:\/\/www.iceagetv.com\/radiosite\/wp-json\/wp\/v2\/posts"}],"about":[{"href":"https:\/\/www.iceagetv.com\/radiosite\/wp-json\/wp\/v2\/types\/post"}],"author":[{"embeddable":true,"href":"https:\/\/www.iceagetv.com\/radiosite\/wp-json\/wp\/v2\/users\/2"}],"replies":[{"embeddable":true,"href":"https:\/\/www.iceagetv.com\/radiosite\/wp-json\/wp\/v2\/comments?post=12097"}],"version-history":[{"count":1,"href":"https:\/\/www.iceagetv.com\/radiosite\/wp-json\/wp\/v2\/posts\/12097\/revisions"}],"predecessor-version":[{"id":12099,"href":"https:\/\/www.iceagetv.com\/radiosite\/wp-json\/wp\/v2\/posts\/12097\/revisions\/12099"}],"wp:featuredmedia":[{"embeddable":true,"href":"https:\/\/www.iceagetv.com\/radiosite\/wp-json\/wp\/v2\/media\/12098"}],"wp:attachment":[{"href":"https:\/\/www.iceagetv.com\/radiosite\/wp-json\/wp\/v2\/media?parent=12097"}],"wp:term":[{"taxonomy":"category","embeddable":true,"href":"https:\/\/www.iceagetv.com\/radiosite\/wp-json\/wp\/v2\/categories?post=12097"},{"taxonomy":"post_tag","embeddable":true,"href":"https:\/\/www.iceagetv.com\/radiosite\/wp-json\/wp\/v2\/tags?post=12097"}],"curies":[{"name":"wp","href":"https:\/\/api.w.org\/{rel}","templated":true}]}}