{"id":12100,"date":"2019-04-19T07:08:51","date_gmt":"2019-04-19T07:08:51","guid":{"rendered":"http:\/\/www.iceagetv.com\/radiosite\/?p=12100"},"modified":"2019-04-19T07:09:00","modified_gmt":"2019-04-19T07:09:00","slug":"proces-merah-le-frere-du-tueur-ecope-de-30-ans-de-prison-la-complicite-retenue","status":"publish","type":"post","link":"https:\/\/www.iceagetv.com\/radiosite\/proces-merah-le-frere-du-tueur-ecope-de-30-ans-de-prison-la-complicite-retenue\/","title":{"rendered":"Proc\u00e8s Merah : le fr\u00e8re du tueur \u00e9cope de 30 ans de prison, la complicit\u00e9 retenue"},"content":{"rendered":"\n<p>La cour d\u2019appel a reconnu Abdelkader Merah coupable de \u00ab\u00a0complicit\u00e9\u00a0\u00bb des sept assassinats perp\u00e9tr\u00e9s par son fr\u00e8re Mohamed.<\/p>\n\n\n\n<p>La cour d\u2019assises sp\u00e9ciale de Paris statuant en appel a condamn\u00e9 jeudi Abdelkader Merah \u00e0 30 ans de r\u00e9clusion criminelle et l\u2019a reconnu coupable, contrairement \u00e0 la premi\u00e8re instance, de&nbsp;<a href=\"https:\/\/www.sudouest.fr\/2019\/04\/18\/proces-d-abdelkader-merah-verdict-attendu-ce-jeudi-la-defense-plaide-le-droit-et-la-preuve-5999163-10273.php\" target=\"_blank\" rel=\"noreferrer noopener\">\u00ab\u00a0complicit\u00e9\u00a0\u00bb des sept assassinats perp\u00e9tr\u00e9s<\/a>&nbsp;en mars 2012 par son fr\u00e8re Mohamed.&nbsp;<\/p>\n\n\n\n<p>Un verdict tomb\u00e9 comme une enclume dans le silence de la salle d\u2019audience, bient\u00f4t ponctu\u00e9 par les larmes de reconnaissance des familles des victimes. Dans son box, Abdelkader Merah, 36 ans, a \u00e0 peine courb\u00e9 les \u00e9paules. \u00a0<\/p>\n\n\n\n<p>\u00ab\u00a0Comment peut-on \u00eatre complice de la chose la plus abominable qui soit et prendre 30 ans? Tous les professionnels de la justice sont surpris par ce verdict\u00a0\u00bb, a r\u00e9agi l\u2019avocat du principal accus\u00e9, Eric Dupond-Moretti, indiquant qu\u2019il envisageait \u00ab\u00a0bien entendu un pourvoi en cassation\u00a0\u00bb.<\/p>\n\n\n\n<h2 class=\"wp-block-heading\">\u00ab\u00a0Mohamed Merah n\u2019\u00e9tait pas un loup solitaire\u00a0\u00bb<\/h2>\n\n\n\n<p>Cette d\u00e9cision, rendue apr\u00e8s douze heures de d\u00e9lib\u00e9ration, est<strong>&nbsp;une victoire de taille pour l\u2019accusation<\/strong>, qui n\u2019a pas obtenu la perp\u00e9tuit\u00e9 requise mais a arrach\u00e9 la \u00ab\u00a0complicit\u00e9\u00a0\u00bb des crimes commis par le jihadiste toulousain.<\/p>\n\n\n\n<p>La cour a estim\u00e9 qu\u2019il \u00e9tait bien coupable du vol du scooter utilis\u00e9 par son fr\u00e8re lors des assassinats et qu\u2019il \u00e9tait \u00ab\u00a0parfaitement conscient de ses projets criminels\u00a0\u00bb. Les repr\u00e9sentants du minist\u00e8re public, qui avaient d\u00e9sign\u00e9les deux fr\u00e8res comme partageant une \u00ab\u00a0communaut\u00e9 d\u2019esprit<strong>,<\/strong>&nbsp;de projet et d\u2019action\u00a0\u00bb, ont obtenu dix ans de plus qu\u2019en premi\u00e8re instance contre&nbsp;<strong>un homme pr\u00e9sent\u00e9 comme un \u00ab\u00a0virtuose de la dissimulation\u00a0\u00bb<\/strong>.&nbsp;<\/p>\n\n\n\n<p>\u00ab\u00a0C\u2019est une belle d\u00e9cision: c\u2019est la reconnaissance du fait que Mohamed Merah n\u2019\u00e9tait pas un loup solitaire. Il a agi de concert avec son fr\u00e8re\u00a0\u00bb, a r\u00e9agi Olivier Morice, avocat de la famille Legouad, un des militaires tu\u00e9s.&nbsp;<\/p>\n","protected":false},"excerpt":{"rendered":"<p>La cour d\u2019appel a reconnu Abdelkader Merah coupable de \u00ab\u00a0complicit\u00e9\u00a0\u00bb des sept assassinats perp\u00e9tr\u00e9s par son fr\u00e8re Mohamed. La cour d\u2019assises sp\u00e9ciale de Paris statuant en appel a condamn\u00e9 jeudi Abdelkader Merah \u00e0 30 ans de r\u00e9clusion criminelle et l\u2019a reconnu coupable, contrairement \u00e0 la premi\u00e8re instance, de&nbsp;\u00ab\u00a0complicit\u00e9\u00a0\u00bb des sept assassinats perp\u00e9tr\u00e9s&nbsp;en mars 2012 par [&hellip;]<\/p>\n","protected":false},"author":2,"featured_media":12101,"comment_status":"open","ping_status":"open","sticky":false,"template":"","format":"standard","meta":{"_jetpack_memberships_contains_paid_content":false,"footnotes":"","jetpack_publicize_message":"","jetpack_publicize_feature_enabled":true,"jetpack_social_post_already_shared":true,"jetpack_social_options":{"image_generator_settings":{"template":"highway","default_image_id":0,"font":"","enabled":false},"version":2},"_wpas_customize_per_network":false},"categories":[405],"tags":[],"class_list":["post-12100","post","type-post","status-publish","format-standard","has-post-thumbnail","hentry","category-actu-france-monde"],"jetpack_publicize_connections":[],"jetpack_featured_media_url":"https:\/\/i0.wp.com\/www.iceagetv.com\/radiosite\/wp-content\/uploads\/2019\/04\/proc%C3%A8s-Merah.jpg?fit=1000%2C500&ssl=1","jetpack_sharing_enabled":true,"_links":{"self":[{"href":"https:\/\/www.iceagetv.com\/radiosite\/wp-json\/wp\/v2\/posts\/12100","targetHints":{"allow":["GET"]}}],"collection":[{"href":"https:\/\/www.iceagetv.com\/radiosite\/wp-json\/wp\/v2\/posts"}],"about":[{"href":"https:\/\/www.iceagetv.com\/radiosite\/wp-json\/wp\/v2\/types\/post"}],"author":[{"embeddable":true,"href":"https:\/\/www.iceagetv.com\/radiosite\/wp-json\/wp\/v2\/users\/2"}],"replies":[{"embeddable":true,"href":"https:\/\/www.iceagetv.com\/radiosite\/wp-json\/wp\/v2\/comments?post=12100"}],"version-history":[{"count":1,"href":"https:\/\/www.iceagetv.com\/radiosite\/wp-json\/wp\/v2\/posts\/12100\/revisions"}],"predecessor-version":[{"id":12102,"href":"https:\/\/www.iceagetv.com\/radiosite\/wp-json\/wp\/v2\/posts\/12100\/revisions\/12102"}],"wp:featuredmedia":[{"embeddable":true,"href":"https:\/\/www.iceagetv.com\/radiosite\/wp-json\/wp\/v2\/media\/12101"}],"wp:attachment":[{"href":"https:\/\/www.iceagetv.com\/radiosite\/wp-json\/wp\/v2\/media?parent=12100"}],"wp:term":[{"taxonomy":"category","embeddable":true,"href":"https:\/\/www.iceagetv.com\/radiosite\/wp-json\/wp\/v2\/categories?post=12100"},{"taxonomy":"post_tag","embeddable":true,"href":"https:\/\/www.iceagetv.com\/radiosite\/wp-json\/wp\/v2\/tags?post=12100"}],"curies":[{"name":"wp","href":"https:\/\/api.w.org\/{rel}","templated":true}]}}