{"id":12126,"date":"2019-04-22T08:00:57","date_gmt":"2019-04-22T08:00:57","guid":{"rendered":"http:\/\/www.iceagetv.com\/radiosite\/?p=12126"},"modified":"2019-04-22T08:01:05","modified_gmt":"2019-04-22T08:01:05","slug":"incendie-de-notre-dame-le-recteur-monseigneur-patrick-chauvet-decide-de-porter-plainte-pour-destruction-involontaire","status":"publish","type":"post","link":"https:\/\/www.iceagetv.com\/radiosite\/incendie-de-notre-dame-le-recteur-monseigneur-patrick-chauvet-decide-de-porter-plainte-pour-destruction-involontaire\/","title":{"rendered":"Incendie de Notre-Dame : Le recteur Monseigneur Patrick Chauvet d\u00e9cide de porter plainte pour \u00ab\u00a0destruction involontaire"},"content":{"rendered":"\n<p>Le recteur de Notre-Dame de Paris,&nbsp;Mgr Patrick Chauvet, a annonc\u00e9 aujourd&rsquo;hui qu&rsquo;il allait porter plainte apr\u00e8s l&rsquo;incendie qui a touch\u00e9 Notre-Dame de Paris, pour \u00ab\u00a0destruction involontaire\u00a0\u00bb. Et d&rsquo;expliquer sa d\u00e9cision: \u00ab\u00a0Je ne pense pas qu&rsquo;il y ait quelqu&rsquo;un qui a voulu mettre le feu\u00a0\u00bb. Pour lui, il s&rsquo;agit \u00ab\u00a0soit une imprudence, soit un court-circuit.\u00a0\u00bb, rapporte&nbsp;<a href=\"https:\/\/www.francebleu.fr\/infos\/societe\/incendie-de-notre-dame-monseigneur-chauvet-porte-plainte-pour-incendie-involontaire-1555915575\" target=\"_blank\" rel=\"noreferrer noopener\">France Bleu<\/a>.<\/p>\n\n\n\n<p>\u00ab\u00a0La cath\u00e9drale appartient \u00e0 l&rsquo;\u00c9tat. Nous avons \u00e0 l&rsquo;int\u00e9rieur du mobilier, les chaises, la sono, les projecteurs&#8230; Cela nous appartient et \u00e7a ne marche plus. Il faudra bien que je d\u00e9pose une plainte avec l&rsquo;\u00c9tat pour que les assurances puissent fonctionner et en m\u00eame temps pour que je sache exactement ce qui s&rsquo;est pass\u00e9\u00a0\u00bb, a-t-il confi\u00e9, rapporte France Info.<\/p>\n\n\n\n<p>Avant d&rsquo;ajouter que les dons serviront avant tout pour les travaux qui \u00ab\u00a0vont \u00eatre \u00e9normes\u00a0\u00bb et qui vont impliquer &nbsp;\u00ab\u00a0un millier de personnes\u00a0\u00bb sur les chantiers.<\/p>\n\n\n\n<figure><iframe allowfullscreen=\"\"><\/iframe><\/figure>\n\n\n\n<p>\u00ab\u00a0Je ne me rends pas compte combien co\u00fbteront tous ces travaux, mais en revanche, ce dont je suis s\u00fbr, c&rsquo;est que s&rsquo;il reste de l&rsquo;argent eh bien il y aura aussi \u00e0 aider la fondation de St\u00e9phane Bern\u00a0\u00bb, a-t-il poursuivi.&nbsp;&nbsp;<\/p>\n","protected":false},"excerpt":{"rendered":"<p>Le recteur de Notre-Dame de Paris,&nbsp;Mgr Patrick Chauvet, a annonc\u00e9 aujourd&rsquo;hui qu&rsquo;il allait porter plainte apr\u00e8s l&rsquo;incendie qui a touch\u00e9 Notre-Dame de Paris, pour \u00ab\u00a0destruction involontaire\u00a0\u00bb. Et d&rsquo;expliquer sa d\u00e9cision: \u00ab\u00a0Je ne pense pas qu&rsquo;il y ait quelqu&rsquo;un qui a voulu mettre le feu\u00a0\u00bb. Pour lui, il s&rsquo;agit \u00ab\u00a0soit une imprudence, soit un court-circuit.\u00a0\u00bb, rapporte&nbsp;France [&hellip;]<\/p>\n","protected":false},"author":2,"featured_media":12127,"comment_status":"open","ping_status":"open","sticky":false,"template":"","format":"standard","meta":{"_jetpack_memberships_contains_paid_content":false,"footnotes":"","jetpack_publicize_message":"","jetpack_publicize_feature_enabled":true,"jetpack_social_post_already_shared":true,"jetpack_social_options":{"image_generator_settings":{"template":"highway","default_image_id":0,"font":"","enabled":false},"version":2},"_wpas_customize_per_network":false},"categories":[405],"tags":[],"class_list":["post-12126","post","type-post","status-publish","format-standard","has-post-thumbnail","hentry","category-actu-france-monde"],"jetpack_publicize_connections":[],"jetpack_featured_media_url":"https:\/\/i0.wp.com\/www.iceagetv.com\/radiosite\/wp-content\/uploads\/2019\/04\/Incendie-de-Notre-Dame.jpg?fit=750%2C324&ssl=1","jetpack_sharing_enabled":true,"_links":{"self":[{"href":"https:\/\/www.iceagetv.com\/radiosite\/wp-json\/wp\/v2\/posts\/12126","targetHints":{"allow":["GET"]}}],"collection":[{"href":"https:\/\/www.iceagetv.com\/radiosite\/wp-json\/wp\/v2\/posts"}],"about":[{"href":"https:\/\/www.iceagetv.com\/radiosite\/wp-json\/wp\/v2\/types\/post"}],"author":[{"embeddable":true,"href":"https:\/\/www.iceagetv.com\/radiosite\/wp-json\/wp\/v2\/users\/2"}],"replies":[{"embeddable":true,"href":"https:\/\/www.iceagetv.com\/radiosite\/wp-json\/wp\/v2\/comments?post=12126"}],"version-history":[{"count":1,"href":"https:\/\/www.iceagetv.com\/radiosite\/wp-json\/wp\/v2\/posts\/12126\/revisions"}],"predecessor-version":[{"id":12128,"href":"https:\/\/www.iceagetv.com\/radiosite\/wp-json\/wp\/v2\/posts\/12126\/revisions\/12128"}],"wp:featuredmedia":[{"embeddable":true,"href":"https:\/\/www.iceagetv.com\/radiosite\/wp-json\/wp\/v2\/media\/12127"}],"wp:attachment":[{"href":"https:\/\/www.iceagetv.com\/radiosite\/wp-json\/wp\/v2\/media?parent=12126"}],"wp:term":[{"taxonomy":"category","embeddable":true,"href":"https:\/\/www.iceagetv.com\/radiosite\/wp-json\/wp\/v2\/categories?post=12126"},{"taxonomy":"post_tag","embeddable":true,"href":"https:\/\/www.iceagetv.com\/radiosite\/wp-json\/wp\/v2\/tags?post=12126"}],"curies":[{"name":"wp","href":"https:\/\/api.w.org\/{rel}","templated":true}]}}