{"id":12135,"date":"2019-04-23T11:07:26","date_gmt":"2019-04-23T11:07:26","guid":{"rendered":"http:\/\/www.iceagetv.com\/radiosite\/?p=12135"},"modified":"2019-04-23T11:07:34","modified_gmt":"2019-04-23T11:07:34","slug":"soupcons-demplois-fictifs-francois-et-penelope-fillon-renvoyes-en-correctionnelle","status":"publish","type":"post","link":"https:\/\/www.iceagetv.com\/radiosite\/soupcons-demplois-fictifs-francois-et-penelope-fillon-renvoyes-en-correctionnelle\/","title":{"rendered":"Soup\u00e7ons d\u2019emplois fictifs: Fran\u00e7ois et Penelope Fillon renvoy\u00e9s en correctionnelle"},"content":{"rendered":"\n<p>Fran\u00e7ois Fillon et son \u00e9pouse Penelope sont renvoy\u00e9s devant le tribunal correctionnel dans l\u2019affaire des emplois fictifs pr\u00e9sum\u00e9s. Leurs avocats d\u00e9fendront sur le fond l\u2019atteinte \u00e0 la s\u00e9paration des pouvoirs.<\/p>\n\n\n\n<p>Apr\u00e8s un d\u00e9part sur les chapeaux de roues \u00e0 l\u2019hiver 2017, il aura fallu deux ans aux juges d\u2019instruction pour boucler l\u2019affaire politico-financi\u00e8re qui changea la face de l\u2019\u00e9lection pr\u00e9sidentielle en France cette ann\u00e9e-l\u00e0. Fran\u00e7ois Fillon et son \u00e9pouse Penelope sont renvoy\u00e9s devant le tribunal correctionnel dans l\u2019affaire des emplois fictifs pr\u00e9sum\u00e9s. L\u2019ordonnance de renvoi, sign\u00e9e le 19 avril, reprend les chefs d\u2019accusation de d\u00e9tournement de fonds publics, complicit\u00e9, recel de d\u00e9tournement de fonds publics et d\u2019abus de biens sociaux, manquement aux obligations d\u00e9claratives. L\u2019ancien suppl\u00e9ant de Fran\u00e7ois Fillon \u00e0 l\u2019Assembl\u00e9e nationale, Marc Joulaud, est lui aussi renvoy\u00e9 en proc\u00e8s.<\/p>\n\n\n\n<p>\u00abUne fois de plus\u00bb, souligne Ma\u00eetre Pierre Cornut-Gentille, l\u2019un des avocats des \u00e9poux Fillon, \u00abtout est anormal dans ce dossier. J\u2019apprends et je lis des extraits d\u2019une ordonnance de renvoi par la presse. Cette derni\u00e8re n\u2019est arriv\u00e9e \u00e0 mon cabinet qu\u2019il y a une trentaine de minutes et je n\u2019ai pas encore eu le temps d\u2019en prendre connaissance, c\u2019est parfaitement anormal. Tout comme sont parfaitement anormaux les d\u00e9lais d\u2019audiencement. On \u00e9voque un proc\u00e8s avant la fin de l\u2019ann\u00e9e alors que ce type d\u2019affaires est audienc\u00e9 dans un d\u00e9lai d\u2019un an voire un an et demi, comme le prouvent les affaires Tapie ou Balkany\u00bb.<\/p>\n\n\n\n<p>Sur le fond, la d\u00e9fense du couple Fillon campe sur ses positions. Elle s\u2019est refus\u00e9e \u00e0 faire le moindre recours et de porter au fond ce qu\u2019elle consid\u00e8re comme des dysfonctionnements institutionnels: \u00abNous continuons \u00e0 d\u00e9fendre que la s\u00e9paration des pouvoirs parlementaires et judiciaires n\u2019a pas \u00e9t\u00e9 respect\u00e9e. Et nous continuons \u00e0 soutenir que Penelope Fillon a bien rempli des fonctions d\u2019assistante parlementaire pour lesquelles elle \u00e9taiet r\u00e9mun\u00e9r\u00e9e\u00bb, affirme-t-on c\u00f4t\u00e9 d\u00e9fense.<\/p>\n\n\n\n<p>De son c\u00f4t\u00e9, Marc Ladreit de Lacharri\u00e8re, ami de Fran\u00e7ois Fillon, \u00e9galement propri\u00e9taire de la Revue des deux mondes, et peu friand des sunlights judiciaires, avait lui accept\u00e9 une proc\u00e9dure de \u00abplaider-coupable\u00bb en d\u00e9cembre dernier. Il avait salari\u00e9 P\u00e9n\u00e9lope Fillon pendant huit mois.<\/p>\n","protected":false},"excerpt":{"rendered":"<p>Fran\u00e7ois Fillon et son \u00e9pouse Penelope sont renvoy\u00e9s devant le tribunal correctionnel dans l\u2019affaire des emplois fictifs pr\u00e9sum\u00e9s. Leurs avocats d\u00e9fendront sur le fond l\u2019atteinte \u00e0 la s\u00e9paration des pouvoirs. Apr\u00e8s un d\u00e9part sur les chapeaux de roues \u00e0 l\u2019hiver 2017, il aura fallu deux ans aux juges d\u2019instruction pour boucler l\u2019affaire politico-financi\u00e8re qui changea [&hellip;]<\/p>\n","protected":false},"author":2,"featured_media":12136,"comment_status":"open","ping_status":"open","sticky":false,"template":"","format":"standard","meta":{"_jetpack_memberships_contains_paid_content":false,"footnotes":"","jetpack_publicize_message":"","jetpack_publicize_feature_enabled":true,"jetpack_social_post_already_shared":true,"jetpack_social_options":{"image_generator_settings":{"template":"highway","default_image_id":0,"font":"","enabled":false},"version":2},"_wpas_customize_per_network":false},"categories":[405],"tags":[],"class_list":["post-12135","post","type-post","status-publish","format-standard","has-post-thumbnail","hentry","category-actu-france-monde"],"jetpack_publicize_connections":[],"jetpack_featured_media_url":"https:\/\/i0.wp.com\/www.iceagetv.com\/radiosite\/wp-content\/uploads\/2019\/04\/Fran%C3%A7ois-et-Penelope-Fillon.jpg?fit=669%2C240&ssl=1","jetpack_sharing_enabled":true,"_links":{"self":[{"href":"https:\/\/www.iceagetv.com\/radiosite\/wp-json\/wp\/v2\/posts\/12135","targetHints":{"allow":["GET"]}}],"collection":[{"href":"https:\/\/www.iceagetv.com\/radiosite\/wp-json\/wp\/v2\/posts"}],"about":[{"href":"https:\/\/www.iceagetv.com\/radiosite\/wp-json\/wp\/v2\/types\/post"}],"author":[{"embeddable":true,"href":"https:\/\/www.iceagetv.com\/radiosite\/wp-json\/wp\/v2\/users\/2"}],"replies":[{"embeddable":true,"href":"https:\/\/www.iceagetv.com\/radiosite\/wp-json\/wp\/v2\/comments?post=12135"}],"version-history":[{"count":1,"href":"https:\/\/www.iceagetv.com\/radiosite\/wp-json\/wp\/v2\/posts\/12135\/revisions"}],"predecessor-version":[{"id":12137,"href":"https:\/\/www.iceagetv.com\/radiosite\/wp-json\/wp\/v2\/posts\/12135\/revisions\/12137"}],"wp:featuredmedia":[{"embeddable":true,"href":"https:\/\/www.iceagetv.com\/radiosite\/wp-json\/wp\/v2\/media\/12136"}],"wp:attachment":[{"href":"https:\/\/www.iceagetv.com\/radiosite\/wp-json\/wp\/v2\/media?parent=12135"}],"wp:term":[{"taxonomy":"category","embeddable":true,"href":"https:\/\/www.iceagetv.com\/radiosite\/wp-json\/wp\/v2\/categories?post=12135"},{"taxonomy":"post_tag","embeddable":true,"href":"https:\/\/www.iceagetv.com\/radiosite\/wp-json\/wp\/v2\/tags?post=12135"}],"curies":[{"name":"wp","href":"https:\/\/api.w.org\/{rel}","templated":true}]}}