{"id":12150,"date":"2019-04-24T07:41:07","date_gmt":"2019-04-24T07:41:07","guid":{"rendered":"http:\/\/www.iceagetv.com\/radiosite\/?p=12150"},"modified":"2019-04-24T07:41:09","modified_gmt":"2019-04-24T07:41:09","slug":"marc-olivier-fogiel-explique-pourquoi-il-prend-la-direction-de-bfmtv","status":"publish","type":"post","link":"https:\/\/www.iceagetv.com\/radiosite\/marc-olivier-fogiel-explique-pourquoi-il-prend-la-direction-de-bfmtv\/","title":{"rendered":"Marc-Olivier Fogiel explique pourquoi il prend la direction de BFMTV"},"content":{"rendered":"\n<p>Le journaliste quitte RTL apr\u00e8s sept saisons au micro de la tranche du 18h-20heures.<\/p>\n\n\n\n<p>C\u2019est officiel, Marc-Olivier Fogiel deviendra directeur g\u00e9n\u00e9ral de BFMTV en juillet. L\u2019animateur s\u2019est donn\u00e9 le week-end de P\u00e2ques pour m\u00fbrir sa d\u00e9cision. Mardi matin, il a annonc\u00e9 son intention de quitter la station RTL \u00e0 Christopher Baldelli et Nicolas de Tavernost, le patron de la radio et celui du groupe M6.<\/p>\n\n\n\n<p>Le journaliste a donc accept\u00e9 la proposition d\u2019Alain Weill, PDG d\u2019Altice France, de\u00a0<a href=\"https:\/\/www.bfmtv.com\/\">prendre la direction g\u00e9n\u00e9rale de BFMTV<\/a>, la cha\u00eene d\u2019information large leader du march\u00e9 avec une part d\u2019audience de 2,2 %. Il remplace Herv\u00e9 B\u00e9roud qui monte en grade et Directeur G\u00e9n\u00e9ral D\u00e9l\u00e9gu\u00e9 de Altice M\u00e9dia, en charge de l\u2019information et du sport du p\u00f4le audiovisuel.<\/p>\n\n\n\n<p>Je vais avoir 50 ans dans deux mois et apr\u00e8s 11 ann\u00e9es consacr\u00e9es \u00e0 l\u2019information au quotidien chez Europe 1 et RTL, comme je l\u2019ai toujours fait, j\u2019ai eu besoin de continuer \u00e0 \u00e9voluer pour ne pas rester dans le confort et la rente. . J\u2019en ai discut\u00e9 depuis quelques mois avec Christopher Baldelli. Puis Alain Weill et Herv\u00e9 Beroud m\u2019ont fait la proposition de rejoindre BFMTV il y a quelques semaines\u00bb explique Marc-Olivier Fogiel. \u00abPrendre la direction g\u00e9n\u00e9rale du premier m\u00e9dia d\u2019information en continu est un nouveau challenge. Du temps de PAF PRESSE j\u2019ai d\u00e9j\u00e0 dirig\u00e9 une \u00e9quipe de 100 personnes. Aujourd\u2019hui, je sens que j\u2019ai la maturit\u00e9 suffisante pour diriger une r\u00e9daction de 250 journalistes\u00bb poursuit-il. \u00abEn acceptant ce poste de management, je tourne donc la page de ma pr\u00e9sence \u00e0 l\u2019antenne, il n\u2019y a aucune ambigu\u00eft\u00e9 la-dessus\u00bb ajoute Marc-Olivier Fogiel.<\/p>\n\n\n\n<p>Cela faisait quelque temps qu\u2019Herv\u00e9 B\u00e9roud avait exprim\u00e9 son d\u00e9sir de l\u00e2cher les manettes de BFMTV, mais l\u2019actualit\u00e9 br\u00fblante des gilets jaunes depuis le mois de novembre avait diff\u00e9r\u00e9 cette d\u00e9cision. Pour&nbsp;<a href=\"http:\/\/www.lefigaro.fr\/medias\/2018\/12\/09\/20004-20181209ARTFIG00111-herve-beroud-les-gens-viennent-sur-bfmtv-car-ils-lui-font-confiance.php\">BFMTV, le suivi des Gilets Jaunes a \u00e9t\u00e9 \u00e0 la fois la cons\u00e9cration avec des records d\u2019audience<\/a>&nbsp;(plus de 20 millions de t\u00e9l\u00e9spectateurs devant la cha\u00eenes les samedis le plus violents) mais aussi l\u2019occasion d\u2019une remise en cause du traitement de l\u2019actualit\u00e9. Fatigu\u00e9e et sous pression, une grande partie de la r\u00e9daction a exprim\u00e9 un malaise et la cha\u00eene a sign\u00e9 une charte pour y r\u00e9pondre.<\/p>\n\n\n\n<p>Il faut donc donner une nouvelle impulsion \u00e0 la cha\u00eene tout en gardant son ADN qui est \u00abla priorit\u00e9 au direct\u00bb. C\u2019est la mission qu\u2019Alain Weill veut confier \u00e0 Marc-Olivier Fogiel. Ce dernier estime que \u00abBFMTV est devenu le m\u00e9dia de r\u00e9f\u00e9rence et il est donc normal qu\u2019il concentre \u00e9galement toutes les critiques. Cela a toujours comme cela\u00bb<\/p>\n\n\n\n<p>C\u2019est une \u00e9volution logique dans la carri\u00e8re de Marc-Olivier Fogiel qui l\u2019a conduit successivement \u00e0 \u00eatre producteur, animateur et journaliste. A la t\u00eate de la matinale d\u2019Europe 1 de 2008 \u00e0 2011, il avait contribu\u00e9 au redressement des audiences de la station qui avait, \u00e0 l\u2019\u00e9poque d\u00e9pass\u00e9 les 10 % d\u2019audience cumul\u00e9e. Mais apr\u00e8s le d\u00e9part d\u2019Alexandre Bompard de la station,&nbsp;<a href=\"https:\/\/www.europe1.fr\/culture\/Marc-Olivier-Fogiel-quitte-Europe-1-302226\">il a d\u00e9cid\u00e9 de renoncer \u00e0 son poste de matinalier<\/a>. En 2012, il renoue avec une tranche d\u2019information sur&nbsp;<a href=\"https:\/\/www.rtl.fr\/emission\/rtl-soir\">RTL, le 18-20 heures&nbsp;<\/a>qui lui permet d\u2019approfondir les sujets politiques et internationaux et de pr\u00e9senter toutes les \u00e9ditions sp\u00e9ciales de la radio. En parall\u00e8le Marc-Olivier Fogiel reprend l\u2019\u00e9mission mythique Le Divan sur France 3.<\/p>\n\n\n\n<h2 class=\"wp-block-heading\">\u00abAu fond, BFMTV n\u2019avait pas besoin de moi\u00bb<\/h2>\n\n\n\n<p>\u00abJe connais Herv\u00e9 B\u00e9roud depuis 30 ans, nous avons d\u00e9but\u00e9 ensemble \u00e0 RTL. A la t\u00eate de BFMTV, je m\u2019inscrirai dans sa continuit\u00e9 et je vais mettre tout en \u0153uvre pour apporter du liant, f\u00e9d\u00e9rer les gens et donner du plaisir \u00e0 couvrir cette actualit\u00e9 en continu. Il n\u2019a aucun besoin de redynamiser cette r\u00e9daction\u00bb analyse Marc-Olivier Fogiel. \u00abLa cha\u00eene a toujours su innover et se renouveler tout en gardant ses piliers du d\u00e9but comme Jean-Jacques Bourdin et Ruth Elkrief et Christophe Delay . L\u2019\u00e9quipe est solide, cr\u00e9dible et elle n\u2019est pas us\u00e9e\u00bb. BFMTV est au plus haut en terme d\u2019audience et la cha\u00eene est tr\u00e8s rentable. \u00abPour moi c\u2019est passionnant d\u2019arriver dans un m\u00e9dia qui se porte bien et qui, au fond, n\u2019avait pas besoin de moi\u00bb<\/p>\n","protected":false},"excerpt":{"rendered":"<p>Le journaliste quitte RTL apr\u00e8s sept saisons au micro de la tranche du 18h-20heures. C\u2019est officiel, Marc-Olivier Fogiel deviendra directeur g\u00e9n\u00e9ral de BFMTV en juillet. L\u2019animateur s\u2019est donn\u00e9 le week-end de P\u00e2ques pour m\u00fbrir sa d\u00e9cision. Mardi matin, il a annonc\u00e9 son intention de quitter la station RTL \u00e0 Christopher Baldelli et Nicolas de Tavernost, [&hellip;]<\/p>\n","protected":false},"author":2,"featured_media":12151,"comment_status":"open","ping_status":"open","sticky":false,"template":"","format":"standard","meta":{"_jetpack_memberships_contains_paid_content":false,"footnotes":"","jetpack_publicize_message":"","jetpack_publicize_feature_enabled":true,"jetpack_social_post_already_shared":true,"jetpack_social_options":{"image_generator_settings":{"template":"highway","default_image_id":0,"font":"","enabled":false},"version":2},"_wpas_customize_per_network":false},"categories":[68],"tags":[],"class_list":["post-12150","post","type-post","status-publish","format-standard","has-post-thumbnail","hentry","category-actu-culturelle"],"jetpack_publicize_connections":[],"jetpack_featured_media_url":"https:\/\/i0.wp.com\/www.iceagetv.com\/radiosite\/wp-content\/uploads\/2019\/04\/Marc-Olivier-Fogiel.jpg?fit=680%2C382&ssl=1","jetpack_sharing_enabled":true,"_links":{"self":[{"href":"https:\/\/www.iceagetv.com\/radiosite\/wp-json\/wp\/v2\/posts\/12150","targetHints":{"allow":["GET"]}}],"collection":[{"href":"https:\/\/www.iceagetv.com\/radiosite\/wp-json\/wp\/v2\/posts"}],"about":[{"href":"https:\/\/www.iceagetv.com\/radiosite\/wp-json\/wp\/v2\/types\/post"}],"author":[{"embeddable":true,"href":"https:\/\/www.iceagetv.com\/radiosite\/wp-json\/wp\/v2\/users\/2"}],"replies":[{"embeddable":true,"href":"https:\/\/www.iceagetv.com\/radiosite\/wp-json\/wp\/v2\/comments?post=12150"}],"version-history":[{"count":1,"href":"https:\/\/www.iceagetv.com\/radiosite\/wp-json\/wp\/v2\/posts\/12150\/revisions"}],"predecessor-version":[{"id":12152,"href":"https:\/\/www.iceagetv.com\/radiosite\/wp-json\/wp\/v2\/posts\/12150\/revisions\/12152"}],"wp:featuredmedia":[{"embeddable":true,"href":"https:\/\/www.iceagetv.com\/radiosite\/wp-json\/wp\/v2\/media\/12151"}],"wp:attachment":[{"href":"https:\/\/www.iceagetv.com\/radiosite\/wp-json\/wp\/v2\/media?parent=12150"}],"wp:term":[{"taxonomy":"category","embeddable":true,"href":"https:\/\/www.iceagetv.com\/radiosite\/wp-json\/wp\/v2\/categories?post=12150"},{"taxonomy":"post_tag","embeddable":true,"href":"https:\/\/www.iceagetv.com\/radiosite\/wp-json\/wp\/v2\/tags?post=12150"}],"curies":[{"name":"wp","href":"https:\/\/api.w.org\/{rel}","templated":true}]}}