{"id":12162,"date":"2019-04-25T07:48:58","date_gmt":"2019-04-25T07:48:58","guid":{"rendered":"http:\/\/www.iceagetv.com\/radiosite\/?p=12162"},"modified":"2019-04-25T07:49:05","modified_gmt":"2019-04-25T07:49:05","slug":"mort-de-jean-pierre-marielle-il-incarne-ce-quil-y-a-de-moins-bidon-dans-notre-metier","status":"publish","type":"post","link":"https:\/\/www.iceagetv.com\/radiosite\/mort-de-jean-pierre-marielle-il-incarne-ce-quil-y-a-de-moins-bidon-dans-notre-metier\/","title":{"rendered":"Mort de Jean-Pierre Marielle : \u00ab\u00a0Il incarne ce qu&rsquo;il y a de moins bidon dans notre m\u00e9tier\u00a0\u00bb"},"content":{"rendered":"\n<p><em>&lsquo;admirais Marielle parce qu&rsquo;il incarne ce qu&rsquo;il y a de moins bidon dans notre m\u00e9tier\u00a0\u00bb<\/em>, a r\u00e9agi sur franceinfo l&rsquo;acteur Fabrice Luchini, apr\u00e8s&nbsp;<a href=\"https:\/\/www.francetvinfo.fr\/culture\/cinema\/l-acteur-jean-pierre-marielle-est-mort-a-l-age-de-87-ans_3413303.html\">la mort de Jean-Pierre Marielle, grande figure du th\u00e9\u00e2tre et du cin\u00e9ma fran\u00e7ais<\/a>, mercredi \u00e0 l&rsquo;\u00e2ge de 87&nbsp;ans.<\/p>\n\n\n\n<p><em>\u00ab\u00a0Il \u00e9tait tr\u00e8s simple, extr\u00eamement singulier\u00a0\u00bb<\/em>&nbsp;et ne menait pas de<em>&nbsp;\u00ab\u00a0carri\u00e8re\u00a0\u00bb<\/em>, a-t-il poursuivi.&nbsp;<em>\u00ab\u00a0Evidemment, il a une carri\u00e8re immense, mais quand il regardait la g\u00e9n\u00e9ration des jeunes acteurs qui ont quatre personnes autour d&rsquo;eux, des agents &lsquo;image&rsquo;, des agents &lsquo;publicit\u00e9&rsquo;\u2026 Il \u00e9tait sid\u00e9r\u00e9&nbsp;! Ce n&rsquo;\u00e9tait pas comme \u00e7a que \u00e7a se passait pour sa g\u00e9n\u00e9ration. C&rsquo;\u00e9tait des rencontres, des passions et un travail\u00a0\u00bb<\/em>, a soulign\u00e9 Fabrice Luchini.<\/p>\n\n\n\n<h2 class=\"wp-block-heading\">\u00ab\u00a0Je ne suis pas un acteur de tombola\u00a0\u00bb<\/h2>\n\n\n\n<p><em>\u00ab\u00a0Quand on lui parlait des C\u00e9sar, il avait invent\u00e9 cette formule&nbsp;: &lsquo;Je ne suis pas un acteur de tombola'\u00a0\u00bb<\/em>&nbsp;et jugeait<em>&nbsp;\u00ab\u00a0aberrant\u00a0\u00bb<\/em>&nbsp;d&rsquo;\u00eatre en comp\u00e9tition avec d&rsquo;autres acteurs. Fabrice Luchini explique avoir&nbsp;<em>\u00ab\u00a0fait copain\u00a0\u00bb<\/em>&nbsp;avec Jean-Pierre Marielle sur le tournage d&rsquo;Uranus de Claude Berri en 1989.<em>&nbsp;\u00ab\u00a0On s&rsquo;est promen\u00e9 dans Paris, on a d\u00e9jeun\u00e9 ensemble&#8230; Je me rappelle qu&rsquo;entre la R\u00e9publique et la Bastille, comme des enfants, on a \u00e9t\u00e9 voir l&rsquo;immeuble o\u00f9 vivait Flaubert. Il avait une passion pour Flaubert. Ce n&rsquo;est pas rien pour un jeune acteur d&rsquo;\u00eatre \u00e0 c\u00f4t\u00e9 de Marielle&nbsp;!\u00a0\u00bb<\/em>, s&rsquo;est souvenu Fabrice Luchini.<\/p>\n","protected":false},"excerpt":{"rendered":"<p>&lsquo;admirais Marielle parce qu&rsquo;il incarne ce qu&rsquo;il y a de moins bidon dans notre m\u00e9tier\u00a0\u00bb, a r\u00e9agi sur franceinfo l&rsquo;acteur Fabrice Luchini, apr\u00e8s&nbsp;la mort de Jean-Pierre Marielle, grande figure du th\u00e9\u00e2tre et du cin\u00e9ma fran\u00e7ais, mercredi \u00e0 l&rsquo;\u00e2ge de 87&nbsp;ans. \u00ab\u00a0Il \u00e9tait tr\u00e8s simple, extr\u00eamement singulier\u00a0\u00bb&nbsp;et ne menait pas de&nbsp;\u00ab\u00a0carri\u00e8re\u00a0\u00bb, a-t-il poursuivi.&nbsp;\u00ab\u00a0Evidemment, il a une [&hellip;]<\/p>\n","protected":false},"author":2,"featured_media":12163,"comment_status":"open","ping_status":"open","sticky":false,"template":"","format":"standard","meta":{"_jetpack_memberships_contains_paid_content":false,"footnotes":"","jetpack_publicize_message":"","jetpack_publicize_feature_enabled":true,"jetpack_social_post_already_shared":true,"jetpack_social_options":{"image_generator_settings":{"template":"highway","default_image_id":0,"font":"","enabled":false},"version":2},"_wpas_customize_per_network":false},"categories":[68],"tags":[],"class_list":["post-12162","post","type-post","status-publish","format-standard","has-post-thumbnail","hentry","category-actu-culturelle"],"jetpack_publicize_connections":[],"jetpack_featured_media_url":"https:\/\/i0.wp.com\/www.iceagetv.com\/radiosite\/wp-content\/uploads\/2019\/04\/Jean-Pierre-Marielle.jpg?fit=1197%2C450&ssl=1","jetpack_sharing_enabled":true,"_links":{"self":[{"href":"https:\/\/www.iceagetv.com\/radiosite\/wp-json\/wp\/v2\/posts\/12162","targetHints":{"allow":["GET"]}}],"collection":[{"href":"https:\/\/www.iceagetv.com\/radiosite\/wp-json\/wp\/v2\/posts"}],"about":[{"href":"https:\/\/www.iceagetv.com\/radiosite\/wp-json\/wp\/v2\/types\/post"}],"author":[{"embeddable":true,"href":"https:\/\/www.iceagetv.com\/radiosite\/wp-json\/wp\/v2\/users\/2"}],"replies":[{"embeddable":true,"href":"https:\/\/www.iceagetv.com\/radiosite\/wp-json\/wp\/v2\/comments?post=12162"}],"version-history":[{"count":1,"href":"https:\/\/www.iceagetv.com\/radiosite\/wp-json\/wp\/v2\/posts\/12162\/revisions"}],"predecessor-version":[{"id":12164,"href":"https:\/\/www.iceagetv.com\/radiosite\/wp-json\/wp\/v2\/posts\/12162\/revisions\/12164"}],"wp:featuredmedia":[{"embeddable":true,"href":"https:\/\/www.iceagetv.com\/radiosite\/wp-json\/wp\/v2\/media\/12163"}],"wp:attachment":[{"href":"https:\/\/www.iceagetv.com\/radiosite\/wp-json\/wp\/v2\/media?parent=12162"}],"wp:term":[{"taxonomy":"category","embeddable":true,"href":"https:\/\/www.iceagetv.com\/radiosite\/wp-json\/wp\/v2\/categories?post=12162"},{"taxonomy":"post_tag","embeddable":true,"href":"https:\/\/www.iceagetv.com\/radiosite\/wp-json\/wp\/v2\/tags?post=12162"}],"curies":[{"name":"wp","href":"https:\/\/api.w.org\/{rel}","templated":true}]}}