{"id":12171,"date":"2019-04-25T07:53:42","date_gmt":"2019-04-25T07:53:42","guid":{"rendered":"http:\/\/www.iceagetv.com\/radiosite\/?p=12171"},"modified":"2019-04-25T07:53:49","modified_gmt":"2019-04-25T07:53:49","slug":"pourquoi-les-theories-du-complot-ont-elles-flambe-apres-lincendie-de-notre-dame","status":"publish","type":"post","link":"https:\/\/www.iceagetv.com\/radiosite\/pourquoi-les-theories-du-complot-ont-elles-flambe-apres-lincendie-de-notre-dame\/","title":{"rendered":"Pourquoi les th\u00e9ories du complot ont-elles flamb\u00e9 apr\u00e8s l&rsquo;incendie de Notre-Dame ?"},"content":{"rendered":"\n<p>Il n\u2019a pas fallu attendre longtemps avant de voir jaillir les premi\u00e8res&nbsp;<a href=\"https:\/\/www.francetvinfo.fr\/culture\/patrimoine\/incendie-de-notre-dame-de-paris\/notre-dame-de-paris-de-nombreuses-theories-du-complot-ont-vu-le-jour_3402957.html\">th\u00e9ories du complot<\/a>&nbsp;apr\u00e8s l\u2019incendie de la cath\u00e9drale Notre-Dame, lundi 15 avril.&nbsp;Un incendie volontaire, un attentat, un coup mont\u00e9 du gouvernement&#8230;&nbsp;<a href=\"https:\/\/www.francetvinfo.fr\/culture\/patrimoine\/incendie-de-notre-dame-de-paris\/un-desequilibre-sur-le-toit-des-rosaces-explosees-quatre-infox-qui-ont-circule-lors-de-l-incendie-de-notre-dame_3400815.html\">autant d&rsquo;hypoth\u00e8ses<\/a>&nbsp;qui ont circul\u00e9 sur les r\u00e9seaux sociaux quelques heures apr\u00e8s le sinistre.&nbsp;<\/p>\n\n\n\n<p>L&rsquo;ampleur du ph\u00e9nom\u00e8ne, qui perdure plus d&rsquo;une semaine apr\u00e8s les images spectaculaires du brasier, est-elle propre \u00e0 cet \u00e9v\u00e9nement ? Que disent ces th\u00e9ories de notre soci\u00e9t\u00e9 ? Fabrice Epelboin, professeur \u00e0 Sciences Po Paris, sp\u00e9cialiste des r\u00e9seaux sociaux et de leur r\u00f4le dans la crise des \u00ab\u00a0gilets jaunes\u00a0\u00bb, apporte son \u00e9clairage \u00e0 franceinfo.<\/p>\n\n\n\n<p><strong>Franceinfo : Comment explique-t-on l&rsquo;\u00e9mergence de th\u00e9ories du complot comme celle qui accuse un pompier avec une chasuble jaune d&rsquo;\u00eatre un \u00ab\u00a0gilet jaune\u00a0\u00bb ?<\/strong><\/p>\n\n\n\n<p><strong>Fabrice Epelboin&nbsp;<\/strong>:&nbsp;On constate une dimension traumatique qui joue beaucoup dans ce processus. L\u2019\u00e9motion provoqu\u00e9e par l\u2019\u00e9v\u00e9nement pousse \u00e0 l&rsquo;irrationalit\u00e9. C\u2019est un ph\u00e9nom\u00e8ne d\u2019emballement et, la plupart du temps, c\u2019est de la panique.&nbsp;On per\u00e7oit aussi la col\u00e8re sous-jacente de ces derniers mois,&nbsp;avec la crise in\u00e9dite des \u00ab\u00a0gilets jaunes\u00a0\u00bb.<\/p>\n\n\n\n<p>Et puis, on constate&nbsp;forc\u00e9ment un lien avec la religion. La cath\u00e9drale de Notre-Dame \u00e9tant un symbole de la chr\u00e9tient\u00e9 en France, il fallait s\u2019attendre \u00e0 ce qu\u2019une frange complotiste accuse les autres religions, l\u2019islam et le juda\u00efsme, d&rsquo;\u00eatre derri\u00e8re cet incendie. Je pense \u00e0 cette image qui a beaucoup circul\u00e9 sur les r\u00e9seaux sociaux o\u00f9 l&rsquo;on voit&nbsp;<a href=\"https:\/\/www.20minutes.fr\/societe\/2498203-20190416-deux-disant-musulmans-rigolent-incendie-dame-retour-photo-virale\">deux hommes<\/a>&nbsp;pr\u00e9tendus musulmans rire alors que Notre-Dame est en feu derri\u00e8re eux.<\/p>\n\n\n\n<p><strong>Que est le dernier \u00e9v\u00e9nement marquant, \u00e0 l&rsquo;\u00e9chelle internationale, qui a fait surgir de&nbsp;multiples th\u00e9ories du complot ?<\/strong><\/p>\n\n\n\n<p>Les attentats du 11 septembre 2001, aux Etats-Unis, ont bien s\u00fbr fait \u00e9merger \u00e9norm\u00e9ment de th\u00e9ories car&nbsp;il y a eu beaucoup de questions sans r\u00e9ponse. A l\u2019\u00e9poque, on n&rsquo;a pas pris la mesure de ces th\u00e8ses complotistes autour de ces attaques. On a instrumentalis\u00e9, point\u00e9 du doigt les conspirationnistes sans essayer de chercher \u00e0 enrayer le ph\u00e9nom\u00e8ne.<\/p>\n\n\n\n<p>Pour Notre-Dame, on constate une dimension traumatique tr\u00e8s proche de celle du 11-Septembre, car c&rsquo;est le symbole d\u2019une nation touch\u00e9e en son c\u0153ur. D\u2019autant plus qu\u2019apr\u00e8s les attentats dans les mosqu\u00e9es de&nbsp;<a href=\"https:\/\/www.francetvinfo.fr\/monde\/asie\/attentats-a-christchurch\/\">Christchurch<\/a>&nbsp;en Nouvelle-Z\u00e9lande, on s\u2019attendait \u00e0 une forme de r\u00e9plique. Les th\u00e9ories du complot qui vont dans ce sens l\u00e0 trouvent donc un \u00e9cho assez large.<\/p>\n\n\n\n<p><strong>Que disent ces th\u00e9ories du complot dans une telle s\u00e9quence d\u2019unit\u00e9 nationale ?<\/strong><\/p>\n\n\n\n<p>Le fait que la reconstruction soit men\u00e9e par l\u2019Etat n\u2019emp\u00eache pas le doute et le questionnement. C\u2019est un ph\u00e9nom\u00e8ne naturel dans une soci\u00e9t\u00e9 o\u00f9 la confiance envers les m\u00e9dias traditionnels a disparu et l&rsquo;enqu\u00eate annuelle Kantar, pour le quotidien&nbsp;<em>La Croix<\/em>,<a href=\"https:\/\/www.francetvinfo.fr\/economie\/transports\/gilets-jaunes\/medias-crise-de-confiance_3160477.html\">l\u2019atteste.<\/a>&nbsp;Tout le monde part \u00e0 la recherche de la v\u00e9rit\u00e9 dans un monde o\u00f9 n\u2019importe qui s\u2019imagine remplacer les journalistes au pied lev\u00e9. Sauf que v\u00e9rifier une information, c\u2019est compliqu\u00e9 et cela prend du temps.<\/p>\n\n\n\n<p>L&rsquo;\u00e9lan&nbsp;de solidarit\u00e9 quelques heures apr\u00e8s l\u2019incendie a interf\u00e9r\u00e9 avec les&nbsp;mesures qu&rsquo;Emmanuel Macron devait annoncer dans le cadre du grand d\u00e9bat national, notamment celles visant \u00e0 faire travailler davantage les Fran\u00e7ais.&nbsp;C\u2019est compliqu\u00e9 de voir&nbsp;<a href=\"https:\/\/www.francetvinfo.fr\/culture\/patrimoine\/incendie-de-notre-dame-de-paris\/les-milliardaires-et-les-entreprises-qui-donnent-pour-notre-dame-sont-ils-vraiment-si-genereux_3402055.html\">des grandes fortunes et des entreprises<\/a>d\u00e9bloquer&nbsp;<a href=\"https:\/\/www.francetvinfo.fr\/culture\/patrimoine\/incendie-de-notre-dame-de-paris\/direct-incendie-notre-dame-de-paris-cathedrale-feu-reconstruction-macron-dons-collecte-cagnotte_3402019.html\">pr\u00e8s d&rsquo;un milliard d\u2019euros<\/a>&nbsp;pour Notre-Dame alors que certains pratiquent par ailleurs l&rsquo;\u00e9vasion fiscale. Nous sommes arriv\u00e9s \u00e0 une disparition totale de la confiance de la population envers les \u00e9lites.<\/p>\n","protected":false},"excerpt":{"rendered":"<p>Il n\u2019a pas fallu attendre longtemps avant de voir jaillir les premi\u00e8res&nbsp;th\u00e9ories du complot&nbsp;apr\u00e8s l\u2019incendie de la cath\u00e9drale Notre-Dame, lundi 15 avril.&nbsp;Un incendie volontaire, un attentat, un coup mont\u00e9 du gouvernement&#8230;&nbsp;autant d&rsquo;hypoth\u00e8ses&nbsp;qui ont circul\u00e9 sur les r\u00e9seaux sociaux quelques heures apr\u00e8s le sinistre.&nbsp; L&rsquo;ampleur du ph\u00e9nom\u00e8ne, qui perdure plus d&rsquo;une semaine apr\u00e8s les images spectaculaires [&hellip;]<\/p>\n","protected":false},"author":2,"featured_media":12172,"comment_status":"open","ping_status":"open","sticky":false,"template":"","format":"standard","meta":{"_jetpack_memberships_contains_paid_content":false,"footnotes":"","jetpack_publicize_message":"","jetpack_publicize_feature_enabled":true,"jetpack_social_post_already_shared":true,"jetpack_social_options":{"image_generator_settings":{"template":"highway","default_image_id":0,"font":"","enabled":false},"version":2},"_wpas_customize_per_network":false},"categories":[405],"tags":[],"class_list":["post-12171","post","type-post","status-publish","format-standard","has-post-thumbnail","hentry","category-actu-france-monde"],"jetpack_publicize_connections":[],"jetpack_featured_media_url":"https:\/\/i0.wp.com\/www.iceagetv.com\/radiosite\/wp-content\/uploads\/2019\/04\/les-th%C3%A9ories-du-complot.jpg?fit=1197%2C450&ssl=1","jetpack_sharing_enabled":true,"_links":{"self":[{"href":"https:\/\/www.iceagetv.com\/radiosite\/wp-json\/wp\/v2\/posts\/12171","targetHints":{"allow":["GET"]}}],"collection":[{"href":"https:\/\/www.iceagetv.com\/radiosite\/wp-json\/wp\/v2\/posts"}],"about":[{"href":"https:\/\/www.iceagetv.com\/radiosite\/wp-json\/wp\/v2\/types\/post"}],"author":[{"embeddable":true,"href":"https:\/\/www.iceagetv.com\/radiosite\/wp-json\/wp\/v2\/users\/2"}],"replies":[{"embeddable":true,"href":"https:\/\/www.iceagetv.com\/radiosite\/wp-json\/wp\/v2\/comments?post=12171"}],"version-history":[{"count":1,"href":"https:\/\/www.iceagetv.com\/radiosite\/wp-json\/wp\/v2\/posts\/12171\/revisions"}],"predecessor-version":[{"id":12173,"href":"https:\/\/www.iceagetv.com\/radiosite\/wp-json\/wp\/v2\/posts\/12171\/revisions\/12173"}],"wp:featuredmedia":[{"embeddable":true,"href":"https:\/\/www.iceagetv.com\/radiosite\/wp-json\/wp\/v2\/media\/12172"}],"wp:attachment":[{"href":"https:\/\/www.iceagetv.com\/radiosite\/wp-json\/wp\/v2\/media?parent=12171"}],"wp:term":[{"taxonomy":"category","embeddable":true,"href":"https:\/\/www.iceagetv.com\/radiosite\/wp-json\/wp\/v2\/categories?post=12171"},{"taxonomy":"post_tag","embeddable":true,"href":"https:\/\/www.iceagetv.com\/radiosite\/wp-json\/wp\/v2\/tags?post=12171"}],"curies":[{"name":"wp","href":"https:\/\/api.w.org\/{rel}","templated":true}]}}