{"id":12174,"date":"2019-04-25T17:00:32","date_gmt":"2019-04-25T17:00:32","guid":{"rendered":"http:\/\/www.iceagetv.com\/radiosite\/?p=12174"},"modified":"2019-04-25T18:18:16","modified_gmt":"2019-04-25T18:18:16","slug":"emmanuel-macron-conference-de-presse","status":"publish","type":"post","link":"https:\/\/www.iceagetv.com\/radiosite\/emmanuel-macron-conference-de-presse\/","title":{"rendered":"Emmanuel Macron conf\u00e9rence de presse"},"content":{"rendered":"\n<h1 class=\"wp-block-heading\"><\/h1>\n\n\n\n<h1 class=\"wp-block-heading\">Emmanuel Macron : Ni vote obligatoire, ni vote blanc &#8211; Pas de r\u00e9f\u00e9rendum sur les mesures annonc\u00e9es &#8211; L&rsquo;\u00e2ge l\u00e9gal de la retraite reste \u00e0 62 ans &#8211; Moins d&rsquo;imp\u00f4ts pour ceux qui travaillent<\/h1>\n\n\n\n<p>Le propos liminaire vient de se terminer et on d\u00e9bute avec les questions des journalistes.<\/p>\n\n\n\n<p>Emmanuel Macron d\u00e9fend la la\u00efcit\u00e9 et la loi de 1905, demande au gouvernement d\u2019\u00eatre&nbsp;<em>\u201cintraitable\u201d&nbsp;<\/em>face \u00e0 la<em>&nbsp;\u201cs\u00e9cession dans certains quartiers\u201d&nbsp;<\/em>o\u00f9&nbsp;<em>\u201cl\u2019islam politique (&#8230;) veut faire s\u00e9cession de la R\u00e9publique\u201d.<\/em><\/p>\n\n\n\n<p><em>Il faut raviver l&rsquo;engagement. Nous sommes une nation de citoyens, \u00e7a veut dire un engagement dans la soci\u00e9t\u00e9. Je crois \u00e0 notre tissus associatif. Le gouvernement doit proposer une politique plus ambitieuse avec nos association.\u00a0\u00bb<\/em><\/p>\n\n\n\n<p>\n\nSans transition, on passe \u00e0 l&rsquo;\u00e9cologie. Emmanuel Macron veut une taxe carbone aux fronti\u00e8res et une&nbsp;<em>\u201cfinance verte plus ambitieuse\u201d.<\/em>&nbsp;Il veut \u00e9galement&nbsp;<em>\u00ab\u00a0pr\u00e9sider de mani\u00e8re r\u00e9guli\u00e8re un Conseil de d\u00e9fense \u00e9cologique<\/em>.\u00a0\u00bb\n\n<\/p>\n\n\n\n<p>Emmanuel Macron a \u00e9galement confirm\u00e9 qu\u2019il allait r\u00e9indexer les retraites de moins de 2 000 euros sur l\u2019inflation.<\/p>\n\n\n\n<p>Comment financer ces baissesd&rsquo;imp\u00f4ts ? Emmanuel Macron pr\u00e9cise en revanche qu&rsquo;il n&rsquo;y aura&nbsp;<em>\u00ab\u00a0pas de hausses d&rsquo;imp\u00f4ts\u00a0\u00bb<\/em>&nbsp;et que des niches fiscales seront vis\u00e9es par le gouvernement.<\/p>\n\n\n\n<p>Le discours du chef de l&rsquo;Etat a-t-il \u00e9volu\u00e9 depuis la semaine derni\u00e8re ? Assez peu, selon le chef du service politique du&nbsp;<em>Monde<\/em>.<\/p>\n\n\n\n<p><strong>Emmanuel Macron veut baisser&nbsp;<em>\u00ab\u00a0significativement\u00a0\u00bb<\/em>&nbsp;l&rsquo;imp\u00f4t sur le revenu<em>&nbsp;\u00ab\u00a0pour ceux qui travaillent\u00a0\u00bb<\/em>.<\/strong><\/p>\n\n\n\n<p>Emmanuel Macron ne veut pas de hausse d\u2019imp\u00f4t, sugg\u00e8re de s\u2019attaquer aux niches fiscales et de&nbsp;<em>\u201ctravailler davantage\u201d.<\/em><\/p>\n\n\n\n<p>Baisses imp\u00f4ts \u00bb, \u00e7a y est, c\u2019est annonc\u00e9. \u00ab Je veux des baisses pour ceux qui travaillent en r\u00e9duisant syst\u00e9matiquement l\u2019imp\u00f4t sur le revenu \u00bb, dit-il.<\/p>\n\n\n\n<p>La suppression de l&rsquo;ISF)<em>&nbsp;c&rsquo;est une r\u00e9forme pour produire et pas un cadeau aux plus riches.\u00a0\u00bb<\/em><\/p>\n\n\n\n<p>Le chef de l&rsquo;Etat s\u2019int\u00e9resse d\u00e9sormais aux r\u00e9formes fiscale et d\u00e9fend sa suppression de l&rsquo;ISF.&nbsp;<em>\u00ab\u00a0Je juge de mon devoir de la d\u00e9fendre.\u00a0\u00bb<\/em><\/p>\n\n\n\n<p><em>Notre haute fonction publique, nous lui devons beaucoup, et je suis profond\u00e9ment favorable \u00e0 un \u00e9litisme r\u00e9publicain, n\u00e9anmoins des changements sont \u00e0 faire, en terme de recrutement d&rsquo;abord.\u00a0\u00bb<\/em>&nbsp;Le chef de l&rsquo;Etat s&rsquo;attaque \u00e0 l&rsquo;ENA et annonce vouloir repenser la formation.<\/p>\n\n\n\n<p><strong>Remettre du service public partout\u00a0\u00bb<\/strong>&nbsp;Emmanuel Macron affirme que \u00ab\u00a0la politique que nous avons men\u00e9 peut para\u00eetre&nbsp;lointaine, trop froide, parfois injuste\u00a0\u00bb. Il est donc urgent de mener un \u00ab\u00a0nouvel acte de d\u00e9centralisation\u00a0\u00bb, dit-il.&nbsp; En mati\u00e8re de logement, de transport, de transition \u00e9cologique, il \u00ab\u00a0faudra s\u2019appuyer sur quelques principes : responsabilit\u00e9, lisibilit\u00e9 et financement\u00a0\u00bb.&nbsp;<\/p>\n\n\n\n<p>&nbsp;Le chef de l&rsquo;Etat \u00e9voque ainsi la remise du service public sur tous les territoires, en assurant tout service \u00ab\u00a0\u00e0 moins de 30 minutes\u00a0\u00bb, et plus de fermeture ni d\u2019hopitaux&nbsp;ni d\u2019\u00e9cole sans accord du maire\n\n<\/p>\n\n\n\n<p>Le pr\u00e9sident de la R\u00e9publique a exclu toute reconnaissance du vote blanc, malgr\u00e9 les demandes r\u00e9guli\u00e8res en ce sens, notamment lors de la derni\u00e8re campagne pr\u00e9sidentielle.&nbsp;<\/p>\n\n\n\n<p>Les premi\u00e8res mesures annonc\u00e9es par le pr\u00e9sident peinent \u00e0 convaincre l&rsquo;opposition comme Manon Aubry, t\u00eate de liste LFI pour les europ\u00e9ennes.<\/p>\n\n\n\n<p>Emmanuel Macron confirme l&rsquo;id\u00e9e de \u00ab\u00a0<em>citoyens tir\u00e9s au sort\u00a0\u00bb<\/em>envoy\u00e9s au Conseil \u00e9conomique, social et environnemental (Cese).<\/p>\n\n\n\n<p>La r\u00e9forme constitutionnelle sera soumise au Parlement cet \u00e9t\u00e9, annonce le chef de l&rsquo;Etat.<\/p>\n\n\n\n<p><strong>Emmanuel Macron veut abaisser \u00e0 1 million de signatures le seuil pour un r\u00e9f\u00e9rendum d&rsquo;initiative partag\u00e9e.<\/strong><\/p>\n\n\n\n<p><strong>Le r\u00e9f\u00e9rendum d&rsquo;initiative citoyenne, \u00ab\u00a0je ne le souhaite pas\u00a0\u00bb<\/strong>&nbsp;C&rsquo;est une double r\u00e9ponse n\u00e9gative&nbsp;que vient d&rsquo;adresser Emmanuel Macron&nbsp;aux \u00ab\u00a0gilets jaunes\u00a0\u00bb. Il affirme qu<strong>&lsquo;il ne mettra pas en place ni le \u00ab\u00a0RIC\u00a0\u00bb ni&nbsp; la reconnaissance du vote blanc \u2013 deux r\u00e9clamations port\u00e9es par le mouvement social.&nbsp;<\/strong><\/p>\n\n\n\n<p><strong>Changement \u00ab\u00a0en&nbsp;profondeur\u00a0\u00bb de notre d\u00e9mocratie et administration<\/strong><\/p>\n\n\n\n<p>Emmanuel Macron affirme<em>&nbsp;\u00ab\u00a0croire dans les \u00e9lus de la R\u00e9publique, qui ont la l\u00e9gitimit\u00e9 de leur \u00e9lection\u00a0\u00bb.<\/em>&nbsp;\u00ab\u00a0Je veux conforter leur r\u00f4le par un statut digne de ce nom. Le r\u00f4le&nbsp;du Parlement est \u00e9voqu\u00e9 aussi. Le pr\u00e9sident \u00e9voque \u00e0 nouveau une&nbsp;part significative de proportionnelle \u00e0 l&rsquo;Assembl\u00e9e et une limitation du&nbsp;nombre de mandat dans le temps.<\/p>\n\n\n\n<p><strong>Quatre orientations&nbsp;<\/strong>&nbsp;Apr\u00e8s avoir tenu un propos un peu abstrait sur la notion \u00ab\u00a0d&rsquo;\u00eatre fran\u00e7ais\u00a0\u00bb \u2013&nbsp;<em>\u00ab\u00a0c&rsquo;est \u00eatre enracin\u00e9 mais universel, c&rsquo;est sa&nbsp;capacit\u00e9 \u00e0 d\u00e9battre de tout et en permanence, et porter un projet de r\u00e9sistance et d\u2019ambition pour aujourd\u2019hui et pour demain\u00a0\u00bb<\/em>&nbsp;\u2013&nbsp;Emmanuel Macron entre enfin dans le vif du sujet en parlant de&nbsp;<strong><em>\u00ab\u00a0quatre orientations\u00a0\u00bb&nbsp;<\/em><\/strong>dans la deuxi\u00e8me partie de son quinquennat.&nbsp;<\/p>\n\n\n\n<p><\/p>\n\n\n\n<p style=\"text-align:left\"><br><em>Notre projet national doit \u00eatre plus jus plus humain pour rassembler (&#8230;) Ce nouveau temps de cette mandature je veux lui assigner un objectif simple : l&rsquo;esp\u00e9rance de progr\u00e8s et demander le meilleur de lui-m\u00eame \u00e0 chacun pour reconstruire l&rsquo;art d&rsquo;\u00eatre fran\u00e7ais.\u00a0\u00bb<\/em><\/p>\n\n\n\n<p><br>\u00ab\u00a0Les orientations prises ces 2 derni\u00e8res ann\u00e9es ont \u00e9t\u00e9 justes. Il faut poursuivre et intensifier alors que les premiers r\u00e9sultats sont l\u00e0\u00a0\u00bb<\/p>\n\n\n\n<p>\u00ab\u00a0Les orientations prises ces 2 derni\u00e8res ann\u00e9es ont \u00e9t\u00e9 justes. Il faut poursuivre et intensifier alors que les premiers r\u00e9sultats sont l\u00e0\u00a0\u00bb<\/p>\n\n\n\n<p><em>Je crois que ces fondamentaux des deux premi\u00e8res ann\u00e9es doivent se poursuivre et s&rsquo;intensifier (&#8230;) Les r\u00e9sultats commencent \u00e0 \u00eatre l\u00e0\u00a0\u00bb.<\/em><\/p>\n\n\n\n<p><em>Faut il tout arr\u00eater ce qui a \u00e9t\u00e9 lanc\u00e9 depuis deux ans. Je crois que c&rsquo;est tout le contraire\u00a0\u00bb.<\/em><\/p>\n\n\n\n<p>Emmanuel Macron affirme avoir&nbsp;<em>\u00ab\u00a0beaucoup appris\u00a0\u00bb<\/em>&nbsp;au cours du grand d\u00e9bat national. Un exercice&nbsp;<em>\u00ab\u00a0in\u00e9dit dans les d\u00e9mocraties contemporaines qui a permis \u00e0 plusieurs millions de concitoyens de participer\u00a0\u00bb. \u00ab\u00a0Je dois dire ma grande fiert\u00e9\u00a0\u00bb<\/em>, ajoute-t-il.<\/p>\n\n\n\n<p><strong>Emmanuel Macron<\/strong>pr\u00e9sident de la R\u00e9publique<\/p>\n\n\n\n<p><strong>MA<\/strong><em>Aujourd\u2019hui l&rsquo;ordre public doit revenir\u00a0\u00bb<\/em>, commence le chef de l&rsquo;Etat en revenant sur les six derniers mois. Mais cela&nbsp;<em>\u00ab\u00a0ne doit pas \u00e9clipser les justes demandes port\u00e9es par ce mouvement\u00a0\u00bb<\/em>.<\/p>\n\n\n\n<p style=\"text-align:left\">C&rsquo;est donc parti pour 20 minutes de propos liminaires du chef de l&rsquo;Etat.<\/p>\n\n\n\n<p><strong>Pour sa conf\u00e9rence de presse , Emmanuel Macron sera assis derri\u00e8re un bureau blanc. Yannick Letranchant,&nbsp;Directeur ex\u00e9cutif en charge de l&rsquo;information de France T\u00e9l\u00e9visions, d\u00e9voile sur son compte Twitter une photo:<\/strong><br>A 18H00, le chef de l&rsquo;Etat prendra place face \u00e0 320 journalistes, dont pr\u00e8s d&rsquo;un tiers de correspondants \u00e9trangers, dans la salle des f\u00eates de l&rsquo;Elys\u00e9e pour y d\u00e9voiler les enseignements tir\u00e9s du grand d\u00e9bat qu&rsquo;il avait lanc\u00e9 le 15 janvier. Emmanuel Macron devait s&rsquo;adresser aux Fran\u00e7ais le 15 avril mais l&rsquo;incendie de Notre-Dame l&rsquo;avait contraint \u00e0 reporter son allocution.<br>Entretemps, des fuites dans les m\u00e9dias l&rsquo;ont priv\u00e9 de l&rsquo;effet de surprise et oblig\u00e9 \u00e0 revoir son plan de communication. Il d\u00e9butera la conf\u00e9rence de presse par une d\u00e9claration d&rsquo;une vingtaine de minutes qui \u00ab\u00a0donnera des perspectives et un cap\u00a0\u00bb, selon la pr\u00e9sidence. Puis il entrera dans le d\u00e9tail des mesures en r\u00e9pondant aux questions des journalistes. Il devrait ainsi pr\u00e9ciser les conditions de baisses d&rsquo;imp\u00f4ts pour les classes moyennes, de r\u00e9indexation des retraites inf\u00e9rieures \u00e0 2.000 euros ou la promesse de ne pas fermer d&rsquo;\u00e9coles ou d&rsquo;h\u00f4pitaux jusqu&rsquo;\u00e0 la fin du quinquennat.<\/p>\n\n\n\n<p>Au cours de son propos liminaire d&rsquo;une vingtaine de minutes ou de l&rsquo;\u00e9change avec les journalistes, il devrait d&rsquo;abord corriger le tir sur un th\u00e8me, dont l&rsquo;absence dans son projet d&rsquo;allocution avait \u00e9t\u00e9 remarqu\u00e9e jusque dans son propre camp : l&rsquo;environnement sera abord\u00e9 lors de cette conf\u00e9rence de presse.<\/p>\n\n\n\n<p>Il y aura des mots, mais aussi une m\u00e9thode : des citoyens devraient ainsi \u00eatre tir\u00e9s au sort avec pour mission de faire des propositions sur \u00ab\u00a0l&rsquo;\u00e9cologie du quotidien\u00a0\u00bb. Emmanuel Macron va aussi solliciter les partenaires sociaux lors d&rsquo;une prochaine conf\u00e9rence sociale et environnementale. \u00ab\u00a0Il veut les mettre face \u00e0 leurs responsabilit\u00e9s\u00a0\u00bb, d\u00e9crypte un ministre, en les appelant notamment \u00e0 lier transition \u00e9cologique et emploi. R<\/p>\n\n\n\n<p>este que l&rsquo;\u00e9ducation et la sant\u00e9 constituent la m\u00e8re des batailles, selon le chef de l&rsquo;\u00c9tat.<\/p>\n\n\n\n<p>L&rsquo;engagement de ne pas fermer d\u2019\u00e9cole jusqu&rsquo;en 2022 sera maintenu, ce qui ne signifie pas qu&rsquo;aucune classe ne fermera.<\/p>\n","protected":false},"excerpt":{"rendered":"<p>Emmanuel Macron : Ni vote obligatoire, ni vote blanc &#8211; Pas de r\u00e9f\u00e9rendum sur les mesures annonc\u00e9es &#8211; L&rsquo;\u00e2ge l\u00e9gal de la retraite reste \u00e0 62 ans &#8211; Moins d&rsquo;imp\u00f4ts pour ceux qui travaillent Le propos liminaire vient de se terminer et on d\u00e9bute avec les questions des journalistes. Emmanuel Macron d\u00e9fend la la\u00efcit\u00e9 et [&hellip;]<\/p>\n","protected":false},"author":2,"featured_media":12175,"comment_status":"open","ping_status":"open","sticky":false,"template":"","format":"standard","meta":{"_jetpack_memberships_contains_paid_content":false,"footnotes":"","jetpack_publicize_message":"","jetpack_publicize_feature_enabled":true,"jetpack_social_post_already_shared":true,"jetpack_social_options":{"image_generator_settings":{"template":"highway","default_image_id":0,"font":"","enabled":false},"version":2},"_wpas_customize_per_network":false},"categories":[405],"tags":[],"class_list":["post-12174","post","type-post","status-publish","format-standard","has-post-thumbnail","hentry","category-actu-france-monde"],"jetpack_publicize_connections":[],"jetpack_featured_media_url":"https:\/\/i0.wp.com\/www.iceagetv.com\/radiosite\/wp-content\/uploads\/2019\/04\/conferance-de-presse-de-macron.jpg?fit=1196%2C450&ssl=1","jetpack_sharing_enabled":true,"_links":{"self":[{"href":"https:\/\/www.iceagetv.com\/radiosite\/wp-json\/wp\/v2\/posts\/12174","targetHints":{"allow":["GET"]}}],"collection":[{"href":"https:\/\/www.iceagetv.com\/radiosite\/wp-json\/wp\/v2\/posts"}],"about":[{"href":"https:\/\/www.iceagetv.com\/radiosite\/wp-json\/wp\/v2\/types\/post"}],"author":[{"embeddable":true,"href":"https:\/\/www.iceagetv.com\/radiosite\/wp-json\/wp\/v2\/users\/2"}],"replies":[{"embeddable":true,"href":"https:\/\/www.iceagetv.com\/radiosite\/wp-json\/wp\/v2\/comments?post=12174"}],"version-history":[{"count":3,"href":"https:\/\/www.iceagetv.com\/radiosite\/wp-json\/wp\/v2\/posts\/12174\/revisions"}],"predecessor-version":[{"id":12179,"href":"https:\/\/www.iceagetv.com\/radiosite\/wp-json\/wp\/v2\/posts\/12174\/revisions\/12179"}],"wp:featuredmedia":[{"embeddable":true,"href":"https:\/\/www.iceagetv.com\/radiosite\/wp-json\/wp\/v2\/media\/12175"}],"wp:attachment":[{"href":"https:\/\/www.iceagetv.com\/radiosite\/wp-json\/wp\/v2\/media?parent=12174"}],"wp:term":[{"taxonomy":"category","embeddable":true,"href":"https:\/\/www.iceagetv.com\/radiosite\/wp-json\/wp\/v2\/categories?post=12174"},{"taxonomy":"post_tag","embeddable":true,"href":"https:\/\/www.iceagetv.com\/radiosite\/wp-json\/wp\/v2\/tags?post=12174"}],"curies":[{"name":"wp","href":"https:\/\/api.w.org\/{rel}","templated":true}]}}