{"id":12186,"date":"2019-04-27T11:59:39","date_gmt":"2019-04-27T11:59:39","guid":{"rendered":"http:\/\/www.iceagetv.com\/radiosite\/?p=12186"},"modified":"2019-04-27T11:59:47","modified_gmt":"2019-04-27T11:59:47","slug":"pas-de-fermetures-decoles-mais-toujours-des-fermetures-de-classes-en-primaire-selon-le-ministre-de-leducation","status":"publish","type":"post","link":"https:\/\/www.iceagetv.com\/radiosite\/pas-de-fermetures-decoles-mais-toujours-des-fermetures-de-classes-en-primaire-selon-le-ministre-de-leducation\/","title":{"rendered":"Pas de fermetures d\u2019\u00e9coles, mais toujours des fermetures de classes en primaire, selon le ministre de l\u2019\u00e9ducation"},"content":{"rendered":"\n<p>Le ministre de l\u2019\u00e9ducation, Jean-Michel Blanquer, a confirm\u00e9, samedi 27&nbsp;avril, la promesse d\u2019Emmanuel Macron de ne plus fermer d\u2019\u00e9coles primaires contre l\u2019avis des maires. Pour des raisons<em>\u00ab&nbsp;d\u2019\u00e9quit\u00e9 territoriale&nbsp;\u00bb<\/em>, le ministre a en revanche fait savoir que des classes continueraient \u00e0 fermer en fonction des besoins.<\/p>\n\n\n\n<p>Interrog\u00e9 sur Franceinfo, M.&nbsp;Blanquer a ainsi nuanc\u00e9 les annonces faites jeudi par le pr\u00e9sident \u00e0 l\u2019issue du d\u00e9bat national con\u00e7u comme une r\u00e9ponse politique \u00e0 la contestation sociale des \u00ab&nbsp;gilets jaunes&nbsp;\u00bb&nbsp;:<\/p>\n\n\n\n<p><em>\u00ab\u00a0Nous ne fermerons pas d\u2019\u00e9cole primaire, c\u2019est la premi\u00e8re fois qu\u2019un gouvernement s\u2019engage \u00e0 faire cela, c\u2019est \u00e9norme. (\u2026) Pour les classes c\u2019est forc\u00e9ment diff\u00e9rent. Personne, aucun ministre de l\u2019\u00e9ducation ne pourrait vous dire qu\u2019il n\u2019y a jamais de fermetures de classes.\u00a0\u00bb<\/em><br>Parmi les maires, certains estiment n\u00e9anmoins que le vrai enjeu ne concerne pas la fermeture des \u00e9coles, assez rare, mais celle des classes.\u00a0<em>\u00ab\u00a0Si vous ne fermez pas une classe parfois, vous cr\u00e9ez des in\u00e9galit\u00e9s puisque vous avez des gens qui bougent d\u2019un endroit \u00e0 l\u2019autre\u00a0\u00bb<\/em>, s\u2019est justifi\u00e9 le ministre, en pointant de\u00a0<em>\u00ab\u00a0grandes disparit\u00e9s\u00a0\u00bb<\/em>\u00a0existantes, avec\u00a0<em>\u00ab\u00a0quatorze \u00e9l\u00e8ves par classe en Loz\u00e8re\u00a0\u00bb<\/em>contre\u00a0<em>\u00ab\u00a0vingt-sept dans certains d\u00e9partements\u00a0\u00bb<\/em>.<\/p>\n\n\n\n<p>Le quasi-arr\u00eat des fermetures d\u2019\u00e9coles primaires \u2013 sauf en cas d\u2019accord du maire \u2013 entrera par ailleurs en vigueur&nbsp;<em>\u00ab&nbsp;d\u00e8s la rentr\u00e9e prochaine&nbsp;\u00bb<\/em>, a indiqu\u00e9 M. Blanquer. L\u2019\u00e9ducation nationale pr\u00e9voyait initialement de fermer&nbsp;<em>\u00ab&nbsp;186&nbsp;\u00bb<\/em>&nbsp;\u00e9coles, dont&nbsp;<em>\u00ab&nbsp;80 \u00e9coles rurales&nbsp;\u00bb<\/em>&nbsp;\u00e0 l\u2019automne, a-t-il d\u00e9taill\u00e9. Mais apr\u00e8s la promesse pr\u00e9sidentielle,&nbsp;<em>\u00ab&nbsp;m\u00eame ce 186, nous allons revenir dessus&nbsp;\u00bb&nbsp;:<\/em><\/p>\n\n\n\n<p><em>\u00ab&nbsp;C\u2019est-\u00e0-dire que nous allons, \u00e9cole par \u00e9cole, regarder avec les maires concern\u00e9s si nous la fermons r\u00e9ellement.&nbsp;\u00bb<\/em><\/p>\n\n\n\n<h2 class=\"wp-block-heading\">\u00ab&nbsp;Un minimum de 2&nbsp;000 cr\u00e9ations de postes par an<\/h2>\n\n\n\n<p>Le ministre a \u00e9galement \u00e9voqu\u00e9 les autres promesses \u00e9ducatives du chef de l\u2019Etat, notamment \u00e9tendre \u00e0 la grande section de maternelle, dans les quartiers d\u00e9favoris\u00e9s, le d\u00e9doublement des classes d\u00e9j\u00e0 mis en \u0153uvre au CP et au CE1. Cette mesure entrera en application \u00e0 partir de la rentr\u00e9e 2020 et concernera 6&nbsp;000 classes en plus.<\/p>\n\n\n\n<p>Le chef de l\u2019Etat a \u00e9galement annonc\u00e9 jeudi un nouveau cap\u00a0: plafonner \u00e0 vingt-quatre \u00e9l\u00e8ves le nombre d\u2019enfants \u2013 soit 1,4\u00a0million d\u2019\u00e9l\u00e8ves \u2013 dans toutes les classes allant de la grande section de maternelle au CE1, partout sur le territoire et pas seulement en \u00ab\u00a0ZEP\u00a0\u00bb, entre les rentr\u00e9es 2020 et 2022. Le minist\u00e8re chiffre le nombre de classes suppl\u00e9mentaires entre 3\u00a0000\u00a0et 5\u00a0000.<\/p>\n\n\n\n<p>Le syndicat SNUipp-FSU a sorti la calculatrice&nbsp;: hors \u00e9ducation prioritaire, il estime \u00e0 15&nbsp;000 le nombre de classes de grande section et \u00e0 20&nbsp;000 celles de CP et de CE1 qui d\u00e9passent le seuil de vingt-quatre enfants. L\u2019annonce, selon lui, devrait donc faire porter l\u2019effort sur quelque 35&nbsp;000 classes.&nbsp;<a href=\"https:\/\/www.lesechos.fr\/politique-societe\/societe\/10000-postes-necessaires-pour-ramener-les-classes-a-24-eleves-1013769\">Dans son \u00e9dition du 25&nbsp;avril,<\/a>&nbsp;<em>Les Echos&nbsp;<\/em>estiment les besoins autour de 10&nbsp;000 postes. Contact\u00e9, le cabinet Blanquer assure<em>&nbsp;\u00ab&nbsp;ne pas \u00eatre sur cette ampleur de postes&nbsp;\u00bb,&nbsp;<\/em>et qu\u2019il devrait pr\u00e9ciser le chiffre dans les jours qui viennent.<\/p>\n\n\n\n<p>Samedi, M.&nbsp;Blanquer a estim\u00e9 qu\u2019<em>\u00ab&nbsp;un minimum de 2&nbsp;000 cr\u00e9ations de postes par an (\u2026) sera n\u00e9cessaire&nbsp;\u00bb<\/em>&nbsp;et&nbsp;<em>\u00ab&nbsp;2&nbsp;300&nbsp;\u00bb<\/em>&nbsp;postes seront cr\u00e9\u00e9s dans cette optique&nbsp;<em>\u00ab&nbsp;d\u00e8s la rentr\u00e9e prochaine&nbsp;\u00bb<\/em>. Le minist\u00e8re est actuellement&nbsp;<em>\u00ab&nbsp;dans un travail d\u2019\u00e9valuation&nbsp;\u00bb<\/em>&nbsp;a-t-il expliqu\u00e9.<\/p>\n","protected":false},"excerpt":{"rendered":"<p>Le ministre de l\u2019\u00e9ducation, Jean-Michel Blanquer, a confirm\u00e9, samedi 27&nbsp;avril, la promesse d\u2019Emmanuel Macron de ne plus fermer d\u2019\u00e9coles primaires contre l\u2019avis des maires. Pour des raisons\u00ab&nbsp;d\u2019\u00e9quit\u00e9 territoriale&nbsp;\u00bb, le ministre a en revanche fait savoir que des classes continueraient \u00e0 fermer en fonction des besoins. Interrog\u00e9 sur Franceinfo, M.&nbsp;Blanquer a ainsi nuanc\u00e9 les annonces faites [&hellip;]<\/p>\n","protected":false},"author":2,"featured_media":12187,"comment_status":"open","ping_status":"open","sticky":false,"template":"","format":"standard","meta":{"_jetpack_memberships_contains_paid_content":false,"footnotes":"","jetpack_publicize_message":"","jetpack_publicize_feature_enabled":true,"jetpack_social_post_already_shared":true,"jetpack_social_options":{"image_generator_settings":{"template":"highway","default_image_id":0,"font":"","enabled":false},"version":2},"_wpas_customize_per_network":false},"categories":[405],"tags":[],"class_list":["post-12186","post","type-post","status-publish","format-standard","has-post-thumbnail","hentry","category-actu-france-monde"],"jetpack_publicize_connections":[],"jetpack_featured_media_url":"https:\/\/i0.wp.com\/www.iceagetv.com\/radiosite\/wp-content\/uploads\/2019\/04\/Le-ministre-de-l%E2%80%99%C3%A9ducation.jpg?fit=192%2C128&ssl=1","jetpack_sharing_enabled":true,"_links":{"self":[{"href":"https:\/\/www.iceagetv.com\/radiosite\/wp-json\/wp\/v2\/posts\/12186","targetHints":{"allow":["GET"]}}],"collection":[{"href":"https:\/\/www.iceagetv.com\/radiosite\/wp-json\/wp\/v2\/posts"}],"about":[{"href":"https:\/\/www.iceagetv.com\/radiosite\/wp-json\/wp\/v2\/types\/post"}],"author":[{"embeddable":true,"href":"https:\/\/www.iceagetv.com\/radiosite\/wp-json\/wp\/v2\/users\/2"}],"replies":[{"embeddable":true,"href":"https:\/\/www.iceagetv.com\/radiosite\/wp-json\/wp\/v2\/comments?post=12186"}],"version-history":[{"count":1,"href":"https:\/\/www.iceagetv.com\/radiosite\/wp-json\/wp\/v2\/posts\/12186\/revisions"}],"predecessor-version":[{"id":12188,"href":"https:\/\/www.iceagetv.com\/radiosite\/wp-json\/wp\/v2\/posts\/12186\/revisions\/12188"}],"wp:featuredmedia":[{"embeddable":true,"href":"https:\/\/www.iceagetv.com\/radiosite\/wp-json\/wp\/v2\/media\/12187"}],"wp:attachment":[{"href":"https:\/\/www.iceagetv.com\/radiosite\/wp-json\/wp\/v2\/media?parent=12186"}],"wp:term":[{"taxonomy":"category","embeddable":true,"href":"https:\/\/www.iceagetv.com\/radiosite\/wp-json\/wp\/v2\/categories?post=12186"},{"taxonomy":"post_tag","embeddable":true,"href":"https:\/\/www.iceagetv.com\/radiosite\/wp-json\/wp\/v2\/tags?post=12186"}],"curies":[{"name":"wp","href":"https:\/\/api.w.org\/{rel}","templated":true}]}}