{"id":12196,"date":"2019-04-28T08:12:03","date_gmt":"2019-04-28T08:12:03","guid":{"rendered":"http:\/\/www.iceagetv.com\/radiosite\/?p=12196"},"modified":"2019-04-28T08:12:12","modified_gmt":"2019-04-28T08:12:12","slug":"lantiseche-ce-fiasco-illustre-si-bien-la-saison-du-psg","status":"publish","type":"post","link":"https:\/\/www.iceagetv.com\/radiosite\/lantiseche-ce-fiasco-illustre-si-bien-la-saison-du-psg\/","title":{"rendered":"L&rsquo;antis\u00e8che : Ce fiasco illustre si bien la saison du PSG"},"content":{"rendered":"\n<h2 class=\"wp-block-heading\">COUPE DE FRANCE &#8211; Malgr\u00e9 une entame de r\u00eave concr\u00e9tis\u00e9e par un break d&rsquo;avance, le Paris Saint-Germain a fini par s&rsquo;incliner devant Rennes en finale, samedi soir, au Stade de France (2-2, 6-5 t.a.b.). Comme en Ligue des champions, les Parisiens n&rsquo;ont pas su conclure dans une situation pourtant id\u00e9alement lanc\u00e9e. C&rsquo;est le r\u00e9sum\u00e9 parfait de leur saison. Notre antis\u00e8che.<\/h2>\n\n\n\n<h2 class=\"wp-block-heading\">Le jeu : Celui qui a tout chang\u00e9, c&rsquo;est Kimpembe<\/h2>\n\n\n\n<p>Une demi-heure de r\u00eave, deux buts sublimes, des Rennais d\u00e9pass\u00e9s, incapables de d\u00e9fendre sur les c\u00f4t\u00e9s et d&rsquo;endiguer les vagues parisiennes : le sc\u00e9nario de cette finale dessinait clairement un carton du\u00a0<a href=\"https:\/\/www.eurosport.fr\/football\/equipes\/paris-sg\/teamcenter.shtml\">PSG<\/a>, plut\u00f4t qu&rsquo;une victoire rennaise. Mais Paris s&rsquo;est repos\u00e9 sur ses lauriers et le but contre son camp de Presnel Kimpembe a tout chang\u00e9. Remis en selle, Rennes a affich\u00e9 un tout autre visage. Plus agressifs, plus offensifs, les Bretons ont aussi eu le m\u00e9rite d&rsquo;exploiter au mieux les lacunes du PSG : ses difficult\u00e9s \u00e0 d\u00e9fendre sur les coups de pied arr\u00eat\u00e9s, sur le but \u00e9galisateur, et sa f\u00e9brilit\u00e9 psychologique quand le spectre de la d\u00e9faite commence \u00e0 prendre vie. Plus le temps avan\u00e7ait, plus elle pendait au nez de Paris. Elle est finalement arriv\u00e9e avec la loterie des tirs au but.<\/p>\n\n\n\n<h2 class=\"wp-block-heading\">Les joueurs : Koubek s&rsquo;est d\u00e9pass\u00e9, ses d\u00e9fenseurs aussi<\/h2>\n\n\n\n<p>Les deux buts rapidement encaiss\u00e9s n&rsquo;ont pas entam\u00e9 sa confiance. Derri\u00e8re, Tomas Koubek a tout sorti et initi\u00e9 en cela le miracle rennais. Ce miracle, les Bretons le doivent aussi \u00e0 leurs d\u00e9fenseurs qui, en plus de contenir les attaquants parisiens apr\u00e8s une premi\u00e8re demi-heure d\u00e9licate, ont su se montrer d\u00e9cisif \u00e0 l&rsquo;image Hamari Traor\u00e9 et de Mexer. Les Rennais ont tous sign\u00e9 un grand match, \u00e0 part\u00a0<a href=\"https:\/\/www.eurosport.fr\/football\/hatem-ben-arfa_prs206770\/person.shtml\">Hatem Ben Arfa<\/a>, inconstant et coupable sur le deuxi\u00e8me but parisien.<\/p>\n\n\n\n<p>Il a \u00e9t\u00e9 inscrit par un&nbsp;<a href=\"https:\/\/www.eurosport.fr\/football\/neymar_prs189167\/person.shtml\">Neymar<\/a>&nbsp;d\u00e9j\u00e0 d\u00e9cisif sur l&rsquo;ouverture du score d&rsquo;un&nbsp;<a href=\"https:\/\/www.eurosport.fr\/football\/dani-alves_prs206480\/person.shtml\">Dani Alves<\/a>, qui a \u00e9t\u00e9 l&rsquo;autre homme fort de la belle entame du PSG. Mais la vraie satisfaction parisienne, c&rsquo;est Colin Dagba, impeccable sur le c\u00f4t\u00e9 droit de la d\u00e9fense malgr\u00e9 son manque d&rsquo;exp\u00e9rience. Il a \u00e9t\u00e9 le meilleur \u00e9l\u00e9ment d&rsquo;une d\u00e9fense francilienne o\u00f9&nbsp;<a href=\"https:\/\/www.eurosport.fr\/football\/juan-bernat_prs289766\/person.shtml\">Juan Bernat<\/a>n&rsquo;a pas eu son rendement habituel. Presnel Kimpembe, lui, est totalement pass\u00e9 \u00e0 c\u00f4t\u00e9 de son sujet. Comme&nbsp;<a href=\"https:\/\/www.eurosport.fr\/football\/julian-draxler_prs266056\/person.shtml\">Julian Draxler<\/a>. Et surtout&nbsp;<a href=\"https:\/\/www.eurosport.fr\/football\/kylian-mbappe_prs440181\/person.shtml\">Kylian Mbapp\u00e9<\/a>.<\/p>\n\n\n\n<h2 class=\"wp-block-heading\">Le facteur X : On n&rsquo;a pas reconnu Mbapp\u00e9<\/h2>\n\n\n\n<p>Il \u00e9tait incertain apr\u00e8s avoir ressenti une douleur \u00e0 la jambe vendredi \u00e0 l&rsquo;entra\u00eenement. Cela s&rsquo;est senti. Kylian Mbapp\u00e9 n&rsquo;a jamais eu cette capacit\u00e9 d&rsquo;acc\u00e9l\u00e9ration qui le rend si irr\u00e9sistible. Il a aussi multipli\u00e9 les mauvais choix, notamment dans un face-\u00e0-face avec Koubek o\u00f9 il a pr\u00e9f\u00e9r\u00e9 adresser une passe, manqu\u00e9e, \u00e0 Neymar. Il a \u00e9galement manqu\u00e9 de r\u00e9ussite en trouvant le poteau du portier rennais. Il s&rsquo;est surtout rendu coupable d&rsquo;un geste inadmissible, un v\u00e9ritable attentat sur Da Silva qui lui a logiquement valu une expulsion. Une mauvaise note qui contraste avec radicalement une saison de grande classe.<\/p>\n\n\n\n<h2 class=\"wp-block-heading\">La stat : 29<\/h2>\n\n\n\n<p>Il faut donner sa pleine mesure \u00e0 l&rsquo;exploit r\u00e9alis\u00e9 par Rennes, un club qui courait apr\u00e8s un troph\u00e9e depuis 48 ans et qui \u00e9tait loin de partir favori face \u00e0 Paris. Pour des tas de raison, et notamment parce que le club de la capitale restait sur une s\u00e9rie ahurissante de 29 victoires cons\u00e9cutives en Coupe de France. Il en \u00e9tait le quadruple tenant du titre. Il ne s&rsquo;\u00e9tait plus inclin\u00e9 dans cette comp\u00e9tition depuis un 16e de finale perdu face \u00e0\u00a0<a href=\"https:\/\/www.eurosport.fr\/football\/equipes\/montpellier\/teamcenter.shtml\">Montpellier<\/a>\u00a0en janvier 2014 au Parc des Princes (1-2). Les Bretons ont renvers\u00e9 la r\u00e9f\u00e9rence de la Coupe de France. Et m\u00eame si le PSG y a mis du sien, cela n&rsquo;enl\u00e8ve rien \u00e0 la formidable prouesse des hommes de Julien\u00a0<a href=\"https:\/\/www.eurosport.fr\/football\/alexander-stephan_prs86976\/person.shtml\">St\u00e9phan<\/a>.<\/p>\n\n\n\n<h2 class=\"wp-block-heading\">La d\u00e9cla : Thomas Tuchel (entra\u00eeneur du PSG)<\/h2>\n\n\n\n<blockquote class=\"wp-block-quote is-layout-flow wp-block-quote-is-layout-flow\"><p>\u00a0\u00bb&nbsp;Nous sommes fragiles. Ce sont des matches d\u00e9cisifs, avec des d\u00e9tails. Nous ne sommes pas attentifs.\u00a0\u00bb<\/p><\/blockquote>\n\n\n\n<h2 class=\"wp-block-heading\">La question : Tuchel est-il fragilis\u00e9 apr\u00e8s ce nouveau fisaco ?<\/h2>\n\n\n\n<p>L&rsquo;entra\u00eeneur parisien \u00e9tait intouchable au soir de la victoire \u00e0 Old Trafford face \u00e0\u00a0<a href=\"https:\/\/www.eurosport.fr\/football\/equipes\/manchester-united\/teamcenter.shtml\">Manchester United<\/a>\u00a0(0-2). Parce qu&rsquo;au-del\u00e0 du r\u00e9sultat, il y avait la mani\u00e8re. Mais il y avait surtout le caract\u00e8re. Paris avait affich\u00e9 ces qualit\u00e9s mentales qui lui avaient tant fait d\u00e9faut jusque-l\u00e0 en Ligue des champions. Le technicien allemand semblait avoir chang\u00e9 le visage de cette \u00e9quipe et trouv\u00e9 le rem\u00e8de pour soigner ses maux. C&rsquo;\u00e9tait il y a deux mois et demi. Une p\u00e9riode qui a suffi \u00e0 faire voler ce constat en \u00e9clat.<\/p>\n\n\n\n<h1 class=\"wp-block-heading\">L&rsquo;antis\u00e8che : Ce fiasco illustre si bien la saison du PSG<\/h1>\n\n\n\n<h2 class=\"wp-block-heading\">COUPE DE FRANCE &#8211; Malgr\u00e9 une entame de r\u00eave concr\u00e9tis\u00e9e par un break d&rsquo;avance, le Paris Saint-Germain a fini par s&rsquo;incliner devant Rennes en finale, samedi soir, au Stade de France (2-2, 6-5 t.a.b.). Comme en Ligue des champions, les Parisiens n&rsquo;ont pas su conclure dans une situation pourtant id\u00e9alement lanc\u00e9e. C&rsquo;est le r\u00e9sum\u00e9 parfait de leur saison. Notre antis\u00e8che.<\/h2>\n\n\n\n<h2 class=\"wp-block-heading\">Le jeu : Celui qui a tout chang\u00e9, c&rsquo;est Kimpembe<\/h2>\n\n\n\n<p>Une demi-heure de r\u00eave, deux buts sublimes, des Rennais d\u00e9pass\u00e9s, incapables de d\u00e9fendre sur les c\u00f4t\u00e9s et d&rsquo;endiguer les vagues parisiennes : le sc\u00e9nario de cette finale dessinait clairement un carton du&nbsp;<a href=\"https:\/\/www.eurosport.fr\/football\/equipes\/paris-sg\/teamcenter.shtml\">PSG<\/a>, plut\u00f4t qu&rsquo;une victoire rennaise. Mais Paris s&rsquo;est repos\u00e9 sur ses lauriers et le but contre son camp de Presnel Kimpembe a tout chang\u00e9. Remis en selle, Rennes a affich\u00e9 un tout autre visage. Plus agressifs, plus offensifs, les Bretons ont aussi eu le m\u00e9rite d&rsquo;exploiter au mieux les lacunes du PSG : ses difficult\u00e9s \u00e0 d\u00e9fendre sur les coups de pied arr\u00eat\u00e9s, sur le but \u00e9galisateur, et sa f\u00e9brilit\u00e9 psychologique quand le spectre de la d\u00e9faite commence \u00e0 prendre vie. Plus le temps avan\u00e7ait, plus elle pendait au nez de Paris. Elle est finalement arriv\u00e9e avec la loterie des tirs au but.<\/p>\n\n\n\n<h2 class=\"wp-block-heading\">Les joueurs : Koubek s&rsquo;est d\u00e9pass\u00e9, ses d\u00e9fenseurs aussi<\/h2>\n\n\n\n<p>Les deux buts rapidement encaiss\u00e9s n&rsquo;ont pas entam\u00e9 sa confiance. Derri\u00e8re, Tomas Koubek a tout sorti et initi\u00e9 en cela le miracle rennais. Ce miracle, les Bretons le doivent aussi \u00e0 leurs d\u00e9fenseurs qui, en plus de contenir les attaquants parisiens apr\u00e8s une premi\u00e8re demi-heure d\u00e9licate, ont su se montrer d\u00e9cisif \u00e0 l&rsquo;image Hamari Traor\u00e9 et de Mexer. Les Rennais ont tous sign\u00e9 un grand match, \u00e0 part&nbsp;<a href=\"https:\/\/www.eurosport.fr\/football\/hatem-ben-arfa_prs206770\/person.shtml\">Hatem Ben Arfa<\/a>, inconstant et coupable sur le deuxi\u00e8me but parisien.<\/p>\n\n\n\n<figure class=\"wp-block-image\"><img data-recalc-dims=\"1\" decoding=\"async\" src=\"https:\/\/i0.wp.com\/i.eurosport.com\/2019\/04\/28\/2574942-53397550-2560-1440.jpg?w=1170&#038;ssl=1\" alt=\"Tomas Koubek\"\/><\/figure>\n\n\n\n<p>Tomas KoubekGetty Images<\/p>\n\n\n\n<p>Il a \u00e9t\u00e9 inscrit par un&nbsp;<a href=\"https:\/\/www.eurosport.fr\/football\/neymar_prs189167\/person.shtml\">Neymar<\/a>&nbsp;d\u00e9j\u00e0 d\u00e9cisif sur l&rsquo;ouverture du score d&rsquo;un&nbsp;<a href=\"https:\/\/www.eurosport.fr\/football\/dani-alves_prs206480\/person.shtml\">Dani Alves<\/a>, qui a \u00e9t\u00e9 l&rsquo;autre homme fort de la belle entame du PSG. Mais la vraie satisfaction parisienne, c&rsquo;est Colin Dagba, impeccable sur le c\u00f4t\u00e9 droit de la d\u00e9fense malgr\u00e9 son manque d&rsquo;exp\u00e9rience. Il a \u00e9t\u00e9 le meilleur \u00e9l\u00e9ment d&rsquo;une d\u00e9fense francilienne o\u00f9&nbsp;<a href=\"https:\/\/www.eurosport.fr\/football\/juan-bernat_prs289766\/person.shtml\">Juan Bernat<\/a>n&rsquo;a pas eu son rendement habituel. Presnel Kimpembe, lui, est totalement pass\u00e9 \u00e0 c\u00f4t\u00e9 de son sujet. Comme&nbsp;<a href=\"https:\/\/www.eurosport.fr\/football\/julian-draxler_prs266056\/person.shtml\">Julian Draxler<\/a>. Et surtout&nbsp;<a href=\"https:\/\/www.eurosport.fr\/football\/kylian-mbappe_prs440181\/person.shtml\">Kylian Mbapp\u00e9<\/a>.<\/p>\n\n\n\n<h2 class=\"wp-block-heading\">Le facteur X : On n&rsquo;a pas reconnu Mbapp\u00e9<\/h2>\n\n\n\n<p>Il \u00e9tait incertain apr\u00e8s avoir ressenti une douleur \u00e0 la jambe vendredi \u00e0 l&rsquo;entra\u00eenement. Cela s&rsquo;est senti. Kylian Mbapp\u00e9 n&rsquo;a jamais eu cette capacit\u00e9 d&rsquo;acc\u00e9l\u00e9ration qui le rend si irr\u00e9sistible. Il a aussi multipli\u00e9 les mauvais choix, notamment dans un face-\u00e0-face avec Koubek o\u00f9 il a pr\u00e9f\u00e9r\u00e9 adresser une passe, manqu\u00e9e, \u00e0 Neymar. Il a \u00e9galement manqu\u00e9 de r\u00e9ussite en trouvant le poteau du portier rennais. Il s&rsquo;est surtout rendu coupable d&rsquo;un geste inadmissible, un v\u00e9ritable attentat sur Da Silva qui lui a logiquement valu une expulsion. Une mauvaise note qui contraste avec radicalement une saison de grande classe.<\/p>\n\n\n\n<figure class=\"wp-block-image\"><img data-recalc-dims=\"1\" decoding=\"async\" src=\"https:\/\/i0.wp.com\/i.eurosport.com\/2019\/04\/28\/2574927-53397250-2560-1440.jpg?w=1170&#038;ssl=1\" alt=\"\"\/><\/figure>\n\n\n\n<p>VID\u00c9O &#8211;&nbsp;L&rsquo;incompr\u00e9hensible attentat de Mbapp\u00e9, expuls\u00e9 pour un tacle violent sur Da Silva02:21<\/p>\n\n\n\n<h2 class=\"wp-block-heading\">La stat : 29<\/h2>\n\n\n\n<p>Il faut donner sa pleine mesure \u00e0 l&rsquo;exploit r\u00e9alis\u00e9 par Rennes, un club qui courait apr\u00e8s un troph\u00e9e depuis 48 ans et qui \u00e9tait loin de partir favori face \u00e0 Paris. Pour des tas de raison, et notamment parce que le club de la capitale restait sur une s\u00e9rie ahurissante de 29 victoires cons\u00e9cutives en Coupe de France. Il en \u00e9tait le quadruple tenant du titre. Il ne s&rsquo;\u00e9tait plus inclin\u00e9 dans cette comp\u00e9tition depuis un 16e de finale perdu face \u00e0&nbsp;<a href=\"https:\/\/www.eurosport.fr\/football\/equipes\/montpellier\/teamcenter.shtml\">Montpellier<\/a>&nbsp;en janvier 2014 au Parc des Princes (1-2). Les Bretons ont renvers\u00e9 la r\u00e9f\u00e9rence de la Coupe de France. Et m\u00eame si le PSG y a mis du sien, cela n&rsquo;enl\u00e8ve rien \u00e0 la formidable prouesse des hommes de Julien&nbsp;<a href=\"https:\/\/www.eurosport.fr\/football\/alexander-stephan_prs86976\/person.shtml\">St\u00e9phan<\/a>.<\/p>\n\n\n\n<h2 class=\"wp-block-heading\">Le tweet contre mauvaise fortune bon c\u0153ur<\/h2>\n\n\n\n<blockquote class=\"wp-block-quote is-layout-flow wp-block-quote-is-layout-flow\"><p>C&rsquo;est quand-m\u00eame un mythe de la lose qui s&rsquo;effondre. Bon, un autre qui se consolide aussi.<\/p><\/blockquote>\n\n\n\n<h2 class=\"wp-block-heading\">La d\u00e9cla : Thomas Tuchel (entra\u00eeneur du PSG)<\/h2>\n\n\n\n<blockquote class=\"wp-block-quote is-layout-flow wp-block-quote-is-layout-flow\"><p>\u00a0\u00bb&nbsp;Nous sommes fragiles. Ce sont des matches d\u00e9cisifs, avec des d\u00e9tails. Nous ne sommes pas attentifs.\u00a0\u00bb<\/p><\/blockquote>\n\n\n\n<h2 class=\"wp-block-heading\">La question : Tuchel est-il fragilis\u00e9 apr\u00e8s ce nouveau fisaco ?<\/h2>\n\n\n\n<p>L&rsquo;entra\u00eeneur parisien \u00e9tait intouchable au soir de la victoire \u00e0 Old Trafford face \u00e0&nbsp;<a href=\"https:\/\/www.eurosport.fr\/football\/equipes\/manchester-united\/teamcenter.shtml\">Manchester United<\/a>&nbsp;(0-2). Parce qu&rsquo;au-del\u00e0 du r\u00e9sultat, il y avait la mani\u00e8re. Mais il y avait surtout le caract\u00e8re. Paris avait affich\u00e9 ces qualit\u00e9s mentales qui lui avaient tant fait d\u00e9faut jusque-l\u00e0 en Ligue des champions. Le technicien allemand semblait avoir chang\u00e9 le visage de cette \u00e9quipe et trouv\u00e9 le rem\u00e8de pour soigner ses maux. C&rsquo;\u00e9tait il y a deux mois et demi. Une p\u00e9riode qui a suffi \u00e0 faire voler ce constat en \u00e9clat.<\/p>\n\n\n\n<blockquote class=\"wp-block-quote is-layout-flow wp-block-quote-is-layout-flow\"><p>Incroyable Rennes. Incroyable PSG. Incroyable finale de Coupe.<br>(Et sinon, \u00e7a va \u00eatre chaud pour Tuchel.)<\/p><\/blockquote>\n\n\n\n<p>Les limites de ce PSG, ce sont aussi celles de Tuchel. L&rsquo;Allemand n&rsquo;a pas su capitaliser sur la performance d&rsquo;Old Trafford. Les d\u00e9convenues du match retour face aux Red Devils et de cette finale perdue face \u00e0 Rennes mettent en lumi\u00e8re les faillites mentales persistantes des Parisiens. Il n&rsquo;y a finalement rien chang\u00e9. Et le bilan s&rsquo;en ressent fatalement. Paris doit se contenter d&rsquo;un titre de champion de France. Il a perdu sa Coupe de France et sa Coupe de la Ligue. Il n&rsquo;a pas progress\u00e9 en Ligue des champions. C&rsquo;est la pire saison des Parisiens depuis la premi\u00e8re ann\u00e9e de l&rsquo;\u00e8re QSI.<\/p>\n\n\n\n<p>Tuchel est lui aussi responsable de cet \u00e9chec. Malgr\u00e9 des circonstances att\u00e9nuantes, \u00e0 commencer par cette cascade de blessures qui a consid\u00e9rablement plomb\u00e9 le printemps de son \u00e9quipe, l&rsquo;Allemand n&rsquo;a pas su tenir la distance dans ses choix tactiques ou dans sa communication. Il incarne finalement tr\u00e8s bien cette \u00e9quipe incapable de terminer un travail qu&rsquo;elle avait pourtant parfaitement commenc\u00e9. C&rsquo;est l&rsquo;histoire de la saison du PSG et cette finale perdue face \u00e0 Rennes en est la plus parfaite illustration. Forc\u00e9ment, Tuchel en ressort fragilis\u00e9. Comme tout le club.<\/p>\n\n\n\n<p><br><\/p>\n","protected":false},"excerpt":{"rendered":"<p>COUPE DE FRANCE &#8211; Malgr\u00e9 une entame de r\u00eave concr\u00e9tis\u00e9e par un break d&rsquo;avance, le Paris Saint-Germain a fini par s&rsquo;incliner devant Rennes en finale, samedi soir, au Stade de France (2-2, 6-5 t.a.b.). Comme en Ligue des champions, les Parisiens n&rsquo;ont pas su conclure dans une situation pourtant id\u00e9alement lanc\u00e9e. C&rsquo;est le r\u00e9sum\u00e9 parfait [&hellip;]<\/p>\n","protected":false},"author":2,"featured_media":12197,"comment_status":"open","ping_status":"open","sticky":false,"template":"","format":"standard","meta":{"_jetpack_memberships_contains_paid_content":false,"footnotes":"","jetpack_publicize_message":"","jetpack_publicize_feature_enabled":true,"jetpack_social_post_already_shared":true,"jetpack_social_options":{"image_generator_settings":{"template":"highway","default_image_id":0,"font":"","enabled":false},"version":2},"_wpas_customize_per_network":false},"categories":[18],"tags":[],"class_list":["post-12196","post","type-post","status-publish","format-standard","has-post-thumbnail","hentry","category-actu-sport"],"jetpack_publicize_connections":[],"jetpack_featured_media_url":"https:\/\/i0.wp.com\/www.iceagetv.com\/radiosite\/wp-content\/uploads\/2019\/04\/Coupe-de-France.jpg?fit=1950%2C1096&ssl=1","jetpack_sharing_enabled":true,"_links":{"self":[{"href":"https:\/\/www.iceagetv.com\/radiosite\/wp-json\/wp\/v2\/posts\/12196","targetHints":{"allow":["GET"]}}],"collection":[{"href":"https:\/\/www.iceagetv.com\/radiosite\/wp-json\/wp\/v2\/posts"}],"about":[{"href":"https:\/\/www.iceagetv.com\/radiosite\/wp-json\/wp\/v2\/types\/post"}],"author":[{"embeddable":true,"href":"https:\/\/www.iceagetv.com\/radiosite\/wp-json\/wp\/v2\/users\/2"}],"replies":[{"embeddable":true,"href":"https:\/\/www.iceagetv.com\/radiosite\/wp-json\/wp\/v2\/comments?post=12196"}],"version-history":[{"count":1,"href":"https:\/\/www.iceagetv.com\/radiosite\/wp-json\/wp\/v2\/posts\/12196\/revisions"}],"predecessor-version":[{"id":12198,"href":"https:\/\/www.iceagetv.com\/radiosite\/wp-json\/wp\/v2\/posts\/12196\/revisions\/12198"}],"wp:featuredmedia":[{"embeddable":true,"href":"https:\/\/www.iceagetv.com\/radiosite\/wp-json\/wp\/v2\/media\/12197"}],"wp:attachment":[{"href":"https:\/\/www.iceagetv.com\/radiosite\/wp-json\/wp\/v2\/media?parent=12196"}],"wp:term":[{"taxonomy":"category","embeddable":true,"href":"https:\/\/www.iceagetv.com\/radiosite\/wp-json\/wp\/v2\/categories?post=12196"},{"taxonomy":"post_tag","embeddable":true,"href":"https:\/\/www.iceagetv.com\/radiosite\/wp-json\/wp\/v2\/tags?post=12196"}],"curies":[{"name":"wp","href":"https:\/\/api.w.org\/{rel}","templated":true}]}}