{"id":12216,"date":"2019-04-30T16:38:17","date_gmt":"2019-04-30T16:38:17","guid":{"rendered":"http:\/\/www.iceagetv.com\/radiosite\/?p=12216"},"modified":"2019-04-30T16:38:23","modified_gmt":"2019-04-30T16:38:23","slug":"1er-mai-les-autorites-redoutent-la-venue-a-paris-dau-moins-1-500-black-blocs-et-leur-convergence-avec-des-gilets-jaunes-radicaux","status":"publish","type":"post","link":"https:\/\/www.iceagetv.com\/radiosite\/1er-mai-les-autorites-redoutent-la-venue-a-paris-dau-moins-1-500-black-blocs-et-leur-convergence-avec-des-gilets-jaunes-radicaux\/","title":{"rendered":"1er-Mai: les autorit\u00e9s redoutent la venue \u00e0 Paris d&rsquo;au moins 1 500 black blocs et leur convergence avec des \u00ab\u00a0gilets jaunes\u00a0\u00bb radicaux"},"content":{"rendered":"\n<p>Les forces de l&rsquo;ordre craignent de nouveaux d\u00e9bordements li\u00e9s \u00e0 la pr\u00e9sence de black blocs et de \u00ab\u00a0gilets jaunes\u00a0\u00bb pour la manifestation du mercredi 1er mai \u00e0 Paris, et dans d&rsquo;autres villes du pays. De nombreux\u00a0<em>\u00ab\u00a0ultra-jaunes\u00a0\u00bb<\/em>\u00a0venus de r\u00e9gion devraient se rendre mercredi \u00e0 Paris, a appris franceinfo de sources concordantes, car ils ne sont parfois pas les bienvenus dans les d\u00e9fil\u00e9s syndicaux \u00ab\u00a0classiques\u00a0\u00bb organis\u00e9s dans plusieurs villes.<\/p>\n\n\n\n<p>Entre 1&nbsp;500 et 2&nbsp;000 black blocs \u2013 dont un noyau dur compos\u00e9 d&rsquo;environ 200&nbsp;personnes \u2013 sont attendus mercredi \u00e0 Paris, contre 1&nbsp;200 l&rsquo;ann\u00e9e pass\u00e9e, o\u00f9 la manifestation du 1er-Mai avait \u00e9t\u00e9 \u00e9maill\u00e9e de sc\u00e8nes de violences et de casse. Plusieurs commerces et du mobilier urbain avaient \u00e9t\u00e9 incendi\u00e9s ou endommag\u00e9s.<\/p>\n\n\n\n<p>Le pr\u00e9fet de police de Paris, Didier Lallement, a pris cette ann\u00e9e un arr\u00eat\u00e9 pour imposer aux commerces, bars et restaurants pr\u00e9sents sur le parcours de la manifestation&nbsp;<a href=\"https:\/\/www.francetvinfo.fr\/economie\/transports\/gilets-jaunes\/fermeture-obligatoire-de-commerces-en-raison-de-la-manifestation-du-1er-mai-une-situation-particulierement-difficile-a-gerer_3420953.html\">de fermer et de se prot\u00e9ger lors du passage du cort\u00e8ge<\/a>. Il interdit par ailleurs&nbsp;toute manifestation dans plusieurs secteurs \u00e0 Paris, dont les Champs-Elys\u00e9es.<\/p>\n\n\n\n<p>Les villes de Toulouse, Montpellier, Rennes ou encore Nancy font partie des autres points de vigilance de cette journ\u00e9e pour les autorit\u00e9s, a appris franceinfo de source polici\u00e8re.<\/p>\n\n\n\n<h2 class=\"wp-block-heading\">Convergence black-blocs-\u00ab\u00a0ultra jaunes\u00a0\u00bb<\/h2>\n\n\n\n<p>La principale crainte des forces de l&rsquo;ordre est du m\u00eame ordre que pour les pr\u00e9c\u00e9dents samedi de mobilisation des \u00ab\u00a0gilets jaunes\u00a0\u00bb : qu&rsquo;il y ait une convergence et une complicit\u00e9 entre les black blocs et ceux que la police qualifie d&rsquo;<em>\u00ab\u00a0ultra-jaunes\u00a0\u00bb<\/em>, dans le but de casser.<\/p>\n\n\n\n<p>50 unit\u00e9s des forces mobiles \u2013 \u00e0 la fois des CRS et des gendarmes mobiles&nbsp;\u2013&nbsp;seront d\u00e9ploy\u00e9es \u00e0 Paris mercredi, sans compter les effectifs de police suppl\u00e9mentaires de la pr\u00e9fecture de police de Paris. Dans toute la France, 110&nbsp;unit\u00e9s de forces mobiles, soit environ 8&nbsp;000 hommes, seront d\u00e9ploy\u00e9es.<\/p>\n\n\n\n<p>Des contr\u00f4les pr\u00e9ventifs seront men\u00e9s d\u00e8s mardi soir dans et aux abords des principales gares, stations de m\u00e9tro et RER de l&rsquo;agglom\u00e9ration parisienne, a appris franceinfo de source polici\u00e8re.<\/p>\n","protected":false},"excerpt":{"rendered":"<p>Les forces de l&rsquo;ordre craignent de nouveaux d\u00e9bordements li\u00e9s \u00e0 la pr\u00e9sence de black blocs et de \u00ab\u00a0gilets jaunes\u00a0\u00bb pour la manifestation du mercredi 1er mai \u00e0 Paris, et dans d&rsquo;autres villes du pays. De nombreux\u00a0\u00ab\u00a0ultra-jaunes\u00a0\u00bb\u00a0venus de r\u00e9gion devraient se rendre mercredi \u00e0 Paris, a appris franceinfo de sources concordantes, car ils ne sont parfois [&hellip;]<\/p>\n","protected":false},"author":2,"featured_media":12217,"comment_status":"open","ping_status":"open","sticky":false,"template":"","format":"standard","meta":{"_jetpack_memberships_contains_paid_content":false,"footnotes":"","jetpack_publicize_message":"","jetpack_publicize_feature_enabled":true,"jetpack_social_post_already_shared":true,"jetpack_social_options":{"image_generator_settings":{"template":"highway","default_image_id":0,"font":"","enabled":false},"version":2},"_wpas_customize_per_network":false},"categories":[405],"tags":[],"class_list":["post-12216","post","type-post","status-publish","format-standard","has-post-thumbnail","hentry","category-actu-france-monde"],"jetpack_publicize_connections":[],"jetpack_featured_media_url":"https:\/\/i0.wp.com\/www.iceagetv.com\/radiosite\/wp-content\/uploads\/2019\/04\/1er-Mai.jpg?fit=1000%2C376&ssl=1","jetpack_sharing_enabled":true,"_links":{"self":[{"href":"https:\/\/www.iceagetv.com\/radiosite\/wp-json\/wp\/v2\/posts\/12216","targetHints":{"allow":["GET"]}}],"collection":[{"href":"https:\/\/www.iceagetv.com\/radiosite\/wp-json\/wp\/v2\/posts"}],"about":[{"href":"https:\/\/www.iceagetv.com\/radiosite\/wp-json\/wp\/v2\/types\/post"}],"author":[{"embeddable":true,"href":"https:\/\/www.iceagetv.com\/radiosite\/wp-json\/wp\/v2\/users\/2"}],"replies":[{"embeddable":true,"href":"https:\/\/www.iceagetv.com\/radiosite\/wp-json\/wp\/v2\/comments?post=12216"}],"version-history":[{"count":1,"href":"https:\/\/www.iceagetv.com\/radiosite\/wp-json\/wp\/v2\/posts\/12216\/revisions"}],"predecessor-version":[{"id":12218,"href":"https:\/\/www.iceagetv.com\/radiosite\/wp-json\/wp\/v2\/posts\/12216\/revisions\/12218"}],"wp:featuredmedia":[{"embeddable":true,"href":"https:\/\/www.iceagetv.com\/radiosite\/wp-json\/wp\/v2\/media\/12217"}],"wp:attachment":[{"href":"https:\/\/www.iceagetv.com\/radiosite\/wp-json\/wp\/v2\/media?parent=12216"}],"wp:term":[{"taxonomy":"category","embeddable":true,"href":"https:\/\/www.iceagetv.com\/radiosite\/wp-json\/wp\/v2\/categories?post=12216"},{"taxonomy":"post_tag","embeddable":true,"href":"https:\/\/www.iceagetv.com\/radiosite\/wp-json\/wp\/v2\/tags?post=12216"}],"curies":[{"name":"wp","href":"https:\/\/api.w.org\/{rel}","templated":true}]}}