{"id":12232,"date":"2019-05-02T12:18:18","date_gmt":"2019-05-02T12:18:18","guid":{"rendered":"http:\/\/www.iceagetv.com\/radiosite\/?p=12232"},"modified":"2019-05-02T12:18:26","modified_gmt":"2019-05-02T12:18:26","slug":"intrusion-a-la-pitie-salpetriere-edouard-philippe-denonce-un-geste-totalement-irresponsable","status":"publish","type":"post","link":"https:\/\/www.iceagetv.com\/radiosite\/intrusion-a-la-pitie-salpetriere-edouard-philippe-denonce-un-geste-totalement-irresponsable\/","title":{"rendered":"Intrusion \u00e0 la Piti\u00e9-Salp\u00eatri\u00e8re: \u00c9douard Philippe d\u00e9nonce un geste \u00abtotalement irresponsable"},"content":{"rendered":"\n<p>Une dizaine de manifestants se sont introduits au sein de l\u2019h\u00f4pital parisien en marge des manifestations du 1er Mai. La France Insoumise d\u00e9fend les mis en cause, affirmant qu\u2019ils se prot\u00e9geaient.<\/p>\n\n\n\n<p>La sc\u00e8ne, survenue mercredi en marge des manifestations du 1er Mai \u00e0 Paris, a suscit\u00e9 l\u2019indignation collective. Une dizaine de manifestants, dont des \u00abblack blocs\u00bb,\u00a0<a href=\"http:\/\/www.lefigaro.fr\/actualite-france\/1er-mai-a-paris-des-manifestants-font-irruption-a-l-hopital-de-la-pitie-salpetriere-20190501\">se sont introduits dans l\u2019h\u00f4pital de la Piti\u00e9-Salp\u00e9tri\u00e8re<\/a>. \u00abC\u2019est inqualifiable\u00bb, a d\u00e9nonc\u00e9 Agn\u00e8s Buzyn, la ministre de la Sant\u00e9, jeudi matin sur\u00a0<a rel=\"noreferrer noopener\" href=\"https:\/\/www.europe1.fr\/societe\/intrusion-a-la-pitie-salpetriere-le-1er-mai-cest-inqualifiable-estime-agnes-buzyn-3896222\" target=\"_blank\">Europe 1<\/a>\u00a0quand Christophe Castaner, ministre de l\u2019Int\u00e9rieur, affirmait la veille qu\u2019il s\u2019agissait d\u2019une \u00abattaque\u00bb.\u00a0<a href=\"http:\/\/www.lefigaro.fr\/flash-actu\/edouard-philippe-mercredi-a-angouleme-pour-une-delocalisation-de-matignon-20190430\">En d\u00e9placement en Charente<\/a>\u00a0ce jeudi, le premier ministre, \u00c9douard Philippe, a lui a affirm\u00e9 que s\u2019introduire dans un h\u00f4pital \u00abc\u2019\u00e9tait remettre en cause des services publics\u00bb. \u00abQuelle est la logique de cette mise en cause? Quelle est la justification de cette mise en cause? C\u2019est tout proprement inacceptable\u00bb, a-t-il martel\u00e9.<\/p>\n\n\n\n<h2 class=\"wp-block-heading\">M\u00e9lenchon d\u00e9nonce \u00ables mensonges de Castaner\u00bb<\/h2>\n\n\n\n<p>Une grande partie de l\u2019opposition &#8211; de droite comme de gauche &#8211; a \u00e9galement d\u00e9plor\u00e9 cette intrusion. Des voix se d\u00e9marquent malgr\u00e9 tout, notamment au sein de la France Insoumise. Jean-Luc M\u00e9lenchon et les siens contestent le terme d\u2019\u00abattaque\u00bb employ\u00e9 par Christophe Castaner. Ils estiment que les manifestants se sont r\u00e9fugi\u00e9s dans l\u2019h\u00f4pital parisien pour \u00e9chapper aux gaz lacrymog\u00e8nes des forces de l\u2019ordre. \u00abIl y a un an: les mensonges de Benalla. Cette ann\u00e9e: les mensonges de Castaner sur la pseudo-attaque de la Piti\u00e9-Salp\u00e9tri\u00e8re. La v\u00e9rit\u00e9, premi\u00e8re des victimes des hommes de main de Macron\u00bb, a raill\u00e9 le leader du parti sur&nbsp;<a href=\"https:\/\/twitter.com\/JLMelenchon\/status\/1123862432303255552\" target=\"_blank\" rel=\"noreferrer noopener\">Twitter<\/a>.<\/p>\n\n\n\n<p>\u00abPrudence. Dans quelques heures, on d\u00e9couvrira que la soi-disant attaque de l\u2019h\u00f4pital est une manipulation du syst\u00e8me. Comme nagu\u00e8re avec le pseudo-saccage de l\u2019h\u00f4pital des enfants malades\u00bb, a-t-il \u00e9galement affirm\u00e9, reprenant l\u2019exemple de\u00a0<a href=\"http:\/\/www.lefigaro.fr\/social\/2016\/06\/20\/09010-20160620ARTFIG00038-apres-les-degradations-l-hopital-necker-lance-un-appel-au-dons.php\">l\u2019h\u00f4pital Necker lors d\u2019une manifestation contre la loi Travail en 2016<\/a>. \u00c0 l\u2019\u00e9poque, Manuel Valls, premier ministre, avait assur\u00e9 que les \u00abcasseurs\u00bb avaient tout \u00abd\u00e9vast\u00e9\u00bb. M\u00eame si des d\u00e9g\u00e2ts \u00e9taient visibles sur les parois, aucun manifestant n\u2019\u00e9tait entr\u00e9 au sein de l\u2019\u00e9tablissement.<\/p>\n\n\n\n<p>Les m\u00e9dias relaient sans prudence une soi-disant attaque de la Piti\u00e9-Salp\u00eatri\u00e8re par les manifestants du 1er mai. Pourtant, les seules images disponibles \u00e0 cette heure montrent des manifestants qui se r\u00e9fugient pour \u00e9chapper aux gaz lacrymog\u00e8nes. Castaner ment comme il respire\u00bb, a aussi d\u00e9nonc\u00e9 sur&nbsp;<a href=\"https:\/\/twitter.com\/mbompard\/status\/1123862479086456835\">Twitter<\/a>&nbsp;Manuel Bompard, candidat en deuxi\u00e8me position sur la liste LFI aux europ\u00e9ennes et proche parmi les proches de Jean-Luc M\u00e9lenchon. \u00abPlus les t\u00e9moignages tombent, plus les d\u00e9clarations de Christophe Castaner ressemblent \u00e0 un gros mensonge d\u2019\u00c9tat (ou fake news si vous pr\u00e9f\u00e9rez). \u00c0 suivre\u00bb, a&nbsp;<a href=\"https:\/\/twitter.com\/ericcoquerel\/status\/1123894183570432001\" target=\"_blank\" rel=\"noreferrer noopener\">tweet\u00e9&nbsp;<\/a>le d\u00e9put\u00e9 LFI, \u00c9ric Coquerel.<\/p>\n\n\n\n<p>Interrog\u00e9 sur cette hypoth\u00e8se, \u00c9douard Philippe a voulu couper court. \u00abVouloir s\u2019introduire dans un h\u00f4pital de cette fa\u00e7on n\u2019est pas excusable. Je le dis comme je le pense\u00bb, a-t-il certifi\u00e9 devant les cam\u00e9ras, rappelant que la sc\u00e8ne avait \u00abchoqu\u00e9 un tr\u00e8s grand nombre de Fran\u00e7ais\u00bb. Le parquet de Paris a ouvert jeudi une enqu\u00eate.<\/p>\n","protected":false},"excerpt":{"rendered":"<p>Une dizaine de manifestants se sont introduits au sein de l\u2019h\u00f4pital parisien en marge des manifestations du 1er Mai. La France Insoumise d\u00e9fend les mis en cause, affirmant qu\u2019ils se prot\u00e9geaient. La sc\u00e8ne, survenue mercredi en marge des manifestations du 1er Mai \u00e0 Paris, a suscit\u00e9 l\u2019indignation collective. Une dizaine de manifestants, dont des \u00abblack [&hellip;]<\/p>\n","protected":false},"author":2,"featured_media":12233,"comment_status":"open","ping_status":"open","sticky":false,"template":"","format":"standard","meta":{"_jetpack_memberships_contains_paid_content":false,"footnotes":"","jetpack_publicize_message":"","jetpack_publicize_feature_enabled":true,"jetpack_social_post_already_shared":true,"jetpack_social_options":{"image_generator_settings":{"template":"highway","default_image_id":0,"font":"","enabled":false},"version":2},"_wpas_customize_per_network":false},"categories":[405],"tags":[],"class_list":["post-12232","post","type-post","status-publish","format-standard","has-post-thumbnail","hentry","category-actu-france-monde"],"jetpack_publicize_connections":[],"jetpack_featured_media_url":"https:\/\/i0.wp.com\/www.iceagetv.com\/radiosite\/wp-content\/uploads\/2019\/05\/Intrusion-%C3%A0-la-Piti%C3%A9-Salp%C3%AAtri%C3%A8re.jpg?fit=880%2C586&ssl=1","jetpack_sharing_enabled":true,"_links":{"self":[{"href":"https:\/\/www.iceagetv.com\/radiosite\/wp-json\/wp\/v2\/posts\/12232","targetHints":{"allow":["GET"]}}],"collection":[{"href":"https:\/\/www.iceagetv.com\/radiosite\/wp-json\/wp\/v2\/posts"}],"about":[{"href":"https:\/\/www.iceagetv.com\/radiosite\/wp-json\/wp\/v2\/types\/post"}],"author":[{"embeddable":true,"href":"https:\/\/www.iceagetv.com\/radiosite\/wp-json\/wp\/v2\/users\/2"}],"replies":[{"embeddable":true,"href":"https:\/\/www.iceagetv.com\/radiosite\/wp-json\/wp\/v2\/comments?post=12232"}],"version-history":[{"count":1,"href":"https:\/\/www.iceagetv.com\/radiosite\/wp-json\/wp\/v2\/posts\/12232\/revisions"}],"predecessor-version":[{"id":12234,"href":"https:\/\/www.iceagetv.com\/radiosite\/wp-json\/wp\/v2\/posts\/12232\/revisions\/12234"}],"wp:featuredmedia":[{"embeddable":true,"href":"https:\/\/www.iceagetv.com\/radiosite\/wp-json\/wp\/v2\/media\/12233"}],"wp:attachment":[{"href":"https:\/\/www.iceagetv.com\/radiosite\/wp-json\/wp\/v2\/media?parent=12232"}],"wp:term":[{"taxonomy":"category","embeddable":true,"href":"https:\/\/www.iceagetv.com\/radiosite\/wp-json\/wp\/v2\/categories?post=12232"},{"taxonomy":"post_tag","embeddable":true,"href":"https:\/\/www.iceagetv.com\/radiosite\/wp-json\/wp\/v2\/tags?post=12232"}],"curies":[{"name":"wp","href":"https:\/\/api.w.org\/{rel}","templated":true}]}}