{"id":12244,"date":"2019-05-11T14:30:24","date_gmt":"2019-05-11T14:30:24","guid":{"rendered":"http:\/\/www.iceagetv.com\/radiosite\/?p=12244"},"modified":"2019-05-11T14:30:32","modified_gmt":"2019-05-11T14:30:32","slug":"affaire-vincent-lambert-le-medecin-annonce-la-fin-des-traitements-la-semaine-du-20-mai","status":"publish","type":"post","link":"https:\/\/www.iceagetv.com\/radiosite\/affaire-vincent-lambert-le-medecin-annonce-la-fin-des-traitements-la-semaine-du-20-mai\/","title":{"rendered":"Affaire Vincent Lambert : le m\u00e9decin annonce la fin des traitements la semaine du 20 mai"},"content":{"rendered":"\n<p>L\u2019affaire Vincent Lambert va-t-elle conna\u00eetre son \u00e9pilogue ou un nouveau feuilleton&nbsp;? Le docteur Vincent Sanchez, son m\u00e9decin traitant, a annonc\u00e9 \u00e0 la famille de cet homme qui se trouve dans un \u00e9tat v\u00e9g\u00e9tatif chronique depuis 2008 qu\u2019il allait interrompre les traitements le maintenant en vie la semaine du 20&nbsp;mai.&nbsp;<em>\u00ab&nbsp;Je vous informe que l\u2019arr\u00eat des traitements et la s\u00e9dation profonde et continue \u00e9voqu\u00e9e lors de la proc\u00e9dure coll\u00e9giale seront initi\u00e9s au cours de la semaine du 20&nbsp;mai&nbsp;\u00bb<\/em>, \u00e9crit le D<sup>r<\/sup>&nbsp;Sanchez dans un courrier envoy\u00e9 vendredi 10&nbsp;mai dont l\u2019AFP a obtenu copie.<\/p>\n\n\n\n<p>Le Conseil d\u2019Etat a conclu qu\u2019\u00e9taient\u00a0<em>\u00ab\u00a0r\u00e9unies les diff\u00e9rentes conditions pour que la d\u00e9cision d\u2019arr\u00eater la nutrition et l\u2019hydratation artificielles de M. Vincent Lambert puisse \u00eatre mise en \u0153uvre\u00a0\u00bb<\/em>, \u00e9crit encore le m\u00e9decin. La plus haute juridiction administrative a jug\u00e9, le 24\u00a0avril, que<a href=\"https:\/\/www.lemonde.fr\/fin-de-vie\/article\/2018\/04\/09\/le-chu-de-reims-de-nouveau-favorable-a-un-arret-des-traitements-de-vincent-lambert_5282986_1655257.html\">\u00a0la d\u00e9cision d\u2019arr\u00eat des traitements prise le 9\u00a0avril\u00a02018\u00a0<\/a>\u00e0 l\u2019issue d\u2019une proc\u00e9dure coll\u00e9giale port\u00e9e par le D<sup>r<\/sup>\u00a0Sanchez, le chef de l\u2019unit\u00e9 de patients c\u00e9r\u00e9brol\u00e9s\u00e9s du CHU de Reims (Marne), \u00e9tait conforme \u00e0 la loi.<\/p>\n\n\n\n<h2 class=\"wp-block-heading\">Une \u00ab&nbsp;violation du droit international&nbsp;\u00bb pour les parents<\/h2>\n\n\n\n<p><em>\u00ab\u00a0Le docteur Sanchez du CHU de Reims vient d\u2019annoncer\u00a0\u00bb<\/em>, vendredi,\u00a0<em>\u00ab\u00a0\u00e0 la famille de Vincent Lambert qu\u2019il mettrait sa d\u00e9cision du 9\u00a0avril\u00a02018 \u00e0 ex\u00e9cution la semaine du 20\u00a0mai\u00a02019, sans autre pr\u00e9cision\u00a0\u00bb<\/em>, ont \u00e9galement indiqu\u00e9 les avocats des parents de Vincent Lambert, oppos\u00e9s \u00e0 l\u2019arr\u00eat des traitements, Jean Paillot et J\u00e9r\u00f4me Triomphe, dans un communiqu\u00e9. A la suite de la d\u00e9cision du Conseil d\u2019Etat, les parents de Vincent Lambert avaient d\u00e9pos\u00e9 un recours devant la Cour europ\u00e9enne des droits de l\u2019homme (CEDH) et le Comit\u00e9 international de protection des droits des personnes handicap\u00e9es de l\u2019ONU (CIDPH).<br><a href=\"https:\/\/www.lemonde.fr\/societe\/article\/2019\/04\/30\/affaire-vincent-lambert-la-cour-europeenne-des-droits-de-l-homme-rejette-la-requete-des-parents_5456803_3224.html\">La CEDH a rejet\u00e9 cette requ\u00eate<\/a>, mais le CIDPH a demand\u00e9 \u00e0 la France de suspendre toute d\u00e9cision d\u2019arr\u00eat des soins de Vincent Lambert, dans l\u2019attente d\u2019une instruction sur le fond. La ministre de la sant\u00e9, Agn\u00e8s Buzyn,<a href=\"https:\/\/www.lemonde.fr\/societe\/article\/2019\/05\/05\/affaire-vincent-lambert-un-comite-de-l-onu-demande-le-maintien-des-soins_5458362_3224.html\">\u00a0a soulign\u00e9 que la France n\u2019\u00e9tait \u00ab\u00a0pas tenue\u00a0\u00bb de respecter cette demande<\/a>.\u00a0<em>\u00ab\u00a0Il n\u2019y a aucune urgence m\u00e9dicale \u00e0 arr\u00eater l\u2019alimentation et l\u2019hydratation de Vincent Lambert et rien ne justifie une violation aussi \u00e9hont\u00e9e du droit international et des mesures provisoires r\u00e9clam\u00e9es par l\u2019ONU\u00a0\u00bb<\/em>, affirment les avocats des parents.<\/p>\n","protected":false},"excerpt":{"rendered":"<p>L\u2019affaire Vincent Lambert va-t-elle conna\u00eetre son \u00e9pilogue ou un nouveau feuilleton&nbsp;? Le docteur Vincent Sanchez, son m\u00e9decin traitant, a annonc\u00e9 \u00e0 la famille de cet homme qui se trouve dans un \u00e9tat v\u00e9g\u00e9tatif chronique depuis 2008 qu\u2019il allait interrompre les traitements le maintenant en vie la semaine du 20&nbsp;mai.&nbsp;\u00ab&nbsp;Je vous informe que l\u2019arr\u00eat des traitements [&hellip;]<\/p>\n","protected":false},"author":2,"featured_media":12245,"comment_status":"open","ping_status":"open","sticky":false,"template":"","format":"standard","meta":{"_jetpack_memberships_contains_paid_content":false,"footnotes":"","jetpack_publicize_message":"","jetpack_publicize_feature_enabled":true,"jetpack_social_post_already_shared":true,"jetpack_social_options":{"image_generator_settings":{"template":"highway","default_image_id":0,"font":"","enabled":false},"version":2},"_wpas_customize_per_network":false},"categories":[405],"tags":[],"class_list":["post-12244","post","type-post","status-publish","format-standard","has-post-thumbnail","hentry","category-actu-france-monde"],"jetpack_publicize_connections":[],"jetpack_featured_media_url":"https:\/\/i0.wp.com\/www.iceagetv.com\/radiosite\/wp-content\/uploads\/2019\/05\/Affaire-Vincent-Lambert.jpg?fit=1197%2C450&ssl=1","jetpack_sharing_enabled":true,"_links":{"self":[{"href":"https:\/\/www.iceagetv.com\/radiosite\/wp-json\/wp\/v2\/posts\/12244","targetHints":{"allow":["GET"]}}],"collection":[{"href":"https:\/\/www.iceagetv.com\/radiosite\/wp-json\/wp\/v2\/posts"}],"about":[{"href":"https:\/\/www.iceagetv.com\/radiosite\/wp-json\/wp\/v2\/types\/post"}],"author":[{"embeddable":true,"href":"https:\/\/www.iceagetv.com\/radiosite\/wp-json\/wp\/v2\/users\/2"}],"replies":[{"embeddable":true,"href":"https:\/\/www.iceagetv.com\/radiosite\/wp-json\/wp\/v2\/comments?post=12244"}],"version-history":[{"count":1,"href":"https:\/\/www.iceagetv.com\/radiosite\/wp-json\/wp\/v2\/posts\/12244\/revisions"}],"predecessor-version":[{"id":12246,"href":"https:\/\/www.iceagetv.com\/radiosite\/wp-json\/wp\/v2\/posts\/12244\/revisions\/12246"}],"wp:featuredmedia":[{"embeddable":true,"href":"https:\/\/www.iceagetv.com\/radiosite\/wp-json\/wp\/v2\/media\/12245"}],"wp:attachment":[{"href":"https:\/\/www.iceagetv.com\/radiosite\/wp-json\/wp\/v2\/media?parent=12244"}],"wp:term":[{"taxonomy":"category","embeddable":true,"href":"https:\/\/www.iceagetv.com\/radiosite\/wp-json\/wp\/v2\/categories?post=12244"},{"taxonomy":"post_tag","embeddable":true,"href":"https:\/\/www.iceagetv.com\/radiosite\/wp-json\/wp\/v2\/tags?post=12244"}],"curies":[{"name":"wp","href":"https:\/\/api.w.org\/{rel}","templated":true}]}}