{"id":12249,"date":"2019-05-11T14:35:24","date_gmt":"2019-05-11T14:35:24","guid":{"rendered":"http:\/\/www.iceagetv.com\/radiosite\/?p=12249"},"modified":"2019-05-11T14:35:27","modified_gmt":"2019-05-11T14:35:27","slug":"otages-liberes-au-burkina-faso-toutes-nos-pensees-vont-aux-familles-des-soldats-et-aux-soldats-qui-ont-perdu-la-vie","status":"publish","type":"post","link":"https:\/\/www.iceagetv.com\/radiosite\/otages-liberes-au-burkina-faso-toutes-nos-pensees-vont-aux-familles-des-soldats-et-aux-soldats-qui-ont-perdu-la-vie\/","title":{"rendered":"Otages lib\u00e9r\u00e9s au Burkina Faso : \u00ab Toutes nos pens\u00e9es vont aux familles des soldats et aux soldats qui ont perdu la vie \u00bb"},"content":{"rendered":"\n<p>Les deux touristes fran\u00e7ais retenus en otage pendant huit jours entre le B\u00e9nin et le Burkina Faso&nbsp;<a href=\"https:\/\/www.lemonde.fr\/international\/article\/2019\/05\/10\/sahel-quatre-otages-dont-les-deux-francais-enleves-au-benin-ont-ete-liberes_5460497_3210.html\">avant d\u2019\u00eatre lib\u00e9r\u00e9s par l\u2019arm\u00e9e fran\u00e7aise<\/a>ont d\u00e9coll\u00e9 de Ouagadougou \u00e0 11 heures, samedi 11 mai, apr\u00e8s une rencontre avec le pr\u00e9sident Roch Marc Christian Kabor\u00e9 et doivent \u00eatre accueillis sur la base a\u00e9rienne de Villacoublay, en r\u00e9gion parisienne, par Emmanuel Macron aux alentours de 18 heures.<\/p>\n\n\n\n<p>Visiblement toujours en \u00e9tat de choc mais l\u2019air en bonne condition physique, Patrick Picque et Laurent Lassimouillas sont arriv\u00e9s au palais de Kosyam aux alentours de 9 heures, samedi, accompagn\u00e9s de Kisoon Jang, ressortissante sud-cor\u00e9enne lib\u00e9r\u00e9e avec eux lors de l\u2019op\u00e9ration militaire men\u00e9e dans le nord du Burkina Faso dans la nuit de jeudi \u00e0 vendredi, pendant laquelle deux militaires fran\u00e7ais des forces sp\u00e9ciales ont \u00e9t\u00e9 tu\u00e9s.<\/p>\n\n\n\n<p><em>Toutes nos pens\u00e9es aux familles des soldats et aux soldats qui ont perdu la vie pour nous sortir de cet enfer \u00bb<\/em>, a d\u00e9clar\u00e9 l\u2019un des deux anciens otages, Laurent Lassimouillas, les traits tir\u00e9s et la voix tremblante lors d\u2019une d\u00e9claration \u00e0 la presse pendant laquelle Patrick Picque et Kisoon Jang ont pr\u00e9f\u00e9r\u00e9 garder le silence. Les trois anciens otages sont arriv\u00e9s au palais de Kosyam accompagn\u00e9s d\u2019une d\u00e9l\u00e9gation fran\u00e7aise venue de Paris, parmi laquelle se trouvait Eric Chevallier, le directeur du centre de crise et de soutien du Quai d\u2019Orsay, et une repr\u00e9sentation de l\u2019ambassade de France au Burkina Faso.<\/p>\n\n\n\n<p>Une citoyenne am\u00e9ricaine, \u00e9galement secourue au cours de l\u2019intervention,\u00a0n\u2019\u00e9tait pas pr\u00e9sente lors de cette rencontre, ayant \u00e9t\u00e9\u00a0<em>\u00ab r\u00e9cup\u00e9r\u00e9e \u00bb<\/em>\u00a0par les autorit\u00e9s am\u00e9ricaines, a pr\u00e9cis\u00e9 \u00e0 la correspondante du\u00a0<em>Monde\u00a0<\/em>au Burkina Faso, Sophie Douce, le ministre des affaires \u00e9trang\u00e8res burkinab\u00e9 Alpha Barry.<\/p>\n\n\n\n<h2 class=\"wp-block-heading\">Une \u00ab pens\u00e9e&nbsp;\u00bb pour leur guide<\/h2>\n\n\n\n<p>Laurent Lassimouillas a \u00e9galement remerci\u00e9 lors de sa prise de parole\u00a0<em>\u00ab\u00a0les autorit\u00e9s fran\u00e7aises et celles du Burkina\u00a0\u00bb\u00a0<\/em>pour l\u2019op\u00e9ration de lib\u00e9ration, men\u00e9e alors qu\u2019ils \u00e9taient sur le point d\u2019\u00eatre transf\u00e9r\u00e9s au Mali. Laurent Lassimouillas a \u00e9galement d\u00e9clar\u00e9 avoir\u00a0<em>\u00ab\u00a0une pens\u00e9e\u00a0\u00bb<\/em>pour leur\u00a0<em>\u00ab\u00a0chauffeur-guide b\u00e9ninois\u00a0\u00bb,<\/em>\u00a0tu\u00e9 avant leur enl\u00e8vement au B\u00e9nin le 1<sup>er<\/sup>\u00a0mai.<\/p>\n\n\n\n<p>Le ministre des affaires \u00e9trang\u00e8res burkinab\u00e9, Alpha Barry, s\u2019est f\u00e9licit\u00e9 par la m\u00eame occasion de la bonne coop\u00e9ration entre la France et le Burkina Faso, r\u00e9gi par un accord de d\u00e9fense sign\u00e9 en d\u00e9cembre dernier \u00e0 Paris \u00e0 l\u2019occasion de la visite du pr\u00e9sident Roch Marc Christian Kabor\u00e9 \u00e0 Emmanuel Macron.&nbsp;<em>\u00ab Au terme de cet accord, les forces fran\u00e7aises peuvent mener des op\u00e9rations dans notre pays en collaboration avec les forces de d\u00e9fense et de s\u00e9curit\u00e9 burkinab\u00e9s, \u00e7a a \u00e9t\u00e9 le cas dans cette op\u00e9ration \u00bb<\/em>, a expliqu\u00e9 Alpha Barry, samedi, pr\u00e9cisant qu\u2019une&nbsp;<em>\u00ab quinzaine de militaires burkinab\u00e9s \u00bb<\/em>&nbsp;ont particip\u00e9 \u00e0 l\u2019op\u00e9ration militaire des forces fran\u00e7aises en mati\u00e8re de renseignement.&nbsp;<em>\u00ab Nous allons continuer \u00e0 travailler ensemble, \u00e0 intensifier notre relation dans le domaine de la d\u00e9fense et de la s\u00e9curit\u00e9, afin d\u2019enrayer la menace terroriste au Sahel \u00bb<\/em>, a affirm\u00e9 le ministre des affaires \u00e9trang\u00e8res burkinab\u00e9.<\/p>\n\n\n\n<h2 class=\"wp-block-heading\">\u00ab&nbsp;La plus grande pr\u00e9caution doit \u00eatre prise dans ces r\u00e9gions&nbsp;\u00bb<\/h2>\n\n\n\n<p>Plus t\u00f4t dans la matin\u00e9e, le ministre des affaires \u00e9trang\u00e8res, Jean-Yves Le Drian, a invit\u00e9 les touristes \u00e0 la plus grande prudence au sud du Sahel. Interrog\u00e9 sur Europe 1, samedi, il a d\u00e9plor\u00e9 les<em>&nbsp;\u00ab&nbsp;risques majeurs&nbsp;\u00bb<\/em>&nbsp;pris par les ex-otages&nbsp;:&nbsp;<em>\u00ab&nbsp;La zone o\u00f9 \u00e9taient nos deux compatriotes \u00e9tait consid\u00e9r\u00e9e depuis d\u00e9j\u00e0 pas mal de temps comme une zone rouge, c\u2019est-\u00e0-dire une zone o\u00f9 il ne faut pas aller, o\u00f9 on prend des risques majeurs si on y va.&nbsp;\u00bb<\/em><\/p>\n\n\n\n<p>Pour M. Le Drian,&nbsp;<em>\u00ab&nbsp;la plus grande pr\u00e9caution doit \u00eatre prise dans ces r\u00e9gions pour \u00e9viter que de tels enl\u00e8vements n\u2019aient lieu et pour \u00e9viter des sacrifices de nos soldats&nbsp;\u00bb<\/em>&nbsp;:<\/p>\n\n\n\n<p><em>\u00ab\u00a0Il faut que tous ceux qui veulent faire du tourisme dans ces pays s\u2019informent auparavant de ce qu\u2019on appelle les\u00a0<\/em>\u201c<em>conseils aux voyageurs<\/em>\u201d\u00a0<em>mis en place et entretenus r\u00e9guli\u00e8rement par le Quai d\u2019Orsay et qui indiquent les zones s\u00fbres, celles \u00e0 petit risque et celles \u00e0 gros risque.\u00a0\u00bb<\/em><\/p>\n\n\n\n<h2 class=\"wp-block-heading\">Le nord du B\u00e9nin formellement d\u00e9conseill\u00e9<\/h2>\n\n\n\n<p>Sur son site, le minist\u00e8re des affaires \u00e9trang\u00e8res&nbsp;<a href=\"https:\/\/www.diplomatie.gouv.fr\/fr\/conseils-aux-voyageurs\/conseils-par-pays-destination\/benin\/#securite\">d\u00e9conseille formellement aux voyageurs de se d\u00e9placer dans l\u2019extr\u00eame nord du B\u00e9nin<\/a>, frontalier du Burkina et du Niger,&nbsp;<em>\u00ab&nbsp;compte tenu de la pr\u00e9sence de groupes arm\u00e9s terroristes et du risque d\u2019enl\u00e8vement&nbsp;\u00bb<\/em>. Les attaques djihadistes, concentr\u00e9es d\u2019abord dans le nord du Mali, se sont \u00e9tendues vers le centre du pays puis vers le Burkina Faso et menacent d\u00e9sormais les pays c\u00f4tiers du golfe de Guin\u00e9e, jusque-l\u00e0 \u00e9pargn\u00e9s.<\/p>\n\n\n\n<p><em>\u00ab&nbsp;La menace a chang\u00e9 de forme, elle est devenue beaucoup plus mobile et ce sont maintenant les pays situ\u00e9s au sud du Mali qui sont les cibles, avec des fragilit\u00e9s singuli\u00e8rement au Burkina Faso mais m\u00eame dans le nord du B\u00e9nin&nbsp;\u00bb<\/em>, a relev\u00e9 Jean-Yves Le Drian samedi.&nbsp;<em>\u00ab&nbsp;Il faut maintenir la pression sur ces groupes&nbsp;\u00bb<\/em>, a poursuivi le ministre, jugeant l\u2019action de la force fran\u00e7aise Barkhane&nbsp;<em>\u00ab&nbsp;tout \u00e0 fait essentielle&nbsp;\u00bb<\/em>&nbsp;dans ce contexte.<\/p>\n\n\n\n<p>Cette force antidjihadiste compte 4&nbsp;500 soldats sur cinq pays du Sahel (Mali, Niger, Burkina Faso, Tchad et Mauritanie).&nbsp;<em>\u00ab&nbsp;C\u2019est vrai que Barkhane n\u2019a pas vocation \u00e0 rester \u00e9ternellement dans la zone mais aujourd\u2019hui, le maintien des risques, des menaces, n\u00e9cessite cette pr\u00e9sence&nbsp;\u00bb<\/em>, a-t-il estim\u00e9.<\/p>\n","protected":false},"excerpt":{"rendered":"<p>Les deux touristes fran\u00e7ais retenus en otage pendant huit jours entre le B\u00e9nin et le Burkina Faso&nbsp;avant d\u2019\u00eatre lib\u00e9r\u00e9s par l\u2019arm\u00e9e fran\u00e7aiseont d\u00e9coll\u00e9 de Ouagadougou \u00e0 11 heures, samedi 11 mai, apr\u00e8s une rencontre avec le pr\u00e9sident Roch Marc Christian Kabor\u00e9 et doivent \u00eatre accueillis sur la base a\u00e9rienne de Villacoublay, en r\u00e9gion parisienne, par [&hellip;]<\/p>\n","protected":false},"author":2,"featured_media":12250,"comment_status":"open","ping_status":"open","sticky":false,"template":"","format":"standard","meta":{"_jetpack_memberships_contains_paid_content":false,"footnotes":"","jetpack_publicize_message":"","jetpack_publicize_feature_enabled":true,"jetpack_social_post_already_shared":true,"jetpack_social_options":{"image_generator_settings":{"template":"highway","default_image_id":0,"font":"","enabled":false},"version":2},"_wpas_customize_per_network":false},"categories":[405],"tags":[],"class_list":["post-12249","post","type-post","status-publish","format-standard","has-post-thumbnail","hentry","category-actu-france-monde"],"jetpack_publicize_connections":[],"jetpack_featured_media_url":"https:\/\/i0.wp.com\/www.iceagetv.com\/radiosite\/wp-content\/uploads\/2019\/05\/Otages-lib%C3%A9r%C3%A9s-au-Burkina-Faso.jpg?fit=688%2C459&ssl=1","jetpack_sharing_enabled":true,"_links":{"self":[{"href":"https:\/\/www.iceagetv.com\/radiosite\/wp-json\/wp\/v2\/posts\/12249","targetHints":{"allow":["GET"]}}],"collection":[{"href":"https:\/\/www.iceagetv.com\/radiosite\/wp-json\/wp\/v2\/posts"}],"about":[{"href":"https:\/\/www.iceagetv.com\/radiosite\/wp-json\/wp\/v2\/types\/post"}],"author":[{"embeddable":true,"href":"https:\/\/www.iceagetv.com\/radiosite\/wp-json\/wp\/v2\/users\/2"}],"replies":[{"embeddable":true,"href":"https:\/\/www.iceagetv.com\/radiosite\/wp-json\/wp\/v2\/comments?post=12249"}],"version-history":[{"count":1,"href":"https:\/\/www.iceagetv.com\/radiosite\/wp-json\/wp\/v2\/posts\/12249\/revisions"}],"predecessor-version":[{"id":12251,"href":"https:\/\/www.iceagetv.com\/radiosite\/wp-json\/wp\/v2\/posts\/12249\/revisions\/12251"}],"wp:featuredmedia":[{"embeddable":true,"href":"https:\/\/www.iceagetv.com\/radiosite\/wp-json\/wp\/v2\/media\/12250"}],"wp:attachment":[{"href":"https:\/\/www.iceagetv.com\/radiosite\/wp-json\/wp\/v2\/media?parent=12249"}],"wp:term":[{"taxonomy":"category","embeddable":true,"href":"https:\/\/www.iceagetv.com\/radiosite\/wp-json\/wp\/v2\/categories?post=12249"},{"taxonomy":"post_tag","embeddable":true,"href":"https:\/\/www.iceagetv.com\/radiosite\/wp-json\/wp\/v2\/tags?post=12249"}],"curies":[{"name":"wp","href":"https:\/\/api.w.org\/{rel}","templated":true}]}}