{"id":12262,"date":"2019-05-12T15:16:23","date_gmt":"2019-05-12T15:16:23","guid":{"rendered":"http:\/\/www.iceagetv.com\/radiosite\/?p=12262"},"modified":"2019-05-12T15:17:13","modified_gmt":"2019-05-12T15:17:13","slug":"les-otages-francais-ont-ils-ete-enleves-dans-une-zone-rouge","status":"publish","type":"post","link":"https:\/\/www.iceagetv.com\/radiosite\/les-otages-francais-ont-ils-ete-enleves-dans-une-zone-rouge\/","title":{"rendered":"Les otages fran\u00e7ais ont-ils \u00e9t\u00e9 enlev\u00e9s dans une \u00abzone rouge\u00bb ?"},"content":{"rendered":"\n<h2 class=\"wp-block-heading\">Le ministre des Affaires \u00e9trang\u00e8res a d\u00e9nonc\u00e9 samedi un manque de vigilance de la part de Patrick Picque et Laurent Lassimouillas. En plus d&rsquo;\u00eatre culpabilisante, l&rsquo;affirmation du chef de la diplomatie fran\u00e7aise est fausse.<\/h2>\n\n\n\n<p>Jusque-l\u00e0 assez discret, le ministre des Affaires \u00e9trang\u00e8res s\u2019est offert une pol\u00e9mique \u00e0 cause de propos inexacts. Samedi, Jean-Yves Le Drian a ainsi fustig\u00e9 l\u2019attitude irresponsable des deux ex-otages fran\u00e7ais lib\u00e9r\u00e9s vendredi par l\u2019arm\u00e9e, au Burkina Faso.&nbsp;L\u2019op\u00e9ration militaire s\u2019est sold\u00e9e par le d\u00e9c\u00e8s des commandos marine C\u00e9dric de Pierrepont et Alain Bertoncello. Les touristes ont \u00e9t\u00e9 enlev\u00e9s le&nbsp;1<sup>er&nbsp;<\/sup>mai dans le nord du B\u00e9nin, lors d\u2019un safari dans le parc de la Pendjari, une r\u00e9serve naturelle qui est l\u2019une des principales attractions touristique du pays et de l\u2019Afrique de l\u2019Ouest.<\/p>\n\n\n\n<h3 class=\"wp-block-heading\">Les d\u00e9clarations<\/h3>\n\n\n\n<p>A l\u2019antenne d\u2019<a href=\"https:\/\/www.europe1.fr\/politique\/exclusif-militaires-tues-au-burkina-faso-jean-yves-le-drian-met-en-garde-sur-les-risques-majeurs-pris-par-les-otages-liberes-3897918\">Europe 1<\/a>, Le Drian a affirm\u00e9 que Patrick Picque et Laurent Lassimouillas ont pris&nbsp;<em>\u00abdes risques majeurs\u00bb<\/em>.<em>&nbsp;\u00abLa zone o\u00f9 \u00e9taient nos deux compatriotes \u00e9tait consid\u00e9r\u00e9e depuis d\u00e9j\u00e0 pas mal de temps comme une zone rouge, c\u2019est-\u00e0-dire une zone o\u00f9 il ne faut pas aller, o\u00f9 on prend des risques majeurs si on y va\u00bb<\/em>, a ainsi d\u00e9plor\u00e9 le ministre avant d\u2019ajouter&nbsp;:&nbsp;<em>\u00abIl faut que tous ceux qui veulent faire du tourisme dans ces pays s\u2019informent auparavant de ce qu\u2019on appelle&nbsp;<a href=\"https:\/\/www.diplomatie.gouv.fr\/fr\/conseils-aux-voyageurs\/conseils-par-pays-destination\/\">les conseils aux voyageurs<\/a>&nbsp;mis en place et entretenus r\u00e9guli\u00e8rement par le Quai d\u2019Orsay et qui indiquent les zones s\u00fbres, celles \u00e0 petit risque et celles \u00e0 gros risque.\u00bb<\/em><\/p>\n\n\n\n<p><em>\u00abLe message que je peux d\u00e9livrer comme ministre des Affaires \u00e9trang\u00e8res est que la plus grande pr\u00e9caution doit \u00eatre prise dans ces r\u00e9gions pour \u00e9viter que de tels enl\u00e8vements n\u2019aient lieu, et pour \u00e9viter des sacrifices de nos soldats\u00bb,<\/em>&nbsp;a-t-il martel\u00e9.&nbsp;Dans&nbsp;<a href=\"http:\/\/www.leparisien.fr\/politique\/jean-yves-le-drian-l-europe-est-en-danger-11-05-2019-8070054.php\"><em>le Parisien<\/em>&nbsp;de ce dimanche<\/a>, Le Drian en rajoute une couche&nbsp;:&nbsp;<em>\u00abNous nous r\u00e9jouissons du retour de nos deux compatriotes\u2026 mais il est vrai qu\u2019ils ont \u00e9t\u00e9 enlev\u00e9s dans une zone clairement d\u00e9conseill\u00e9e \u00e0 tous les voyageurs. C\u2019\u00e9tait donc un risque majeur de s\u2019y engager.\u00bb<\/em><\/p>\n\n\n\n<h3 class=\"wp-block-heading\">Qu\u2019est-ce qu\u2019une zone rouge ?<\/h3>\n\n\n\n<p>Ce que l\u2019on qualifie de zone rouge, ce sont des territoires o\u00f9 il est fortement&nbsp;<em>\u00abfortement d\u00e9conseill\u00e9\u00bb<\/em>&nbsp;de circuler. Les niveaux d\u2019alerte varient. Les zones orange sont&nbsp;<em>\u00abd\u00e9conseill\u00e9es sauf si imp\u00e9ratifs\u00bb,<\/em>&nbsp;les zones jaunes et vertes recommandent une&nbsp;<em>\u00abvigilance normale\u00bb.<\/em>&nbsp;La cartographie \u00e9tablie par France diplomatie \u00e9volue au gr\u00e9 des menaces,&nbsp;<a href=\"https:\/\/www.diplomatie.gouv.fr\/fr\/conseils-aux-voyageurs\/conseils-par-pays-destination\/\" target=\"_blank\" rel=\"noreferrer noopener\">elle est consultable sur le site du minist\u00e8re des Affaires \u00e9trang\u00e8res.<\/a><\/p>\n\n\n\n<h3 class=\"wp-block-heading\">Les faits<\/h3>\n\n\n\n<p>Il s\u2019av\u00e8re que les consignes de s\u00e9curit\u00e9 du minist\u00e8re des Affaires \u00e9trang\u00e8res\u00a0n\u2019ont \u00e9t\u00e9 mises \u00e0 jour que le 10\u00a0mai, donc neuf jours apr\u00e8s l\u2019enl\u00e8vement de\u00a0Patrick Picque et Laurent Lassimouillas, comme l\u2019a remarqu\u00e9 le journaliste de\u00a0<em><a href=\"https:\/\/www.marianne.net\/monde\/non-les-deux-otages-enleves-au-benin-n-avaient-pas-pris-de-risques-majeurs\">Marianne<\/a>\u00a0<\/em>Thomas Vampouille.<\/p>\n\n\n\n<h3 class=\"wp-block-heading\">Recommandations<\/h3>\n\n\n\n<p>Le&nbsp;Quai d\u2019Orsay&nbsp;estime dor\u00e9navant qu\u2019<em>\u00aben raison d\u2019activit\u00e9s possibles de groupes arm\u00e9s et du risque d\u2019enl\u00e8vement, il est formellement d\u00e9conseill\u00e9 de se rendre dans les zones frontali\u00e8res du Burkina Faso, y compris les parcs nationaux de la Pendjari et du W, et les zones cyn\u00e9g\u00e9tiques mitoyennes du parc de la Pendjari et de l\u2019Atakora\u00bb<\/em>. Les attaques jihadistes, concentr\u00e9es initialement dans le nord du Mali, se sont \u00e9tendues vers le centre du pays puis vers le Burkina Faso et menacent d\u00e9sormais les pays c\u00f4tiers du Golfe de Guin\u00e9e, jusque-l\u00e0 \u00e9pargn\u00e9s.<\/p>\n","protected":false},"excerpt":{"rendered":"<p>Le ministre des Affaires \u00e9trang\u00e8res a d\u00e9nonc\u00e9 samedi un manque de vigilance de la part de Patrick Picque et Laurent Lassimouillas. En plus d&rsquo;\u00eatre culpabilisante, l&rsquo;affirmation du chef de la diplomatie fran\u00e7aise est fausse. Jusque-l\u00e0 assez discret, le ministre des Affaires \u00e9trang\u00e8res s\u2019est offert une pol\u00e9mique \u00e0 cause de propos inexacts. Samedi, Jean-Yves Le Drian [&hellip;]<\/p>\n","protected":false},"author":2,"featured_media":12263,"comment_status":"open","ping_status":"open","sticky":false,"template":"","format":"standard","meta":{"_jetpack_memberships_contains_paid_content":false,"footnotes":"","jetpack_publicize_message":"","jetpack_publicize_feature_enabled":true,"jetpack_social_post_already_shared":true,"jetpack_social_options":{"image_generator_settings":{"template":"highway","default_image_id":0,"font":"","enabled":false},"version":2},"_wpas_customize_per_network":false},"categories":[405],"tags":[],"class_list":["post-12262","post","type-post","status-publish","format-standard","has-post-thumbnail","hentry","category-actu-france-monde"],"jetpack_publicize_connections":[],"jetpack_featured_media_url":"https:\/\/i0.wp.com\/www.iceagetv.com\/radiosite\/wp-content\/uploads\/2019\/05\/Les-otages-fran%C3%A7ais-ont-ils-%C3%A9t%C3%A9-enlev%C3%A9s-dans-une-%C2%ABzone-rouge.jpg?fit=960%2C640&ssl=1","jetpack_sharing_enabled":true,"_links":{"self":[{"href":"https:\/\/www.iceagetv.com\/radiosite\/wp-json\/wp\/v2\/posts\/12262","targetHints":{"allow":["GET"]}}],"collection":[{"href":"https:\/\/www.iceagetv.com\/radiosite\/wp-json\/wp\/v2\/posts"}],"about":[{"href":"https:\/\/www.iceagetv.com\/radiosite\/wp-json\/wp\/v2\/types\/post"}],"author":[{"embeddable":true,"href":"https:\/\/www.iceagetv.com\/radiosite\/wp-json\/wp\/v2\/users\/2"}],"replies":[{"embeddable":true,"href":"https:\/\/www.iceagetv.com\/radiosite\/wp-json\/wp\/v2\/comments?post=12262"}],"version-history":[{"count":1,"href":"https:\/\/www.iceagetv.com\/radiosite\/wp-json\/wp\/v2\/posts\/12262\/revisions"}],"predecessor-version":[{"id":12264,"href":"https:\/\/www.iceagetv.com\/radiosite\/wp-json\/wp\/v2\/posts\/12262\/revisions\/12264"}],"wp:featuredmedia":[{"embeddable":true,"href":"https:\/\/www.iceagetv.com\/radiosite\/wp-json\/wp\/v2\/media\/12263"}],"wp:attachment":[{"href":"https:\/\/www.iceagetv.com\/radiosite\/wp-json\/wp\/v2\/media?parent=12262"}],"wp:term":[{"taxonomy":"category","embeddable":true,"href":"https:\/\/www.iceagetv.com\/radiosite\/wp-json\/wp\/v2\/categories?post=12262"},{"taxonomy":"post_tag","embeddable":true,"href":"https:\/\/www.iceagetv.com\/radiosite\/wp-json\/wp\/v2\/tags?post=12262"}],"curies":[{"name":"wp","href":"https:\/\/api.w.org\/{rel}","templated":true}]}}