{"id":12265,"date":"2019-05-13T18:53:19","date_gmt":"2019-05-13T18:53:19","guid":{"rendered":"http:\/\/www.iceagetv.com\/radiosite\/?p=12265"},"modified":"2019-05-13T18:53:26","modified_gmt":"2019-05-13T18:53:26","slug":"vives-tensions-au-proces-des-balkany","status":"publish","type":"post","link":"https:\/\/www.iceagetv.com\/radiosite\/vives-tensions-au-proces-des-balkany\/","title":{"rendered":"Vives tensions au proc\u00e8s des Balkany"},"content":{"rendered":"\n<p>Apr\u00e8s sa demande de renvoi rejet\u00e9e, la d\u00e9fense s\u2019en prend au pr\u00e9sident du tribunal en appelant \u00e0 sa r\u00e9cusation.<\/p>\n\n\n\n<p>La requ\u00eate en r\u00e9cusation du pr\u00e9sident est une arme lourde, \u00e0 la pr\u00e9cision al\u00e9atoire, rarement mise en \u0153uvre, surtout d\u2019entr\u00e9e de jeu. C\u2019est pourtant celle qu\u2019ont choisi de d\u00e9gainer, lundi, les avocats de Patrick Balkany, d\u00e8s l\u2019ouverture du proc\u00e8s devant le tribunal correctionnel de Paris.<\/p>\n\n\n\n<p><a href=\"http:\/\/www.lefigaro.fr\/actualite-france\/fraude-fiscale-et-corruption-les-balkany-devant-la-justice-20190512\">Le maire (LR) de Levallois-Perret, 70\u00a0ans, costume et cravate bleus, cocarde \u00e0 la boutonni\u00e8re, est seul sur le banc des pr\u00e9venus<\/a>. Son \u00e9pouse, Isabelle, qui a tent\u00e9 de se suicider d\u00e9but mai, a produit un certificat m\u00e9dical: elle n\u2019est pas en \u00e9tat de compara\u00eetre. \u00abElle a craqu\u00e9, comme on dit\u00bb,explique M<sup>e<\/sup>\u00a0Pierre-Olivier Sur. Qui, soudain, s\u2019enflamme &#8211;\u00a0il en fait m\u00eame beaucoup\u00a0&#8211; en \u00e9voquant \u00ables seaux de vomi qu\u2019on lui envoie \u00e0 la gueule\u00bb, et sollicite un renvoi. Selon lui, le plan de l\u2019audience \u00abprive la d\u00e9fense d\u2019une partie de ses droits\u00bb : le pr\u00e9sident a, en effet, pr\u00e9vu d\u2019examiner d\u2019abord une affaire de fraude fiscale qui ne concerne que les \u00e9poux, puis, une fois celle-ci mise en d\u00e9lib\u00e9r\u00e9, un volet plus vaste, avec davantage de pr\u00e9venus, de blanchiment aggrav\u00e9 et, pour Patrick Balkany, de corruption. Or les faits sont imbriqu\u00e9s, et il peut para\u00eetre \u00e9trange d\u2019en avoir fait deux affaires au lieu d\u2019une.<br>M<sup>e<\/sup>\u00a0\u00c9ric Dupond-Moretti, qui, avec M<sup>e<\/sup>\u00a0Antoine Vey, assiste l\u2019\u00e9lu des Hauts-de-Seine, sollicite aussi le renvoi, et r\u00e9v\u00e8le qu\u2019il a d\u00e9pos\u00e9 au parquet g\u00e9n\u00e9ral une demande de d\u00e9paysement. Car, parmi les parties civiles, il a point\u00e9 l\u2019association Anticor, dont l\u2019un des membres les plus en vue, \u00c9ric Alt, est aussi vice-pr\u00e9sident du TGI. Le parquet s\u2019oppose \u00e0 tout. Le tribunal rejette tout.<\/p>\n\n\n\n<p>M<sup>e<\/sup>&nbsp;Dupond-Moretti sollicite \u00e0 nouveau la parole. \u00c0 cet instant, il vise le pr\u00e9sident, Benjamin Blanchet: \u00abJe vais vous demander de vous d\u00e9porter, faute de quoi je saisirai le premier pr\u00e9sident de la cour d\u2019appel d\u2019une requ\u00eate en r\u00e9cusation.\u00bb Le p\u00e9naliste a exhum\u00e9 une d\u00e9cision rendue par le magistrat, le 15&nbsp;septembre 2017. Ce jour-l\u00e0, Benjamin Blanchet refuse d\u2019homologuer une proc\u00e9dure de \u00abplaider coupable\u00bb pourtant soutenue par le parquet. Le pr\u00e9venu? Un d\u00e9put\u00e9 &#8211; comme Patrick Balkany au moment des faits vis\u00e9s par les deux pr\u00e9ventions. Le d\u00e9lit? Fraude fiscale. La peine? Huit mois de prison avec sursis. La motivation du juge? Elle repose sur \u00abla personnalit\u00e9\u00bb du pr\u00e9venu &#8211;&nbsp;sa qualit\u00e9 de parlementaire&nbsp;&#8211; et la n\u00e9cessit\u00e9 de r\u00e9primer la fraude fiscale en tant qu\u2019\u00abenjeu majeur de l\u2019action gouvernementale\u00bb. \u00abOn pourrait lire cela sous la plume d\u2019un pr\u00e9fet, pas sous celle d\u2019un magistrat, gronde M<sup>e<\/sup>&nbsp;Dupond-Moretti, qui n\u2019ignore sans doute pas que Blanchet fut sous-pr\u00e9fet. Cette d\u00e9cision fixe, au fond, une peine plancher. M.&nbsp;Balkany n\u2019est pas serein, et il a raison: nous savons d\u00e9j\u00e0 ce que vous pensez.\u00bb<\/p>\n\n\n\n<h2 class=\"wp-block-heading\">\u00abJe ne me d\u00e9porterai pas\u00bb<\/h2>\n\n\n\n<p>L\u2019avocat reproche encore au pr\u00e9sident de s\u2019\u00eatre, sous casquette syndicale, \u00abbeaucoup exprim\u00e9\u00bb dans les m\u00e9dias sur les d\u00e9lits commis par des hommes politiques et leur r\u00e9pression. Insistant sur une proximit\u00e9 d\u2019analyse troublante avec celles dont \u00c9ric Alt n\u2019est pas avare, il en conclut que l\u2019\u00abimpartialit\u00e9 objective\u00bb du pr\u00e9sident, telle que d\u00e9finie par la CEDH, n\u2019est pas garantie. \u00abVous allez devoir d\u00e9poser votre requ\u00eate, je ne me d\u00e9porterai pas\u00bb, r\u00e9plique, impassible, le magistrat. Cela promet, au cas o\u00f9 le premier pr\u00e9sident renvoie M<sup>es<\/sup>&nbsp;Vey et Dupond-Moretti dans leurs cordes\u2026<\/p>\n\n\n\n<p>Pendant ce temps, Patrick Balkany bouillonne. Il br\u00fble de lire les courriers que sa femme avait adress\u00e9s aux juges d\u2019instruction, n\u2019attend qu\u2019un signe pour donner de sa grosse voix et agiter sa cocarde sous le nez des juges. Mais, pour l\u2019heure, il doit s\u2019en tenir \u00e0 son r\u00f4le de mari rong\u00e9 d\u2019angoisse et de justiciable inquiet. L\u2019\u00e9lu inoxydable qui, jadis, tourna dans quelques films, n\u2019a apparemment aucune disposition pour le cin\u00e9ma muet.<\/p>\n","protected":false},"excerpt":{"rendered":"<p>Apr\u00e8s sa demande de renvoi rejet\u00e9e, la d\u00e9fense s\u2019en prend au pr\u00e9sident du tribunal en appelant \u00e0 sa r\u00e9cusation. La requ\u00eate en r\u00e9cusation du pr\u00e9sident est une arme lourde, \u00e0 la pr\u00e9cision al\u00e9atoire, rarement mise en \u0153uvre, surtout d\u2019entr\u00e9e de jeu. C\u2019est pourtant celle qu\u2019ont choisi de d\u00e9gainer, lundi, les avocats de Patrick Balkany, d\u00e8s [&hellip;]<\/p>\n","protected":false},"author":2,"featured_media":12266,"comment_status":"open","ping_status":"open","sticky":false,"template":"","format":"standard","meta":{"_jetpack_memberships_contains_paid_content":false,"footnotes":"","jetpack_publicize_message":"","jetpack_publicize_feature_enabled":true,"jetpack_social_post_already_shared":true,"jetpack_social_options":{"image_generator_settings":{"template":"highway","default_image_id":0,"font":"","enabled":false},"version":2},"_wpas_customize_per_network":false},"categories":[405],"tags":[],"class_list":["post-12265","post","type-post","status-publish","format-standard","has-post-thumbnail","hentry","category-actu-france-monde"],"jetpack_publicize_connections":[],"jetpack_featured_media_url":"https:\/\/i0.wp.com\/www.iceagetv.com\/radiosite\/wp-content\/uploads\/2019\/05\/Balkany.jpg?fit=680%2C382&ssl=1","jetpack_sharing_enabled":true,"_links":{"self":[{"href":"https:\/\/www.iceagetv.com\/radiosite\/wp-json\/wp\/v2\/posts\/12265","targetHints":{"allow":["GET"]}}],"collection":[{"href":"https:\/\/www.iceagetv.com\/radiosite\/wp-json\/wp\/v2\/posts"}],"about":[{"href":"https:\/\/www.iceagetv.com\/radiosite\/wp-json\/wp\/v2\/types\/post"}],"author":[{"embeddable":true,"href":"https:\/\/www.iceagetv.com\/radiosite\/wp-json\/wp\/v2\/users\/2"}],"replies":[{"embeddable":true,"href":"https:\/\/www.iceagetv.com\/radiosite\/wp-json\/wp\/v2\/comments?post=12265"}],"version-history":[{"count":1,"href":"https:\/\/www.iceagetv.com\/radiosite\/wp-json\/wp\/v2\/posts\/12265\/revisions"}],"predecessor-version":[{"id":12267,"href":"https:\/\/www.iceagetv.com\/radiosite\/wp-json\/wp\/v2\/posts\/12265\/revisions\/12267"}],"wp:featuredmedia":[{"embeddable":true,"href":"https:\/\/www.iceagetv.com\/radiosite\/wp-json\/wp\/v2\/media\/12266"}],"wp:attachment":[{"href":"https:\/\/www.iceagetv.com\/radiosite\/wp-json\/wp\/v2\/media?parent=12265"}],"wp:term":[{"taxonomy":"category","embeddable":true,"href":"https:\/\/www.iceagetv.com\/radiosite\/wp-json\/wp\/v2\/categories?post=12265"},{"taxonomy":"post_tag","embeddable":true,"href":"https:\/\/www.iceagetv.com\/radiosite\/wp-json\/wp\/v2\/tags?post=12265"}],"curies":[{"name":"wp","href":"https:\/\/api.w.org\/{rel}","templated":true}]}}