{"id":12268,"date":"2019-05-13T18:55:58","date_gmt":"2019-05-13T18:55:58","guid":{"rendered":"http:\/\/www.iceagetv.com\/radiosite\/?p=12268"},"modified":"2019-05-13T18:56:04","modified_gmt":"2019-05-13T18:56:04","slug":"francais-enleves-au-benin-le-parquet-de-paris-ouvre-une-enquete","status":"publish","type":"post","link":"https:\/\/www.iceagetv.com\/radiosite\/francais-enleves-au-benin-le-parquet-de-paris-ouvre-une-enquete\/","title":{"rendered":"Fran\u00e7ais enlev\u00e9s au B\u00e9nin : le parquet de Paris ouvre une enqu\u00eate"},"content":{"rendered":"\n<p>Le parquet de Paris a annonc\u00e9 l&rsquo;ouverture lundi d&rsquo;une enqu\u00eate pr\u00e9liminaire apr\u00e8s l&rsquo;enl\u00e8vement et la s\u00e9questration de deux Fran\u00e7ais au B\u00e9nin, lib\u00e9r\u00e9s par les forces sp\u00e9ciales fran\u00e7aises lors d&rsquo;une op\u00e9ration au Burkina Faso.<\/p>\n\n\n\n<p>Cette enqu\u00eate a \u00e9t\u00e9 ouverte pour arrestation, enl\u00e8vement, s\u00e9questration et d\u00e9tention arbitraire d&rsquo;otage commis en bande organis\u00e9e et en relation avec une entreprise terroriste, a pr\u00e9cis\u00e9 le parquet. Les investigations ont \u00e9t\u00e9 confi\u00e9es \u00e0 la Direction g\u00e9n\u00e9rale de la s\u00e9curit\u00e9 int\u00e9rieure (DGSI) et \u00e0 la Sous-direction antiterroriste (Sdat).<\/p>\n\n\n\n<p>La justice fran\u00e7aise est comp\u00e9tente pour enqu\u00eater sur les crimes commis contre des ressortissants ou des int\u00e9r\u00eats fran\u00e7ais \u00e0 l&rsquo;\u00e9tranger.<\/p>\n\n\n\n<p>Patrick Picque et Laurent Lassimouillas avaient \u00e9t\u00e9 enlev\u00e9s le 1er mai pendant un s\u00e9jour touristique au B\u00e9nin. Ils ont \u00e9t\u00e9 lib\u00e9r\u00e9s dans la nuit de jeudi \u00e0 vendredi en m\u00eame temps qu&rsquo;une Sud-Cor\u00e9enne et une Am\u00e9ricaine qui \u00e9taient captives depuis 28 jours, lors d&rsquo;une op\u00e9ration au cours de laquelle deux soldats des forces sp\u00e9ciales fran\u00e7aises ont \u00e9t\u00e9 tu\u00e9s.<br>A leur arriv\u00e9e \u00e0 Paris, les deux Fran\u00e7ais ont reconnu qu&rsquo;ils auraient d\u00fb davantage tenir compte de l&rsquo;avis des autorit\u00e9s diplomatiques fran\u00e7aises d\u00e9conseillant de se rendre dans cette r\u00e9gion en raison d&rsquo;une forte pr\u00e9sence de groupes jihadistes dans la bande sah\u00e9lienne.<\/p>\n","protected":false},"excerpt":{"rendered":"<p>Le parquet de Paris a annonc\u00e9 l&rsquo;ouverture lundi d&rsquo;une enqu\u00eate pr\u00e9liminaire apr\u00e8s l&rsquo;enl\u00e8vement et la s\u00e9questration de deux Fran\u00e7ais au B\u00e9nin, lib\u00e9r\u00e9s par les forces sp\u00e9ciales fran\u00e7aises lors d&rsquo;une op\u00e9ration au Burkina Faso. Cette enqu\u00eate a \u00e9t\u00e9 ouverte pour arrestation, enl\u00e8vement, s\u00e9questration et d\u00e9tention arbitraire d&rsquo;otage commis en bande organis\u00e9e et en relation avec une [&hellip;]<\/p>\n","protected":false},"author":2,"featured_media":12269,"comment_status":"open","ping_status":"open","sticky":false,"template":"","format":"standard","meta":{"_jetpack_memberships_contains_paid_content":false,"footnotes":"","jetpack_publicize_message":"","jetpack_publicize_feature_enabled":true,"jetpack_social_post_already_shared":true,"jetpack_social_options":{"image_generator_settings":{"template":"highway","default_image_id":0,"font":"","enabled":false},"version":2},"_wpas_customize_per_network":false},"categories":[405],"tags":[],"class_list":["post-12268","post","type-post","status-publish","format-standard","has-post-thumbnail","hentry","category-actu-france-monde"],"jetpack_publicize_connections":[],"jetpack_featured_media_url":"https:\/\/i0.wp.com\/www.iceagetv.com\/radiosite\/wp-content\/uploads\/2019\/05\/Fran%C3%A7ais-enlev%C3%A9s-au-B%C3%A9nin.jpeg?fit=680%2C382&ssl=1","jetpack_sharing_enabled":true,"_links":{"self":[{"href":"https:\/\/www.iceagetv.com\/radiosite\/wp-json\/wp\/v2\/posts\/12268","targetHints":{"allow":["GET"]}}],"collection":[{"href":"https:\/\/www.iceagetv.com\/radiosite\/wp-json\/wp\/v2\/posts"}],"about":[{"href":"https:\/\/www.iceagetv.com\/radiosite\/wp-json\/wp\/v2\/types\/post"}],"author":[{"embeddable":true,"href":"https:\/\/www.iceagetv.com\/radiosite\/wp-json\/wp\/v2\/users\/2"}],"replies":[{"embeddable":true,"href":"https:\/\/www.iceagetv.com\/radiosite\/wp-json\/wp\/v2\/comments?post=12268"}],"version-history":[{"count":1,"href":"https:\/\/www.iceagetv.com\/radiosite\/wp-json\/wp\/v2\/posts\/12268\/revisions"}],"predecessor-version":[{"id":12270,"href":"https:\/\/www.iceagetv.com\/radiosite\/wp-json\/wp\/v2\/posts\/12268\/revisions\/12270"}],"wp:featuredmedia":[{"embeddable":true,"href":"https:\/\/www.iceagetv.com\/radiosite\/wp-json\/wp\/v2\/media\/12269"}],"wp:attachment":[{"href":"https:\/\/www.iceagetv.com\/radiosite\/wp-json\/wp\/v2\/media?parent=12268"}],"wp:term":[{"taxonomy":"category","embeddable":true,"href":"https:\/\/www.iceagetv.com\/radiosite\/wp-json\/wp\/v2\/categories?post=12268"},{"taxonomy":"post_tag","embeddable":true,"href":"https:\/\/www.iceagetv.com\/radiosite\/wp-json\/wp\/v2\/tags?post=12268"}],"curies":[{"name":"wp","href":"https:\/\/api.w.org\/{rel}","templated":true}]}}