{"id":12272,"date":"2019-05-13T18:57:53","date_gmt":"2019-05-13T18:57:53","guid":{"rendered":"http:\/\/www.iceagetv.com\/radiosite\/?p=12272"},"modified":"2019-05-13T18:57:58","modified_gmt":"2019-05-13T18:57:58","slug":"france-2-arrete-cest-au-programme-de-sophie-davant","status":"publish","type":"post","link":"https:\/\/www.iceagetv.com\/radiosite\/france-2-arrete-cest-au-programme-de-sophie-davant\/","title":{"rendered":"France 2 arr\u00eate \u00abC\u2019est au programme\u00bb de Sophie Davant"},"content":{"rendered":"\n<h2 class=\"wp-block-heading\">Apr\u00e8s plus de 20 ans d\u2019antenne, l\u2019\u00e9mission fait les frais de la r\u00e9organisation des grilles de rentr\u00e9e.<\/h2>\n\n\n\n<p>\u00ab C\u2019est au programme \u00bb\u2026 ne l\u2019est plus. D\u2019apr\u00e8s nos informations, la direction de France T\u00e9l\u00e9visions a tranch\u00e9 : le magazine pr\u00e9sent\u00e9 depuis septembre 1998 par Sophie Davant chaque matin sur France 2 \u00e0 10 heures ne reviendra pas \u00e0 la rentr\u00e9e.<br>Vendredi matin, Takis Candilis, le num\u00e9ro 2 du groupe, en a officiellement inform\u00e9 l\u2019\u00e9quipe de l\u2019\u00e9mission. Voil\u00e0 des mois que la rumeur planait dans les couloirs du groupe public, qui doit \u00e0 la fois repenser son offre de programmes et r\u00e9aliser des \u00e9conomies drastiques, de l\u2019ordre de 400 millions d\u2019euros (M\u20ac) d\u2019ici \u00e0 2022. La cha\u00eene avait\u00a0<a rel=\"noreferrer noopener\" href=\"http:\/\/www.leparisien.fr\/culture-loisirs\/tv\/un-dernier-cafe-pour-catherine-ceylac-30-11-2018-7957632.php\" target=\"_blank\">d\u00e9j\u00e0 mis un terme en d\u00e9cembre dernier \u00e0 \u00ab Th\u00e9 ou caf\u00e9 \u00bb<\/a>, le rendez-vous culturel pr\u00e9sent\u00e9 par Catherine Ceylac pendant 22 ans le samedi et le dimanche.<\/p>\n\n\n\n<p>l s\u2019agit de mieux harmoniser l\u2019offre globale de France T\u00e9l\u00e9visions en mati\u00e8re de magazine traitant de la vie quotidienne, de la consommation et de l\u2019actualit\u00e9 culturelle, tout en pr\u00e9servant l\u2019app\u00e9tence du public pour ces th\u00e9matiques \u00bb commente une source proche de la direction.<\/p>\n\n\n\n<h2 class=\"wp-block-heading\">Une rediffusion du feuilleton \u00ab Un si grand soleil \u00bb<\/h2>\n\n\n\n<p>Une page se tourne pour les matin\u00e9es de France T\u00e9l\u00e9.&nbsp;<a href=\"http:\/\/www.leparisien.fr\/culture-loisirs\/tv\/motus-arrete-apres-le-depart-de-thierry-beccaro-des-chiffres-et-des-lettres-sauve-11-05-2019-8069982.php\" target=\"_blank\" rel=\"noreferrer noopener\">Apr\u00e8s \u00ab Motus \u00bb, le jeu pr\u00e9sent\u00e9 par Thierry Beccaro pendant 29 ans<\/a>, c\u2019est donc un autre programme historique qui va dispara\u00eetre \u00e0 la rentr\u00e9e.<\/p>\n\n\n\n<p>Le magazine port\u00e9 par Sophie Davant et sa bande de chroniqueurs, avec des sujets conso, sant\u00e9, sport, culture, r\u00e9unit en moyenne 370 000 t\u00e9l\u00e9spectateurs depuis janvier, (soit 10,4 % de part d\u2019audience) et permet toujours \u00e0 la cha\u00eene, m\u00eame vingt ans apr\u00e8s sa cr\u00e9ation, d\u2019\u00eatre leader sur ce cr\u00e9neau, devant TF1 et BFMTV. Sophie Davant et ses \u00e9quipes n\u2019ont pas \u00e0 rougir : l\u2019\u00e9mission attire de nombreuses personnalit\u00e9s invit\u00e9es (dont, cette saison, Eddy de Pretto, Muriel Robin, Sylvie Vartan, Michel Onfray, l\u2019acteur Fran\u00e7ois Civil, S\u00e9gol\u00e8ne Royal\u2026). Elle affiche une moyenne d\u2019\u00e2ge des t\u00e9l\u00e9spectateurs de 63 ans. Oui mais : dans ce nouveau contexte budg\u00e9taire, elle co\u00fbte plus cher qu\u2019une rediffusion du feuilleton \u00ab Un si grand soleil \u00bb, que la direction envisagerait entre autres comme remplacement.<\/p>\n\n\n\n<p>\u00ab C\u2019est une immense tristesse \u00bb confie l\u2019animatrice et coproductrice du magazine Sophie Davant. \u00ab C\u2019est une \u00e9mission qui a une long\u00e9vit\u00e9 exceptionnelle, c\u2019est un rendez-vous d\u2019accueil sympathique et qui marche. Depuis deux semaines, nous battons des records d\u2019audience. C\u2019est donc la fin d\u2019une belle aventure \u00bb, ajoute celle qui entend rester \u00ab positive \u00bb.<\/p>\n\n\n\n<h2 class=\"wp-block-heading\">Une trentaine de salari\u00e9s<\/h2>\n\n\n\n<p>La populaire animatrice du service public n\u2019a pas \u00e0 s\u2019inqui\u00e9ter pour son avenir sur France 2, dont elle est la carte ma\u00eetresse de l\u2019apr\u00e8s-midi avec le succ\u00e8s de son \u00e9mission ph\u00e9nom\u00e8ne \u00ab Affaire conclue \u00bb. En janvier dernier, Sophie Davant nous confiait son envie de proposer \u00e0 la Deux&nbsp;<a href=\"http:\/\/www.leparisien.fr\/culture-loisirs\/tv\/trois-jours-avec-l-animatrice-sophie-davant-25-01-2019-7996422.php\" target=\"_blank\" rel=\"noreferrer noopener\">un projet de nouvelle \u00e9mission culturelle<\/a>, \u00ab vraiment accessible, grand public, qui informe et qui divertit \u00bb. A-t-elle \u00e9t\u00e9 entendue sur ce point ? Les prochaines semaines le diront.<\/p>\n\n\n\n<p>Les \u00e9quipes de \u00ab C\u2019est au programme \u00bb en revanche sont encore dans l\u2019expectative. Car le magazine s\u2019appuie sur une trentaine de salari\u00e9s : une poign\u00e9e en CDI, et plus d\u2019une vingtaine en CDD. \u00ab C\u2019est quand m\u00eame un peu la panique, certains se demandent o\u00f9 ils vont atterrir \u00bb confie, inquiet, un salari\u00e9.<\/p>\n\n\n\n<p>La direction leur aurait donn\u00e9 des assurances de red\u00e9ploiement en interne, d\u2019autant que le 9 mai, tous les syndicats \u2013 \u00e0 l\u2019exception du SNJ \u2014 et la direction ont sign\u00e9&nbsp;<a href=\"http:\/\/www.leparisien.fr\/culture-loisirs\/tv\/plan-de-departs-volontaires-l-inquietude-monte-a-france-televisions-20-01-2019-7992615.php\" target=\"_blank\" rel=\"noreferrer noopener\">le nouveau plan d\u2019\u00e9conomies<\/a>, qui pr\u00e9voit des d\u00e9parts mais aussi l\u2019int\u00e9gration en CDI des nombreux salari\u00e9s en CDD r\u00e9gulier. \u00ab Mon souci premier, c\u2019est que ceux qui travaillent dans cette \u00e9mission retrouvent du travail sur la cha\u00eene. Je veux d\u2019abord \u00eatre rassur\u00e9e pour l\u2019\u00e9quipe \u00bb souligne Sophie Davant. Certains pourraient peut-\u00eatre rebondir \u00e0 \u00ab T\u00e9l\u00e9matin \u00bb, dont la direction de France T\u00e9l\u00e9visions envisage une formule renforc\u00e9e \u00e0 la rentr\u00e9e.<\/p>\n","protected":false},"excerpt":{"rendered":"<p>Apr\u00e8s plus de 20 ans d\u2019antenne, l\u2019\u00e9mission fait les frais de la r\u00e9organisation des grilles de rentr\u00e9e. \u00ab C\u2019est au programme \u00bb\u2026 ne l\u2019est plus. D\u2019apr\u00e8s nos informations, la direction de France T\u00e9l\u00e9visions a tranch\u00e9 : le magazine pr\u00e9sent\u00e9 depuis septembre 1998 par Sophie Davant chaque matin sur France 2 \u00e0 10 heures ne reviendra [&hellip;]<\/p>\n","protected":false},"author":2,"featured_media":12273,"comment_status":"open","ping_status":"open","sticky":false,"template":"","format":"standard","meta":{"_jetpack_memberships_contains_paid_content":false,"footnotes":"","jetpack_publicize_message":"","jetpack_publicize_feature_enabled":true,"jetpack_social_post_already_shared":true,"jetpack_social_options":{"image_generator_settings":{"template":"highway","default_image_id":0,"font":"","enabled":false},"version":2},"_wpas_customize_per_network":false},"categories":[68],"tags":[],"class_list":["post-12272","post","type-post","status-publish","format-standard","has-post-thumbnail","hentry","category-actu-culturelle"],"jetpack_publicize_connections":[],"jetpack_featured_media_url":"https:\/\/i0.wp.com\/www.iceagetv.com\/radiosite\/wp-content\/uploads\/2019\/05\/C%E2%80%99est-au-programme.jpg?fit=1000%2C625&ssl=1","jetpack_sharing_enabled":true,"_links":{"self":[{"href":"https:\/\/www.iceagetv.com\/radiosite\/wp-json\/wp\/v2\/posts\/12272","targetHints":{"allow":["GET"]}}],"collection":[{"href":"https:\/\/www.iceagetv.com\/radiosite\/wp-json\/wp\/v2\/posts"}],"about":[{"href":"https:\/\/www.iceagetv.com\/radiosite\/wp-json\/wp\/v2\/types\/post"}],"author":[{"embeddable":true,"href":"https:\/\/www.iceagetv.com\/radiosite\/wp-json\/wp\/v2\/users\/2"}],"replies":[{"embeddable":true,"href":"https:\/\/www.iceagetv.com\/radiosite\/wp-json\/wp\/v2\/comments?post=12272"}],"version-history":[{"count":1,"href":"https:\/\/www.iceagetv.com\/radiosite\/wp-json\/wp\/v2\/posts\/12272\/revisions"}],"predecessor-version":[{"id":12274,"href":"https:\/\/www.iceagetv.com\/radiosite\/wp-json\/wp\/v2\/posts\/12272\/revisions\/12274"}],"wp:featuredmedia":[{"embeddable":true,"href":"https:\/\/www.iceagetv.com\/radiosite\/wp-json\/wp\/v2\/media\/12273"}],"wp:attachment":[{"href":"https:\/\/www.iceagetv.com\/radiosite\/wp-json\/wp\/v2\/media?parent=12272"}],"wp:term":[{"taxonomy":"category","embeddable":true,"href":"https:\/\/www.iceagetv.com\/radiosite\/wp-json\/wp\/v2\/categories?post=12272"},{"taxonomy":"post_tag","embeddable":true,"href":"https:\/\/www.iceagetv.com\/radiosite\/wp-json\/wp\/v2\/tags?post=12272"}],"curies":[{"name":"wp","href":"https:\/\/api.w.org\/{rel}","templated":true}]}}