{"id":12275,"date":"2019-05-14T19:17:29","date_gmt":"2019-05-14T19:17:29","guid":{"rendered":"http:\/\/www.iceagetv.com\/radiosite\/?p=12275"},"modified":"2019-05-14T19:18:48","modified_gmt":"2019-05-14T19:18:48","slug":"festival-de-cannes-2019-un-vent-de-renouveau-et-des-zombies","status":"publish","type":"post","link":"https:\/\/www.iceagetv.com\/radiosite\/festival-de-cannes-2019-un-vent-de-renouveau-et-des-zombies\/","title":{"rendered":"Festival de Cannes 2019 : un vent de renouveau et des zombies"},"content":{"rendered":"\n<p>Ils sont huit. Quatre r\u00e9alisatrices, autant de r\u00e9alisateurs. La parit\u00e9 dans la nouveaut\u00e9. Justine Triet, Mati Diop, Jessica Hausner, C\u00e9line Sciamma, Ira Sachs, Diao Yinan, Ladj Ly et Corneliu Porumboiu vont pour la premi\u00e8re fois concourir pour la Palme d\u2019or lors de la 72<sup>e<\/sup>&nbsp;\u00e9dition du Festival de Cannes, qui d\u00e9bute mardi 14&nbsp;mai. Une \u00e9dition que Thierry Fr\u00e9maux, d\u00e9l\u00e9gu\u00e9 g\u00e9n\u00e9ral, a qualifi\u00e9e de&nbsp;<em>\u00ab&nbsp;romantique et politique&nbsp;\u00bb<\/em>&nbsp;et qui s\u2019ouvrira sous le signe des zombies \u2013 une des tendances fortes de cette ann\u00e9e \u2013 avec le nouveau film de Jim Jarmusch&nbsp;<em>The Dead Don\u2019t Die<\/em>&nbsp;et son impressionnant casting&nbsp;: Adam Driver, Selena Gomez, Danny Glover, Bill Murray,&nbsp;<a href=\"https:\/\/www.lemonde.fr\/culture\/article\/2019\/05\/10\/chloe-sevigny-actrice-hors-cadre_5460251_3246.html\">Chlo\u00eb Sevigny<\/a>\u2026<\/p>\n\n\n\n<p>Si certains des huit \u00ab\u00a0nouveaux\u00a0\u00bb sont des habitu\u00e9s des sections parall\u00e8les, Mati Diop et\u00a0<a href=\"https:\/\/www.lemonde.fr\/televisions-radio\/article\/2017\/10\/20\/jr-et-ladj-ly-rembobinent-l-histoire-de-clichy-monfermeil_5203914_1655027.html\">Ladj Ly<\/a>\u00a0d\u00e9barquent sur la Croisette, chacun avec un premier long-m\u00e9trage \u2013\u00a0<em>Atlantique<\/em>\u00a0pour la r\u00e9alisatrice franco-s\u00e9nagalaise,\u00a0<em>Les Mis\u00e9rables<\/em>\u00a0pour celui qui avait film\u00e9 les \u00e9meutes urbaines de 2005 \u00e0 Montfermeil \u2013, deux \u0153uvres politiques enracin\u00e9es dans leur \u00e9poque et le v\u00e9cu de leurs auteurs. La premi\u00e8re est une chronique intime, nourrie des pr\u00e9c\u00e9dents courts-m\u00e9trages de la r\u00e9alisatrice, sur l\u2019\u00e9migration vers l\u2019Europe vue par des femmes dans une banlieue de Dakar\u00a0; la seconde, l\u2019histoire vraie d\u2019une bavure polici\u00e8re en Seine-Saint-Denis. Une sc\u00e8ne film\u00e9e en\u00a02008 par Ladj Ly, \u00ab\u00a0l\u2019Homme \u00e0 la cam\u00e9ra\u00a0\u00bb, comme il \u00e9tait surnomm\u00e9 dans sa ville, alors qu\u2019il s\u2019\u00e9tait donn\u00e9 pour mission de documenter et de d\u00e9noncer les brutalit\u00e9s polici\u00e8res.<br>Ce vent de fra\u00eecheur qui s\u2019annonce ne fait pas seulement bouger la Comp\u00e9tition officielle et Un certain regard, o\u00f9 six premiers films seront pr\u00e9sent\u00e9s aux festivaliers. Du c\u00f4t\u00e9 de la Quinzaine des r\u00e9alisateurs aussi, on innove.\u00a0<a href=\"https:\/\/www.lemonde.fr\/culture\/article\/2019\/05\/13\/cannes-la-quinzaine-des-realisateurs-s-offre-paolo-moretti_5461472_3246.html\">Paolo Moretti<\/a>, qui succ\u00e8de \u00e0 Edouard Waintrop au poste de d\u00e9l\u00e9gu\u00e9 g\u00e9n\u00e9ral, a d\u00e9voil\u00e9 une s\u00e9lection o\u00f9 ne figurent pas moins de seize longs-m\u00e9trages tourn\u00e9s par des r\u00e9alisateurs qui feront leurs premiers pas \u00e0 Cannes. Avec\u00a0<em>Le Daim<\/em>, de Quentin Dupieux, en ouverture, et\u00a0<em>Yves<\/em>, de Beno\u00eet Forgeard, pour la cl\u00f4ture, l\u2019Italien a fait de l\u2019excentricit\u00e9 et de l\u2019irr\u00e9v\u00e9rence les deux bornes de son nouveau magist\u00e8re.<\/p>\n\n\n\n<p>Les v\u00e9t\u00e9rans, qu\u2019ils soient europ\u00e9ens ou am\u00e9ricains, seront eux aussi bien pr\u00e9sents cette ann\u00e9e sur la Croisette. Pedro Almodovar (<em>Douleur et Gloire<\/em>), Quentin Tarantino (<em>Once Upon a Time in\u2026 Hollywood<\/em>), Ken Loach (<em>Sorry We Missed You<\/em>), Xavier Dolan (<em>Mathias et Maxime<\/em>), Terrence Malick (<em>Une vie cach\u00e9e<\/em>) ou encore Jean-Pierre et Luc Dardenne (<em>Le Jeune Ahmed<\/em>) sont en lice pour la Palme d\u2019or d\u00e9cern\u00e9e par le jury pr\u00e9sid\u00e9 par le cin\u00e9aste mexicain Alejandro Gonzales I\u00f1aritu et pour succ\u00e9der \u00e0 Hirokazu Kore-eda (<em><a href=\"https:\/\/www.lemonde.fr\/cinema\/article\/2018\/12\/11\/une-affaire-de-famille-l-amour-a-la-derobee_5395588_3476.html\">Une affaire de famille<\/a><\/em>).<\/p>\n\n\n\n<p>Si comme l\u2019ann\u00e9e derni\u00e8re, aucun film produit par une plate-forme de vid\u00e9os en ligne n\u2019a \u00e9t\u00e9 accept\u00e9 dans la s\u00e9lection officielle, contrairement \u00e0 la Mostra de Venise qui a vu le triomphe de&nbsp;<em>Roma<\/em>d\u2019Alfonso Cuaron, le cru cannois 2019 prend des accents am\u00e9ricains un peu plus prononc\u00e9s. Entre la pr\u00e9sence de Quentin Tarantino, Terrence Malik et Jim Jarmusch en comp\u00e9tition officielle, la pr\u00e9sentation hors comp\u00e9tition de&nbsp;<em>Rocketman<\/em>, le biopic sur le chanteur Elton John produit par la Paramount, la diffusion d\u2019une version restaur\u00e9e de&nbsp;<em>Shining<\/em>&nbsp;de Stanley Kubrick et celle des premi\u00e8res minutes de&nbsp;<em>Rambo V<\/em>&nbsp;avec Sylvester Stalone, les studios am\u00e9ricains sont plus pr\u00e9sents qu\u2019en&nbsp;2018.<\/p>\n\n\n\n<p><em>\u00ab&nbsp;Cannes reste le festival des metteurs en sc\u00e8ne, de ceux qui essaient de r\u00e9inventer le cin\u00e9ma et d\u2019explorer des formes nouvelles, mais aussi le festival de ceux qui sont du c\u00f4t\u00e9 d\u2019un certain classicisme&nbsp;\u00bb<\/em>, d\u00e9clarait au&nbsp;<em>Monde<\/em>&nbsp;Thierry Fr\u00e9maux apr\u00e8s l\u2019annonce d\u2019une S\u00e9lection officielle pens\u00e9e \u00e0 l\u2019aune de ces deux cin\u00e9mas. On saura le 25&nbsp;mai au soir si les Palmes auront su jouer de cette parit\u00e9. Un enjeu loin de se r\u00e9duire \u00e0 des choix esth\u00e9tiques. En&nbsp;2018, le collectif 50-50 pour 2020, qui milite pour la parit\u00e9 dans le cin\u00e9ma \u00e0 l\u2019horizon 2020, avait marqu\u00e9 les esprits lors d\u2019une mont\u00e9e des marches au cours de laquelle la pr\u00e9sidente du jury, Cate Blanchett, entour\u00e9e de quatre-vingt-une cin\u00e9astes, actrices, productrices, avait pris la parole&nbsp;<a href=\"https:\/\/www.lemonde.fr\/festival-de-cannes\/article\/2018\/05\/12\/cinema-82-femmes-appellent-a-la-parite-et-a-l-egalite-salariale-sur-les-marches-du-festival-de-cannes_5298063_766360.html\">pour d\u00e9noncer, entre autres, le manque de r\u00e9alisatrices dans la s\u00e9lection cannoise.<\/a><\/p>\n\n\n\n<p>Signataire de la charte en faveur de la parit\u00e9 hommes-femmes dans les festivals, Cannes semble avoir entendu le message, m\u00eame si la parit\u00e9 est encore loin. Cette ann\u00e9e, quinze films sur les 47 que compte la s\u00e9lection officielle ont \u00e9t\u00e9 r\u00e9alis\u00e9s par des femmes. Une premi\u00e8re. Il en reste une autre \u00e0 atteindre. Qu\u2019une r\u00e9alisatrice d\u00e9croche la Palme d\u2019or, ni \u00e0 titre honoraire (Agn\u00e8s Varda, 2016), ni en la partageant avec un autre film (<a href=\"https:\/\/www.lemonde.fr\/archives\/article\/1993\/05\/26\/cannes-93-deux-regards-inedits-le-jury-du-46eme-festival-a-partage-la-palme-d-or-entre-la-neo-zelandaise-jane-campion-et-le-chinois-chen-kaige_3949515_1819218.html\">Jane Campion pour la&nbsp;<em>Le\u00e7on de piano&nbsp;<\/em>en&nbsp;1993<\/a>).<\/p>\n","protected":false},"excerpt":{"rendered":"<p>Ils sont huit. Quatre r\u00e9alisatrices, autant de r\u00e9alisateurs. La parit\u00e9 dans la nouveaut\u00e9. Justine Triet, Mati Diop, Jessica Hausner, C\u00e9line Sciamma, Ira Sachs, Diao Yinan, Ladj Ly et Corneliu Porumboiu vont pour la premi\u00e8re fois concourir pour la Palme d\u2019or lors de la 72e&nbsp;\u00e9dition du Festival de Cannes, qui d\u00e9bute mardi 14&nbsp;mai. Une \u00e9dition que [&hellip;]<\/p>\n","protected":false},"author":2,"featured_media":12276,"comment_status":"open","ping_status":"open","sticky":false,"template":"","format":"standard","meta":{"_jetpack_memberships_contains_paid_content":false,"footnotes":"","jetpack_publicize_message":"","jetpack_publicize_feature_enabled":true,"jetpack_social_post_already_shared":true,"jetpack_social_options":{"image_generator_settings":{"template":"highway","default_image_id":0,"font":"","enabled":false},"version":2},"_wpas_customize_per_network":false},"categories":[68],"tags":[],"class_list":["post-12275","post","type-post","status-publish","format-standard","has-post-thumbnail","hentry","category-actu-culturelle"],"jetpack_publicize_connections":[],"jetpack_featured_media_url":"https:\/\/i0.wp.com\/www.iceagetv.com\/radiosite\/wp-content\/uploads\/2019\/05\/Festival-de-Cannes-2019.jpg?fit=688%2C459&ssl=1","jetpack_sharing_enabled":true,"_links":{"self":[{"href":"https:\/\/www.iceagetv.com\/radiosite\/wp-json\/wp\/v2\/posts\/12275","targetHints":{"allow":["GET"]}}],"collection":[{"href":"https:\/\/www.iceagetv.com\/radiosite\/wp-json\/wp\/v2\/posts"}],"about":[{"href":"https:\/\/www.iceagetv.com\/radiosite\/wp-json\/wp\/v2\/types\/post"}],"author":[{"embeddable":true,"href":"https:\/\/www.iceagetv.com\/radiosite\/wp-json\/wp\/v2\/users\/2"}],"replies":[{"embeddable":true,"href":"https:\/\/www.iceagetv.com\/radiosite\/wp-json\/wp\/v2\/comments?post=12275"}],"version-history":[{"count":1,"href":"https:\/\/www.iceagetv.com\/radiosite\/wp-json\/wp\/v2\/posts\/12275\/revisions"}],"predecessor-version":[{"id":12277,"href":"https:\/\/www.iceagetv.com\/radiosite\/wp-json\/wp\/v2\/posts\/12275\/revisions\/12277"}],"wp:featuredmedia":[{"embeddable":true,"href":"https:\/\/www.iceagetv.com\/radiosite\/wp-json\/wp\/v2\/media\/12276"}],"wp:attachment":[{"href":"https:\/\/www.iceagetv.com\/radiosite\/wp-json\/wp\/v2\/media?parent=12275"}],"wp:term":[{"taxonomy":"category","embeddable":true,"href":"https:\/\/www.iceagetv.com\/radiosite\/wp-json\/wp\/v2\/categories?post=12275"},{"taxonomy":"post_tag","embeddable":true,"href":"https:\/\/www.iceagetv.com\/radiosite\/wp-json\/wp\/v2\/tags?post=12275"}],"curies":[{"name":"wp","href":"https:\/\/api.w.org\/{rel}","templated":true}]}}