{"id":12306,"date":"2019-05-19T08:47:18","date_gmt":"2019-05-19T08:47:18","guid":{"rendered":"http:\/\/www.iceagetv.com\/radiosite\/?p=12306"},"modified":"2019-05-19T08:47:26","modified_gmt":"2019-05-19T08:47:26","slug":"a-milan-la-communion-des-nationalistes-europeens-contre-limmigration","status":"publish","type":"post","link":"https:\/\/www.iceagetv.com\/radiosite\/a-milan-la-communion-des-nationalistes-europeens-contre-limmigration\/","title":{"rendered":"A Milan, la communion des nationalistes europ\u00e9ens contre l\u2019immigration"},"content":{"rendered":"\n<p><em>J\u2019adorerais qu\u2019on puisse faire \u00e7a en France&nbsp;!&nbsp;\u00bb&nbsp;<\/em>Sur la place milanaise du Duomo, un jeune soutien de Marine Le Pen a les yeux \u00e9tincelants devant le spectacle offert par le ministre italien de l\u2019int\u00e9rieur Matteo Salvini.<\/p>\n\n\n\n<p>Samedi 18&nbsp;mai, \u00e0 deux pas de la majestueuse galerie Vittorio Emanuele II, \u00e0 trois de la Scala, la Ligue de M. Salvini a plant\u00e9 une gigantesque sc\u00e8ne \u00e0 sa gloire. Un panneau dans les m\u00eames proportions jure que&nbsp;<em>\u00ab&nbsp;l\u2019Italie rel\u00e8ve la t\u00eate&nbsp;\u00bb<\/em>, une autre hurle<em>\u00ab&nbsp;Stop&nbsp;!&nbsp;\u00bb,<\/em>&nbsp;aux banquiers comme aux migrants. En boucle, des clips \u00e0 l\u2019honneur du leader populiste sont projet\u00e9s sur deux \u00e9crans.<\/p>\n\n\n\n<p>A une semaine des \u00e9lections europ\u00e9ennes, les formations d\u2019extr\u00eame droite fran\u00e7aise et italienne se sont donc retrouv\u00e9es \u00e0 Milan, entour\u00e9es de dix autres partis nationalistes pour une photo de famille qui aurait d\u00fb n\u2019\u00eatre que sourires. Car le duo Salvini-Le Pen est en forme dans les sondages, en cette fin de campagne. La Ligue italienne devrait monter en puissance au Parlement europ\u00e9en, avec vingt-six eurod\u00e9put\u00e9s cr\u00e9dit\u00e9s, soit vingt de plus qu\u2019actuellement. Le Rassemblement national (RN) pourrait quant \u00e0 lui en gagner au moins cinq et atteindre le seuil des vingt \u00e9lus.<\/p>\n\n\n\n<p>La d\u00e9monstration de force milanaise pr\u00e9tendait donc prouver que le&nbsp;<em>\u00ab&nbsp;supergroupe&nbsp;\u00bb<\/em>&nbsp;tant annonc\u00e9 pourrait bien voir le jour, au lendemain du 26&nbsp;mai.<\/p>\n\n\n\n<h2 class=\"wp-block-heading\">Un coup dur venu de Vienne<\/h2>\n\n\n\n<p>C\u2019\u00e9tait sans compter une surprise venue de Vienne. Le matin m\u00eame de la grand-messe souverainiste, Harald Vilimsky, la t\u00eate de liste du FP\u00d6 \u2013 parti de la coalition au pouvoir en Autriche et alli\u00e9 historique de Marine Le Pen \u2013 a annul\u00e9 sa venue pour cause de scandale politique. Le vice-chancelier (FP\u00d6), Heinz-Christian Strache, a \u00e9t\u00e9 pouss\u00e9 quelques heures plus tard \u00e0 la d\u00e9mission apr\u00e8s la publication d\u2019une vid\u00e9o plus que compromettante sur ses liens avec la Russie.<\/p>\n","protected":false},"excerpt":{"rendered":"<p>J\u2019adorerais qu\u2019on puisse faire \u00e7a en France&nbsp;!&nbsp;\u00bb&nbsp;Sur la place milanaise du Duomo, un jeune soutien de Marine Le Pen a les yeux \u00e9tincelants devant le spectacle offert par le ministre italien de l\u2019int\u00e9rieur Matteo Salvini. Samedi 18&nbsp;mai, \u00e0 deux pas de la majestueuse galerie Vittorio Emanuele II, \u00e0 trois de la Scala, la Ligue de [&hellip;]<\/p>\n","protected":false},"author":2,"featured_media":12307,"comment_status":"open","ping_status":"open","sticky":false,"template":"","format":"standard","meta":{"_jetpack_memberships_contains_paid_content":false,"footnotes":"","jetpack_publicize_message":"","jetpack_publicize_feature_enabled":true,"jetpack_social_post_already_shared":true,"jetpack_social_options":{"image_generator_settings":{"template":"highway","default_image_id":0,"font":"","enabled":false},"version":2},"_wpas_customize_per_network":false},"categories":[405],"tags":[],"class_list":["post-12306","post","type-post","status-publish","format-standard","has-post-thumbnail","hentry","category-actu-france-monde"],"jetpack_publicize_connections":[],"jetpack_featured_media_url":"https:\/\/i0.wp.com\/www.iceagetv.com\/radiosite\/wp-content\/uploads\/2019\/05\/la-communion-des-nationalistes-europ%C3%A9ens-contre-l%E2%80%99immigration.jpg?fit=688%2C459&ssl=1","jetpack_sharing_enabled":true,"_links":{"self":[{"href":"https:\/\/www.iceagetv.com\/radiosite\/wp-json\/wp\/v2\/posts\/12306","targetHints":{"allow":["GET"]}}],"collection":[{"href":"https:\/\/www.iceagetv.com\/radiosite\/wp-json\/wp\/v2\/posts"}],"about":[{"href":"https:\/\/www.iceagetv.com\/radiosite\/wp-json\/wp\/v2\/types\/post"}],"author":[{"embeddable":true,"href":"https:\/\/www.iceagetv.com\/radiosite\/wp-json\/wp\/v2\/users\/2"}],"replies":[{"embeddable":true,"href":"https:\/\/www.iceagetv.com\/radiosite\/wp-json\/wp\/v2\/comments?post=12306"}],"version-history":[{"count":1,"href":"https:\/\/www.iceagetv.com\/radiosite\/wp-json\/wp\/v2\/posts\/12306\/revisions"}],"predecessor-version":[{"id":12308,"href":"https:\/\/www.iceagetv.com\/radiosite\/wp-json\/wp\/v2\/posts\/12306\/revisions\/12308"}],"wp:featuredmedia":[{"embeddable":true,"href":"https:\/\/www.iceagetv.com\/radiosite\/wp-json\/wp\/v2\/media\/12307"}],"wp:attachment":[{"href":"https:\/\/www.iceagetv.com\/radiosite\/wp-json\/wp\/v2\/media?parent=12306"}],"wp:term":[{"taxonomy":"category","embeddable":true,"href":"https:\/\/www.iceagetv.com\/radiosite\/wp-json\/wp\/v2\/categories?post=12306"},{"taxonomy":"post_tag","embeddable":true,"href":"https:\/\/www.iceagetv.com\/radiosite\/wp-json\/wp\/v2\/tags?post=12306"}],"curies":[{"name":"wp","href":"https:\/\/api.w.org\/{rel}","templated":true}]}}