{"id":12319,"date":"2019-05-20T16:56:28","date_gmt":"2019-05-20T16:56:28","guid":{"rendered":"http:\/\/www.iceagetv.com\/radiosite\/?p=12319"},"modified":"2019-05-20T16:56:35","modified_gmt":"2019-05-20T16:56:35","slug":"affaire-vincent-lambert-la-france-sautorise-un-acte-deuthanasie-estime-le-professeur-dethique-medicale-emmanuel-hirsch","status":"publish","type":"post","link":"https:\/\/www.iceagetv.com\/radiosite\/affaire-vincent-lambert-la-france-sautorise-un-acte-deuthanasie-estime-le-professeur-dethique-medicale-emmanuel-hirsch\/","title":{"rendered":"Affaire Vincent Lambert : \u00ab\u00a0La France s&rsquo;autorise un acte d&rsquo;euthanasie\u00a0\u00bb, estime le professeur d&rsquo;\u00e9thique m\u00e9dicale Emmanuel Hirsch"},"content":{"rendered":"\n<p><em>Nous aurons demain une loi qui d\u00e9p\u00e9nalisera l&rsquo;euthanasie au motif que Vincent Lambert, qui n&rsquo;est pas en fin de vie, a \u00e9t\u00e9 euthanasi\u00e9 \u00e0 Reims\u00a0\u00bb<\/em>, a consid\u00e9r\u00e9, lundi&nbsp;20 mai sur franceinfo, Emmanuel Hirsch, professeur d\u2019\u00e9thique m\u00e9dicale et directeur du d\u00e9partement de recherche en \u00e9thique de la facult\u00e9 de m\u00e9decine de l\u2019universit\u00e9 Paris-Sud.&nbsp;<em>\u00ab\u00a0La France s&rsquo;autorise un acte d&rsquo;euthanasie\u00a0\u00bb<\/em>, a-t-il estim\u00e9 alors que l<a href=\"https:\/\/www.francetvinfo.fr\/societe\/euthanasie\/vincent-lambert\/quatre-questions-sur-l-arret-des-soins-prodigues-a-vincent-lambert_3451595.html\">&lsquo;arr\u00eat des soins&nbsp;<\/a>de Vincent Lambert a commenc\u00e9 lundi matin sur d\u00e9cision du CHU de Reims.<\/p>\n\n\n\n<h2 class=\"wp-block-heading\">\u00ab\u00a0Des personnes handicap\u00e9es, pas des personnes en fin de vie\u00a0\u00bb<\/h2>\n\n\n\n<p><em>\u00ab\u00a0J&rsquo;ai une pens\u00e9e avec beaucoup d&rsquo;\u00e9motion pour ce que vit aujourd&rsquo;hui Vincent Lambert, ses proches et toutes les familles qui ont aussi des proches en \u00e9tat v\u00e9g\u00e9tatif persistant\u00a0\u00bb<\/em>, indique Emmanuel Hirsch.&nbsp;<em>\u00ab\u00a0Ce sont des personnes handicap\u00e9es, pas des personnes en fin de vie\u00a0\u00bb<\/em>, pr\u00e9cise-t-il.<\/p>\n\n\n\n<p><em>\u00ab\u00a0Les cons\u00e9quences, puisque maintenant c&rsquo;est une affaire publique et politique<\/em>, poursuit-il,&nbsp;<em>c&rsquo;est que dans les mois qui viennent cette loi qui est inacceptable aujourd&rsquo;hui, la loi de 2016 sur la fin de vie, aboutira de toutes les mani\u00e8res \u00e0 une loi en faveur de l&rsquo;euthanasie\u00a0\u00bb<\/em>.<\/p>\n","protected":false},"excerpt":{"rendered":"<p>Nous aurons demain une loi qui d\u00e9p\u00e9nalisera l&rsquo;euthanasie au motif que Vincent Lambert, qui n&rsquo;est pas en fin de vie, a \u00e9t\u00e9 euthanasi\u00e9 \u00e0 Reims\u00a0\u00bb, a consid\u00e9r\u00e9, lundi&nbsp;20 mai sur franceinfo, Emmanuel Hirsch, professeur d\u2019\u00e9thique m\u00e9dicale et directeur du d\u00e9partement de recherche en \u00e9thique de la facult\u00e9 de m\u00e9decine de l\u2019universit\u00e9 Paris-Sud.&nbsp;\u00ab\u00a0La France s&rsquo;autorise un [&hellip;]<\/p>\n","protected":false},"author":2,"featured_media":12320,"comment_status":"open","ping_status":"open","sticky":false,"template":"","format":"standard","meta":{"_jetpack_memberships_contains_paid_content":false,"footnotes":"","jetpack_publicize_message":"","jetpack_publicize_feature_enabled":true,"jetpack_social_post_already_shared":true,"jetpack_social_options":{"image_generator_settings":{"template":"highway","default_image_id":0,"font":"","enabled":false},"version":2},"_wpas_customize_per_network":false},"categories":[405],"tags":[],"class_list":["post-12319","post","type-post","status-publish","format-standard","has-post-thumbnail","hentry","category-actu-france-monde"],"jetpack_publicize_connections":[],"jetpack_featured_media_url":"https:\/\/i0.wp.com\/www.iceagetv.com\/radiosite\/wp-content\/uploads\/2019\/05\/Affaire-Vincent-Lambert-1.jpg?fit=1197%2C450&ssl=1","jetpack_sharing_enabled":true,"_links":{"self":[{"href":"https:\/\/www.iceagetv.com\/radiosite\/wp-json\/wp\/v2\/posts\/12319","targetHints":{"allow":["GET"]}}],"collection":[{"href":"https:\/\/www.iceagetv.com\/radiosite\/wp-json\/wp\/v2\/posts"}],"about":[{"href":"https:\/\/www.iceagetv.com\/radiosite\/wp-json\/wp\/v2\/types\/post"}],"author":[{"embeddable":true,"href":"https:\/\/www.iceagetv.com\/radiosite\/wp-json\/wp\/v2\/users\/2"}],"replies":[{"embeddable":true,"href":"https:\/\/www.iceagetv.com\/radiosite\/wp-json\/wp\/v2\/comments?post=12319"}],"version-history":[{"count":1,"href":"https:\/\/www.iceagetv.com\/radiosite\/wp-json\/wp\/v2\/posts\/12319\/revisions"}],"predecessor-version":[{"id":12321,"href":"https:\/\/www.iceagetv.com\/radiosite\/wp-json\/wp\/v2\/posts\/12319\/revisions\/12321"}],"wp:featuredmedia":[{"embeddable":true,"href":"https:\/\/www.iceagetv.com\/radiosite\/wp-json\/wp\/v2\/media\/12320"}],"wp:attachment":[{"href":"https:\/\/www.iceagetv.com\/radiosite\/wp-json\/wp\/v2\/media?parent=12319"}],"wp:term":[{"taxonomy":"category","embeddable":true,"href":"https:\/\/www.iceagetv.com\/radiosite\/wp-json\/wp\/v2\/categories?post=12319"},{"taxonomy":"post_tag","embeddable":true,"href":"https:\/\/www.iceagetv.com\/radiosite\/wp-json\/wp\/v2\/tags?post=12319"}],"curies":[{"name":"wp","href":"https:\/\/api.w.org\/{rel}","templated":true}]}}