{"id":12322,"date":"2019-05-20T16:58:19","date_gmt":"2019-05-20T16:58:19","guid":{"rendered":"http:\/\/www.iceagetv.com\/radiosite\/?p=12322"},"modified":"2019-05-20T16:58:25","modified_gmt":"2019-05-20T16:58:25","slug":"autriche-on-vous-explique-laffaire-dibiza-qui-torpille-lextreme-droite-au-gouvernement","status":"publish","type":"post","link":"https:\/\/www.iceagetv.com\/radiosite\/autriche-on-vous-explique-laffaire-dibiza-qui-torpille-lextreme-droite-au-gouvernement\/","title":{"rendered":"Autriche : on vous explique \u00ab\u00a0l&rsquo;affaire d&rsquo;Ibiza\u00a0\u00bb qui torpille l&rsquo;extr\u00eame droite au gouvernement"},"content":{"rendered":"\n<p>Le scandale fait tomber l&rsquo;extr\u00eame droite autrichienne et vaciller la coalition au pouvoir. Dans une&nbsp;vid\u00e9o tourn\u00e9e en cam\u00e9ra cach\u00e9e&nbsp;et diffus\u00e9e par des m\u00e9dias allemands vendredi 17&nbsp;mai, le vice-chancelier et leader d&rsquo;extr\u00eame droite Heinz-Christian Strache se&nbsp;montre pr\u00eat&nbsp;\u00e0 se compromettre avec un interm\u00e9diaire russe, en \u00e9change de financements. Le dirigeant&nbsp;du&nbsp;Parti de la libert\u00e9&nbsp;(FP\u00d6)&nbsp;a d\u00e9missionn\u00e9 de ses fonctions de vice-chancelier et de chef de parti samedi, au lendemain de la diffusion des images. Et le chancelier Sebastian Kunz a limog\u00e9 le ministre de l&rsquo;Int\u00e9rieur, Herbert Kickl, lundi 20 mai. Un coup dur pour&nbsp;le&nbsp;FP\u00d6, \u00e0 une semaine des&nbsp;<a href=\"https:\/\/www.francetvinfo.fr\/elections\/europeennes\/\" target=\"_blank\" rel=\"noreferrer noopener\">\u00e9lections europ\u00e9ennes<\/a>.<\/p>\n\n\n\n<p>On vous explique cet \u00ab\u00a0Ibiza-gate\u00a0\u00bb, qui a plong\u00e9 l&rsquo;extr\u00eame droite autrichienne, membre de la coalition au pouvoir, dans la crise.<\/p>\n\n\n\n<h2 class=\"wp-block-heading\">C&rsquo;est quoi, cette vid\u00e9o&nbsp;?<\/h2>\n\n\n\n<p>Les journaux allemands&nbsp;<em>S\u00fcddeutsche Zeitung<\/em>&nbsp;(SZ) et&nbsp;<em>Der Spiegel<\/em>&nbsp;ont&nbsp;publi\u00e9, vendredi 17&nbsp;mai, une vid\u00e9o tourn\u00e9e en cam\u00e9ra cach\u00e9e \u00e0 Ibiza.&nbsp;Selon les deux journaux, elle dure au total&nbsp;plus de six heures et a \u00e9t\u00e9 tourn\u00e9e en juillet&nbsp;2017, dans une villa de l&rsquo;\u00eele des Bal\u00e9ares. Seuls des extraits du document ont \u00e9t\u00e9 diffus\u00e9s. On y voit&nbsp;Heinz-Christian&nbsp;Strache de profil, assis dans un canap\u00e9 et visiblement sous l&#8217;emprise de l&rsquo;alcool, s&rsquo;adresser \u00e0 une interlocutrice hors-champ, qui s&rsquo;est pr\u00e9sent\u00e9e comme \u00e9tant Aliona Makarova,&nbsp;<em>\u00ab\u00a0ni\u00e8ce\u00a0\u00bb<\/em>&nbsp;d&rsquo;un oligarque russe, Igor Makarov. Pr\u00e9sent \u00e0 l&rsquo;\u00e9cran, Johann Gudenus, un lieutenant de&nbsp;Heinz-Christian&nbsp;Strache,&nbsp;fait la traduction.<\/p>\n\n\n\n<p>Ils \u00e9voquent ensemble la&nbsp;<em>Kronen Zeitung<\/em>,&nbsp;le plus important journal autrichien.&nbsp;<em>\u00ab\u00a0Dis-lui que si elle rach\u00e8te la Kronen Zeitung trois semaines avant les \u00e9lections et nous propulse \u00e0 la premi\u00e8re place, nous sommes ouverts \u00e0 toutes les discussions\u00a0\u00bb<\/em>, d\u00e9clare&nbsp;Heinz-Christian&nbsp;Strache. Il ajoute ensuite que son interlocutrice n&rsquo;a qu&rsquo;\u00e0 dire quels domaines d&rsquo;activit\u00e9 l&rsquo;int\u00e9ressent&nbsp;<em>\u00ab\u00a0et&nbsp;<\/em><em>on verra ce qui peut nous arranger. (&#8230;) Elle aura tous les contrats publics remport\u00e9s aujourd&rsquo;hui par Strabag\u00a0\u00bb \u2013<\/em>&nbsp;un groupe autrichien de construction.<\/p>\n\n\n\n<p>Heinz-Christian Strache raconte aussi son d\u00e9sir de mettre au pas les m\u00e9dias de son pays et confie son admiration pour l&rsquo;investisseur autrichien Heinrich Pecina<em>&nbsp;\u00ab\u00a0qui a rachet\u00e9 tous les m\u00e9dias hongrois ces quinze derni\u00e8res ann\u00e9es pour Orban\u00a0\u00bb<\/em>, le Premier ministre hongrois.&nbsp;Sont \u00e9galement \u00e9voqu\u00e9s des fonds d&rsquo;origine frauduleuse, mais aussi le financement du&nbsp;FP\u00d6 via une \u00ab\u00a0fondation d&rsquo;int\u00e9r\u00eat g\u00e9n\u00e9ral\u00a0\u00bb, qui permet, selon Strache, de ne pas avoir \u00e0 d\u00e9clarer les financements \u00e0 la cour des comptes.<\/p>\n\n\n\n<h2 class=\"wp-block-heading\">D&rsquo;o\u00f9 vient-elle&nbsp;?<\/h2>\n\n\n\n<p>Le&nbsp;<em>Spiegel<\/em>&nbsp;et le&nbsp;<em>SZ&nbsp;<\/em>ne r\u00e9v\u00e8lent pas&nbsp;l&rsquo;origine de la vid\u00e9o et pr\u00e9cisent qu&rsquo;ils refuseront de la remettre aux enqu\u00eateurs. Elle a \u00e9t\u00e9 confi\u00e9e aux journalistes d&rsquo;investigation dans des circonstances rocambolesques, selon ces derniers, invit\u00e9s \u00e0 se rendre dans une<em>&nbsp;\u00ab\u00a0station-service\u00a0\u00bb<\/em>&nbsp;puis&nbsp;<em>\u00ab\u00a0un h\u00f4tel d\u00e9sert\u00a0\u00bb<\/em>. Heinz-Christian Strache ne conteste pas son authenticit\u00e9 et l&rsquo;absence de trucage a \u00e9t\u00e9 confirm\u00e9e par des experts mandat\u00e9s par les deux m\u00e9dias allemands, avant diffusion.&nbsp;Le Kremlin a pour sa part assur\u00e9 n&rsquo;avoir&nbsp;<em>\u00ab\u00a0rien \u00e0 voir\u00a0\u00bb<\/em>&nbsp;avec cette vid\u00e9o.<\/p>\n\n\n\n<p>L&rsquo;existence de celle-ci \u00e9tait tout de m\u00eame connue d&rsquo;un certain nombre de r\u00e9dactions. Le r\u00e9dacteur en chef de l&rsquo;hebdomadaire autrichien&nbsp;<em>Falter<\/em>&nbsp;a ainsi indiqu\u00e9 avoir \u00e9t\u00e9 approch\u00e9 \u00e0 son sujet&nbsp;<em>\u00ab\u00a0il y a un an\u00a0\u00bb<\/em>, sans qu&rsquo;il y ait eu de suites. Un humoriste allemand, Jan B\u00f6hmermann, a par ailleurs cit\u00e9, en avril, des extraits de cette vid\u00e9o avant qu&rsquo;elle ne soit rendue publique.<\/p>\n\n\n\n<h2 class=\"wp-block-heading\">Heinz-Christian Strache a-t-il \u00e9t\u00e9 pi\u00e9g\u00e9&nbsp;?<\/h2>\n\n\n\n<p>C&rsquo;est possible. En effet, son interlocutrice,&nbsp;Aliona Makarova, est bien myst\u00e9rieuse.&nbsp;La jeune femme&nbsp;est entr\u00e9e&nbsp;en contact avec&nbsp;Johann Gudenus quelques moins avant,&nbsp;expliquant vouloir investir en Autriche. Un rapport de confiance s&rsquo;est install\u00e9 entre eux. Mais au cours de la soir\u00e9e,&nbsp;Heinz-Christian Strache, remarquant les orteils peu soign\u00e9s d&rsquo;Aliona Makarova, y voit un d\u00e9tail difficilement compatible avec son statut.&nbsp;<em>\u00ab\u00a0C&rsquo;est un pi\u00e8ge, un pi\u00e8ge grossier\u00a0\u00bb<\/em>, glisse alors Strache \u00e0 Gudenus. Lequel le rassure&nbsp;:<em>&nbsp;\u00ab\u00a0C&rsquo;est pas un pi\u00e8ge\u00a0\u00bb<\/em>.<\/p>\n\n\n\n<p>Mais voil\u00e0, interrog\u00e9 par l&rsquo;\u00e9dition russe de&nbsp;<em>Forbes<\/em>, Igor Makarov, pr\u00e9sident du groupe international de soci\u00e9t\u00e9s&nbsp;Areti, sp\u00e9cialis\u00e9 dans les investissements dans les secteurs p\u00e9trolier et gazier,&nbsp;assure \u00eatre fils unique et donc ne pas pouvoir avoir de&nbsp;ni\u00e8ce.&nbsp;<em>\u00ab\u00a0Je n&rsquo;ai aucun lien de parent\u00e9 avec cette personne et ne la connais m\u00eame pas\u00a0\u00bb<\/em>, ajoute-t-il.<\/p>\n\n\n\n<h2 class=\"wp-block-heading\">Le gouvernement va-t-il exploser&nbsp;?<\/h2>\n\n\n\n<p>Heinz-Christian&nbsp;Strache et&nbsp;Sebastian&nbsp;Kurz avaient form\u00e9 en d\u00e9cembre 2017 un gouvernement de coalition, pour un mandat de cinq ans, comprenant six ministres d&rsquo;extr\u00eame droite \u00e0 des postes strat\u00e9giques, dont les minist\u00e8res de l&rsquo;Int\u00e9rieur et des Affaires \u00e9trang\u00e8res. Mais cette affaire marque&nbsp;peut-\u00eatre la fin de l&rsquo;extr\u00eame droite au pouvoir en Autriche. En tout cas la fin de l&rsquo;exp\u00e9rience d&rsquo;un gouvernement de coalition droite-extr\u00eame droite, qui semble vivre ses derni\u00e8res heures.<\/p>\n\n\n\n<p>Le scandale a d&rsquo;abord entra\u00een\u00e9 la chute de Heinz-Christian Strache, qui a pr\u00e9sent\u00e9 sa d\u00e9mission&nbsp;et des excuses&nbsp;pour des propos&nbsp;<em>\u00ab\u00a0catastrophiques\u00a0\u00bb<\/em>&nbsp;et un comportement&nbsp;<em>\u00ab\u00a0adolescent\u00a0\u00bb<\/em>&nbsp;et&nbsp;<em>\u00ab\u00a0macho\u00a0\u00bb.&nbsp;<\/em>Mais le chancelier conservateur Sebastian Kurz ne se contente pas de cette d\u00e9mission.&nbsp;Il&nbsp;a annonc\u00e9 samedi la&nbsp;<a href=\"https:\/\/www.francetvinfo.fr\/elections\/europeennes\/autriche-le-chancelier-annonce-la-tenue-de-legislatives-anticipees-apres-le-demission-du-numero-deux-du-gouvernement_3449559.html\" target=\"_blank\" rel=\"noreferrer noopener\">convocation prochaine d&rsquo;\u00e9lections l\u00e9gislatives anticip\u00e9es<\/a>, pr\u00e9vues pour l&rsquo;automne. Surtout, il a limog\u00e9, lundi, le ministre de l&rsquo;Int\u00e9rieur&nbsp;Herbert Kickl,&nbsp;t\u00eate pensante du FP\u00d6, dont il juge les fonctions incompatibles avec le d\u00e9roulement de l&rsquo;enqu\u00eate sur la vid\u00e9o.&nbsp;<em>\u00ab\u00a0Il est clair que M. Kickl ne peut pas enqu\u00eater sur lui-m\u00eame\u00a0\u00bb<\/em>, a martel\u00e9 le chancelier.&nbsp;<\/p>\n\n\n\n<p>Le&nbsp;limogeage d&rsquo;Herbert Kickl&nbsp;risque de&nbsp;se traduire par un d\u00e9part de tous les ministres FP\u00d6 du gouvernement, a pr\u00e9venu Norbert Hofer, ministre des Transports et nouveau chef d\u00e9sign\u00e9 du parti.&nbsp;<em>\u00ab\u00a0En tant que ministres, nous remettrons tous nos mandats si le ministre de l&rsquo;Int\u00e9rieur Herbert Kickl est d\u00e9mis de ses fonctions\u00a0\u00bb<\/em>, a-t-il assur\u00e9 lors d&rsquo;une conf\u00e9rence de presse, estimant que l&rsquo;int\u00e9ress\u00e9 n&rsquo;avait<em>&nbsp;\u00ab\u00a0rien \u00e0 se reprocher\u00a0\u00bb<\/em>.<\/p>\n\n\n\n<h2 class=\"wp-block-heading\">Quel impact sur les \u00e9lections europ\u00e9ennes&nbsp;?<\/h2>\n\n\n\n<p>L&rsquo;extr\u00eame droite autrichienne va d\u00e9sormais&nbsp;devoir tenter de limiter la casse aux \u00e9lections europ\u00e9ennes. S&rsquo;il est impossible de mesurer pr\u00e9cis\u00e9ment l&rsquo;impact de l&rsquo;affaire sur le vote des \u00e9lecteurs, il est toutefois certain&nbsp;<em>\u00ab\u00a0que \u00e7a ne va pas aider le parti d&rsquo;extr\u00eame droite\u00a0\u00bb<\/em>, estime l&rsquo;historien&nbsp;J\u00e9r\u00f4me Segal,&nbsp;ma\u00eetre de conf\u00e9rences \u00e0 l&rsquo;universit\u00e9 Paris-Sorbonne,&nbsp;<a href=\"https:\/\/www.francetvinfo.fr\/elections\/europeennes\/autriche-la-demission-du-vice-chancelier-est-un-veritable-tremblement-de-terre-politique-selon-l-historien-jerome-segal_3449331.html\" target=\"_blank\" rel=\"noreferrer noopener\">pour franceinfo<\/a>.<\/p>\n\n\n\n<p>Le Parti de la libert\u00e9 (FP\u00d6) a toutefois d\u00e9j\u00e0 perdu cinq points d&rsquo;indice, dans une enqu\u00eate d&rsquo;opinion apr\u00e8s la publication de la vid\u00e9o, cit\u00e9e par Reuters.&nbsp;Le sondage conduit par The Research Affaires pour le site d&rsquo;actualit\u00e9 Oe24 montre que le FP\u00d6 obtiendrait 18% des suffrages en cas d&rsquo;\u00e9lections. Un recul qui b\u00e9n\u00e9ficie en partie aux conservateurs.&nbsp;Le Parti populaire autrichien (\u00d6VP) du chancelier Sebastian Kurz est lui cr\u00e9dit\u00e9 de 38%, soit une hausse de quatre points d&rsquo;indice.<\/p>\n\n\n\n<p>Le scandale pourrait aussi faire vasciller toute l&rsquo;extr\u00eame droite europ\u00e9enne.&nbsp;Pour Matthias Jung, chef de l&rsquo;institut de sondage allemand Forschungsgruppe Wahlen,<em>&nbsp;\u00ab\u00a0ce scandale pourrait freiner l&rsquo;avanc\u00e9e des populistes en Europe\u00a0\u00bb<\/em>. L&rsquo;expert, interrog\u00e9 par le quotidien allemand&nbsp;<em>Der<\/em>&nbsp;<em>Tagesspiegel<\/em>, estime que les \u00e9lecteurs pro-europ\u00e9ens pourraient \u00eatre incit\u00e9s \u00e0 aller voter dans l&rsquo;optique de faire barrage \u00e0 l&rsquo;extr\u00eame droite. Et les sympathisants des partis populistes&nbsp;<em>\u00ab\u00a0vont d\u00e9sormais r\u00e9fl\u00e9chir \u00e0 deux fois s&rsquo;ils veulent donner leur voix \u00e0 ces gens\u00a0\u00bb<\/em>, remarque de son c\u00f4t\u00e9 le politologue allemand Werner Patzelt, \u00e9galement dans le&nbsp;<em>Tagesspiegel<\/em>, qui pr\u00e9dit des cons\u00e9quences n\u00e9fastes pour le parti Alternative pour l&rsquo;Allemagne (AfD).<br><\/p>\n","protected":false},"excerpt":{"rendered":"<p>Le scandale fait tomber l&rsquo;extr\u00eame droite autrichienne et vaciller la coalition au pouvoir. Dans une&nbsp;vid\u00e9o tourn\u00e9e en cam\u00e9ra cach\u00e9e&nbsp;et diffus\u00e9e par des m\u00e9dias allemands vendredi 17&nbsp;mai, le vice-chancelier et leader d&rsquo;extr\u00eame droite Heinz-Christian Strache se&nbsp;montre pr\u00eat&nbsp;\u00e0 se compromettre avec un interm\u00e9diaire russe, en \u00e9change de financements. Le dirigeant&nbsp;du&nbsp;Parti de la libert\u00e9&nbsp;(FP\u00d6)&nbsp;a d\u00e9missionn\u00e9 de ses fonctions [&hellip;]<\/p>\n","protected":false},"author":2,"featured_media":12323,"comment_status":"open","ping_status":"open","sticky":false,"template":"","format":"standard","meta":{"_jetpack_memberships_contains_paid_content":false,"footnotes":"","jetpack_publicize_message":"","jetpack_publicize_feature_enabled":true,"jetpack_social_post_already_shared":true,"jetpack_social_options":{"image_generator_settings":{"template":"highway","default_image_id":0,"font":"","enabled":false},"version":2},"_wpas_customize_per_network":false},"categories":[405],"tags":[],"class_list":["post-12322","post","type-post","status-publish","format-standard","has-post-thumbnail","hentry","category-actu-france-monde"],"jetpack_publicize_connections":[],"jetpack_featured_media_url":"https:\/\/i0.wp.com\/www.iceagetv.com\/radiosite\/wp-content\/uploads\/2019\/05\/affaire-dIbiza.jpg?fit=1196%2C450&ssl=1","jetpack_sharing_enabled":true,"_links":{"self":[{"href":"https:\/\/www.iceagetv.com\/radiosite\/wp-json\/wp\/v2\/posts\/12322","targetHints":{"allow":["GET"]}}],"collection":[{"href":"https:\/\/www.iceagetv.com\/radiosite\/wp-json\/wp\/v2\/posts"}],"about":[{"href":"https:\/\/www.iceagetv.com\/radiosite\/wp-json\/wp\/v2\/types\/post"}],"author":[{"embeddable":true,"href":"https:\/\/www.iceagetv.com\/radiosite\/wp-json\/wp\/v2\/users\/2"}],"replies":[{"embeddable":true,"href":"https:\/\/www.iceagetv.com\/radiosite\/wp-json\/wp\/v2\/comments?post=12322"}],"version-history":[{"count":1,"href":"https:\/\/www.iceagetv.com\/radiosite\/wp-json\/wp\/v2\/posts\/12322\/revisions"}],"predecessor-version":[{"id":12324,"href":"https:\/\/www.iceagetv.com\/radiosite\/wp-json\/wp\/v2\/posts\/12322\/revisions\/12324"}],"wp:featuredmedia":[{"embeddable":true,"href":"https:\/\/www.iceagetv.com\/radiosite\/wp-json\/wp\/v2\/media\/12323"}],"wp:attachment":[{"href":"https:\/\/www.iceagetv.com\/radiosite\/wp-json\/wp\/v2\/media?parent=12322"}],"wp:term":[{"taxonomy":"category","embeddable":true,"href":"https:\/\/www.iceagetv.com\/radiosite\/wp-json\/wp\/v2\/categories?post=12322"},{"taxonomy":"post_tag","embeddable":true,"href":"https:\/\/www.iceagetv.com\/radiosite\/wp-json\/wp\/v2\/tags?post=12322"}],"curies":[{"name":"wp","href":"https:\/\/api.w.org\/{rel}","templated":true}]}}