{"id":12328,"date":"2019-05-21T16:17:40","date_gmt":"2019-05-21T16:17:40","guid":{"rendered":"http:\/\/www.iceagetv.com\/radiosite\/?p=12328"},"modified":"2019-05-21T16:17:43","modified_gmt":"2019-05-21T16:17:43","slug":"vacances-dete-2019-les-francais-toujours-prets-a-partir-loin-malgre-leurs-preoccupations-ecologiques","status":"publish","type":"post","link":"https:\/\/www.iceagetv.com\/radiosite\/vacances-dete-2019-les-francais-toujours-prets-a-partir-loin-malgre-leurs-preoccupations-ecologiques\/","title":{"rendered":"Vacances d\u2019\u00e9t\u00e9 2019: Les Fran\u00e7ais toujours pr\u00eats \u00e0 partir loin, malgr\u00e9 leurs pr\u00e9occupations \u00e9cologiques"},"content":{"rendered":"\n<ul class=\"wp-block-list\"><li>Les Entreprises du voyage ont d\u00e9voil\u00e9 ce mardi les destinations les plus r\u00e9serv\u00e9es pour l\u2019\u00e9t\u00e9 2019.<\/li><li>Des pays comme la Tunisie ou l\u2019Egypte sont beaucoup plus demand\u00e9s que par le pass\u00e9.<\/li><li>Un sondage r\u00e9alis\u00e9 en parall\u00e8le montre que les Fran\u00e7ais sont encore une minorit\u00e9 \u00e0 se pr\u00e9occuper r\u00e9ellement de l\u2019impact \u00e9cologique des trajets en avion.<\/li><\/ul>\n\n\n\n<p>Les&nbsp;<a href=\"https:\/\/www.20minutes.fr\/vacances\/\">vacances<\/a>&nbsp;d\u2019\u00e9t\u00e9 s\u2019annoncent d\u00e9j\u00e0 ensoleill\u00e9es pour les professionnels du voyage. Selon un bilan pr\u00e9sent\u00e9 mardi par les Entreprises du voyage, la f\u00e9d\u00e9ration professionnelle regroupant de nombreuses agences du secteur, les r\u00e9servations enregistr\u00e9es pour cet \u00e9t\u00e9 sont en hausse de 7&nbsp;%* par rapport \u00e0 l\u2019ann\u00e9e derni\u00e8re.<\/p>\n\n\n\n<p>Toutes les zones connaissent un afflux de demande&nbsp;:&nbsp;la France (+8&nbsp;% de r\u00e9servations), les destinations moyen courrier (Europe, Maghreb&nbsp;:&nbsp;+7&nbsp;%) et les long-courriers (Asie, Am\u00e9rique,&nbsp;etc). Dans le d\u00e9tail, les pays \u00ab&nbsp;classiques&nbsp;\u00bb choisis pour les vacances se portent toujours aussi bien. Ainsi, pour le moyen-courrier, le trio de t\u00eate est compos\u00e9 de l\u2019Espagne, de la Gr\u00e8ce&nbsp;et de l\u2019Italie.<\/p>\n\n\n\n<p>N\u00e9anmoins, les r\u00e9servations pour ce trio de t\u00eate sont en nette baisse par rapport \u00e0 2018, au profit de la Tunisie ou encore de l\u2019Egypte. \u00ab\u00a0Les printemps arabes et les attentats avaient d\u00e9tourn\u00e9 les touristes de ces destinations, et ces derniers s\u2019\u00e9taient repli\u00e9s sur l\u2019Europe, rappelle Jean-Pierre Mas, pr\u00e9sident des Entreprises du voyage. Cette ann\u00e9e, c\u2019est le mouvement inverse\u00a0\u00bb. Dans le bas du classement, la Croatie et la Russie font leur entr\u00e9e dans le Top 10 des destinations moyen courrier, \u00e9jectant l\u2019Allemagne et le Royaume-Uni.<\/p>\n\n\n\n<h2 class=\"wp-block-heading\">Pr\u00eats \u00e0 renoncer \u00e0 prendre l\u2019avion\u00a0?<\/h2>\n\n\n\n<p>En parall\u00e8le de cet attrait pour les destinations lointaines \u2013 6.900&nbsp;km s\u00e9parent ainsi Paris de Dodoma, la capitale de la Tanzanie \u2013, une partie des voyageurs a pourtant conscience de l\u2019impact d\u2019un tel&nbsp;voyage sur le r\u00e9chauffement climatique. Le sujet&nbsp;<a href=\"https:\/\/www.20minutes.fr\/planete\/2466231-20190306-transport-aerien-echappera-encore-longtemps-taxe-nom-lutte-contre-rechauffement-climatique\">de la pollution a\u00e9rienne<\/a>&nbsp;a en effet connu un regain d\u2019attention ces derniers mois, avec notamment la publication d\u2019une tribune en f\u00e9vrier, dans Lib\u00e9ration, appelant \u00e0 ne plus prendre l\u2019avion. Pour cerner un peu mieux le ph\u00e9nom\u00e8ne, les Entreprises du voyage ont donc d\u00e9voil\u00e9 ce mardi un sondage r\u00e9alis\u00e9 par BVA**.<\/p>\n\n\n\n<p>Ainsi, 27\u00a0% des Fran\u00e7ais qui ont pris l\u2019avion au cours des douze derniers mois affirment \u00ab\u00a0faire attention\u00a0\u00bb au bilan carbone de leur voyage. Une pr\u00e9occupation encore minoritaire, mais qui a des traductions concr\u00e8tes. Parmi ceux qui ont vol\u00e9 dans l\u2019ann\u00e9e \u00e9coul\u00e9e, 27\u00a0% affirment avoir choisi une destination de vacances \u00ab\u00a0moins lointaine\u00a0\u00bb pour limiter l\u2019impact de leur voyage. Et 20\u00a0% affirment m\u00eame avoir \u00ab\u00a0renonc\u00e9 \u00e0 l\u2019avion pour un mode de transport moins polluant\u00a0\u00bb.<\/p>\n\n\n\n<p><em>Les Entreprises du voyage ne disposent pas du volume total des r\u00e9servations, mais se basent sur un \u00e9chantillon d\u2019agences de voyage.<\/em><\/p>\n\n\n\n<p><em>**Sondage r\u00e9alis\u00e9 par Internet les 17 et 18&nbsp;avril, puis du 30&nbsp;avril au 2&nbsp;mai. \u00c9chantillon de 2004 personnes s\u00e9lectionn\u00e9 suivant la m\u00e9thode des quotas (sexe, \u00e2ge, profession, r\u00e9gion).<\/em><\/p>\n","protected":false},"excerpt":{"rendered":"<p>Les Entreprises du voyage ont d\u00e9voil\u00e9 ce mardi les destinations les plus r\u00e9serv\u00e9es pour l\u2019\u00e9t\u00e9 2019. Des pays comme la Tunisie ou l\u2019Egypte sont beaucoup plus demand\u00e9s que par le pass\u00e9. Un sondage r\u00e9alis\u00e9 en parall\u00e8le montre que les Fran\u00e7ais sont encore une minorit\u00e9 \u00e0 se pr\u00e9occuper r\u00e9ellement de l\u2019impact \u00e9cologique des trajets en avion. [&hellip;]<\/p>\n","protected":false},"author":2,"featured_media":12329,"comment_status":"open","ping_status":"open","sticky":false,"template":"","format":"standard","meta":{"_jetpack_memberships_contains_paid_content":false,"footnotes":"","jetpack_publicize_message":"","jetpack_publicize_feature_enabled":true,"jetpack_social_post_already_shared":true,"jetpack_social_options":{"image_generator_settings":{"template":"highway","default_image_id":0,"font":"","enabled":false},"version":2},"_wpas_customize_per_network":false},"categories":[68],"tags":[],"class_list":["post-12328","post","type-post","status-publish","format-standard","has-post-thumbnail","hentry","category-actu-culturelle"],"jetpack_publicize_connections":[],"jetpack_featured_media_url":"https:\/\/i0.wp.com\/www.iceagetv.com\/radiosite\/wp-content\/uploads\/2019\/05\/Vacances-d%E2%80%99%C3%A9t%C3%A9-2019.jpg?fit=640%2C410&ssl=1","jetpack_sharing_enabled":true,"_links":{"self":[{"href":"https:\/\/www.iceagetv.com\/radiosite\/wp-json\/wp\/v2\/posts\/12328","targetHints":{"allow":["GET"]}}],"collection":[{"href":"https:\/\/www.iceagetv.com\/radiosite\/wp-json\/wp\/v2\/posts"}],"about":[{"href":"https:\/\/www.iceagetv.com\/radiosite\/wp-json\/wp\/v2\/types\/post"}],"author":[{"embeddable":true,"href":"https:\/\/www.iceagetv.com\/radiosite\/wp-json\/wp\/v2\/users\/2"}],"replies":[{"embeddable":true,"href":"https:\/\/www.iceagetv.com\/radiosite\/wp-json\/wp\/v2\/comments?post=12328"}],"version-history":[{"count":1,"href":"https:\/\/www.iceagetv.com\/radiosite\/wp-json\/wp\/v2\/posts\/12328\/revisions"}],"predecessor-version":[{"id":12330,"href":"https:\/\/www.iceagetv.com\/radiosite\/wp-json\/wp\/v2\/posts\/12328\/revisions\/12330"}],"wp:featuredmedia":[{"embeddable":true,"href":"https:\/\/www.iceagetv.com\/radiosite\/wp-json\/wp\/v2\/media\/12329"}],"wp:attachment":[{"href":"https:\/\/www.iceagetv.com\/radiosite\/wp-json\/wp\/v2\/media?parent=12328"}],"wp:term":[{"taxonomy":"category","embeddable":true,"href":"https:\/\/www.iceagetv.com\/radiosite\/wp-json\/wp\/v2\/categories?post=12328"},{"taxonomy":"post_tag","embeddable":true,"href":"https:\/\/www.iceagetv.com\/radiosite\/wp-json\/wp\/v2\/tags?post=12328"}],"curies":[{"name":"wp","href":"https:\/\/api.w.org\/{rel}","templated":true}]}}