{"id":12332,"date":"2019-05-21T16:21:14","date_gmt":"2019-05-21T16:21:14","guid":{"rendered":"http:\/\/www.iceagetv.com\/radiosite\/?p=12332"},"modified":"2019-05-21T16:21:20","modified_gmt":"2019-05-21T16:21:20","slug":"disparition-de-niki-lauda-sa-vie-cest-un-combat-une-lutte-etonnante-cetait-un-garcon-phenomenal","status":"publish","type":"post","link":"https:\/\/www.iceagetv.com\/radiosite\/disparition-de-niki-lauda-sa-vie-cest-un-combat-une-lutte-etonnante-cetait-un-garcon-phenomenal\/","title":{"rendered":"Disparition de Niki Lauda : \u00ab\u00a0Sa vie c&rsquo;est un combat, une lutte \u00e9tonnante. C&rsquo;\u00e9tait un gar\u00e7on ph\u00e9nom\u00e9nal\u00a0\u00bb"},"content":{"rendered":"\n<p>&lsquo;ancien pilote fran\u00e7ais de Formule 1 Jean-Pierre Jarier a r\u00e9agi avec \u00e9motion, mardi 21 mai sur franceinfo, \u00e0 la disparition de son comp\u00e8re&nbsp;<a href=\"https:\/\/www.francetvinfo.fr\/sports\/automobile\/f1\/le-pilote-autrichien-niki-lauda-legende-de-la-f1-et-rescape-d-un-terrible-accident-est-mort-a-70-ans_3452959.html\">Niki Lauda<\/a>, qu&rsquo;il a c\u00f4toy\u00e9 sur les circuits dans les ann\u00e9es 70.&nbsp;<em>\u00ab\u00a0Sa vie, c&rsquo;est un combat, une lutte \u00e9tonnante\u00a0\u00bb<\/em>, a expliqu\u00e9 Jean-Pierre Jarrier, qui revient sur l&rsquo;un des \u00e9v\u00e9nements marquants de la carri\u00e8re de Niki Lauda : son terrible accident en 1976 sur le circuit du N\u00fcrburgring, en Allemagne. Jean-Pierre Jarier participait \u00e0 la course ce jour-l\u00e0.<\/p>\n\n\n\n<p><strong>franceinfo : Quel souvenir de Niki Lauda garderez-vous?<\/strong><\/p>\n\n\n\n<p><strong>Jean-Pierre Jarier :&nbsp;<\/strong>C&rsquo;\u00e9tait un pilote exceptionnel. Le seul probl\u00e8me qu&rsquo;il a eu, c&rsquo;est son accident sur le circuit du N\u00fcrburgring. Je suis arriv\u00e9 quelques instants apr\u00e8s sur les lieux. Il avait respir\u00e9 de l&rsquo;air \u00e0 800 degr\u00e9s de temp\u00e9rature, de l&rsquo;air avec de l&rsquo;essence etc&#8230; Tout le monde pensait qu&rsquo;il \u00e9tait mort. Il s&rsquo;en est sorti miraculeusement et quelques mois apr\u00e8s, il a recommenc\u00e9 \u00e0 courir et il est redevenu pilote. Et \u00e7a c&rsquo;est juste extraordinaire ! Sauf qu&rsquo;il a eu des s\u00e9quelles, et en vieillissant il avait de moins en moins d&rsquo;aptitudes pour respirer facilement et donc, \u00e7a a fini par mal tourner. Sa vie, c&rsquo;est un combat, c&rsquo;est une lutte \u00e9tonnante. C&rsquo;est un gar\u00e7on ph\u00e9nom\u00e9nal.<\/p>\n\n\n\n<p><strong>Le jour de cet accident, c&rsquo;est un sentiment d&rsquo;horreur qui se diffuse parmi les autres pilotes ?<\/strong><\/p>\n\n\n\n<p>Je suis arriv\u00e9 quelques instants apr\u00e8s, juste apr\u00e8s qu&rsquo;Arturo Merzario l&rsquo;a tir\u00e9 de sa voiture en flammes. C&rsquo;est un accident terrible, qui \u00e9tait possible \u00e0 cette \u00e9poque-l\u00e0, parce que les voitures prenaient feu assez facilement. Elles \u00e9taient en aluminium. Le carburant se r\u00e9pandait autour du pilote et m\u00eame avec une combinaison de course ignifug\u00e9e, \u00e7a ne le faisait pas. C&rsquo;\u00e9tait l&rsquo;\u00e9poque la plus dangereuse de la course automobile. C&rsquo;\u00e9tait tr\u00e8s limite mais il s&rsquo;en est sorti. Il avait le visage compl\u00e8tement ab\u00eem\u00e9. Ce n&rsquo;\u00e9tait plus le m\u00eame. Il avait les poumons extr\u00eamement endommag\u00e9s. C&rsquo;est la cause de son d\u00e9c\u00e8s&#8230;<\/p>\n\n\n\n<p><strong>Quelle \u00e9tait la r\u00e9action dans le paddock apr\u00e8s cet accident ?<\/strong><\/p>\n\n\n\n<p>Il a eu l&rsquo;extr\u00eame onction. \u00c7a veut dire que plus personne ne croyait \u00e0 sa survie. On \u00e9tait tr\u00e8s habitu\u00e9s aux accidents parce qu&rsquo;il y avait des accidents tout le temps \u00e0 l&rsquo;\u00e9poque, des accidents mortels ou des bless\u00e9s graves. Donc on n&rsquo;\u00e9tait pas tellement surpris, mais qu&rsquo;il arrive \u00e0 revenir aussi rapidement dans la course&#8230; C&rsquo;\u00e9tait incroyable. Il est quand m\u00eame revenu dans la course avec des r\u00e9sultats magnifiques et \u00e7a, c&rsquo;est absolument invraisemblable. Il avait chang\u00e9 un petit peu, psychologiquement, dans son approche de la course et il a refus\u00e9, par exemple, au Grand Prix du Japon, de conduire la voiture dans des conditions affreuses. \u00c7a lui a co\u00fbt\u00e9 le championnat du monde, sinon c&rsquo;\u00e9tait lui. Il tenait encore plus \u00e0 sa vie apr\u00e8s avoir failli la perdre pr\u00e9c\u00e9demment.<\/p>\n\n\n\n<p><strong>Les pilotes, \u00e0 votre \u00e9poque, avaient beaucoup de courage de monter dans ces voitures. Est-ce que revoir Niki Lauda faire de la course apr\u00e8s ce terrible accident, \u00e7a vous impressionnait, vous les autres pilotes?<\/strong><\/p>\n\n\n\n<p>Non, on trouvait \u00e7a normal ! Parce que tous les pilotes de cette \u00e9poque ne couraient pas pour de l&rsquo;argent ou pour les risques. Ils voulaient simplement courir en Formule 1 et gagner des courses. Et donc, quand il a pu reconduire, il n&rsquo;y avait plus que \u00e7a qui comptait pour lui. Apr\u00e8s, il a mont\u00e9 une compagnie a\u00e9rienne, il a fait plein d&rsquo;autres choses, mais il est revenu \u00e0 la course. Il avait l&rsquo;esprit d&rsquo;un pilote de course de cette \u00e9poque-l\u00e0.<\/p>\n\n\n\n<p><strong>Vous avez perdu un compagnon aujourd&rsquo;hui&#8230;<\/strong><\/p>\n\n\n\n<p>Je suis extr\u00eamement attrist\u00e9 de le voir dispara\u00eetre. J&rsquo;esp\u00e8re qu&rsquo;il n&rsquo;a pas souffert. Cela me fait du mal de voir que les uns apr\u00e8s les autres, les pilotes de course disparaissent. J&rsquo;ai connu plein d&rsquo;aventures avec lui en dehors de la course, c&rsquo;\u00e9tait super sympa. La F1 des pilotes a perdu Niki Lauda. A l&rsquo;\u00e9poque, c&rsquo;\u00e9tait avant tout un championnat de pilotes, avec des voitures qui n&rsquo;\u00e9taient pas r\u00e9gl\u00e9es aujourd&rsquo;hui par des ing\u00e9nieurs. C&rsquo;\u00e9tait un autre monde, et cet autre monde est termin\u00e9. Lui, c&rsquo;\u00e9tait un marqueur de l&rsquo;ancienne \u00e9poque. C&rsquo;est une \u00e9poque qui s&rsquo;\u00e9teint un peu plus avec lui.<\/p>\n","protected":false},"excerpt":{"rendered":"<p>&lsquo;ancien pilote fran\u00e7ais de Formule 1 Jean-Pierre Jarier a r\u00e9agi avec \u00e9motion, mardi 21 mai sur franceinfo, \u00e0 la disparition de son comp\u00e8re&nbsp;Niki Lauda, qu&rsquo;il a c\u00f4toy\u00e9 sur les circuits dans les ann\u00e9es 70.&nbsp;\u00ab\u00a0Sa vie, c&rsquo;est un combat, une lutte \u00e9tonnante\u00a0\u00bb, a expliqu\u00e9 Jean-Pierre Jarrier, qui revient sur l&rsquo;un des \u00e9v\u00e9nements marquants de la carri\u00e8re [&hellip;]<\/p>\n","protected":false},"author":2,"featured_media":12333,"comment_status":"open","ping_status":"open","sticky":false,"template":"","format":"standard","meta":{"_jetpack_memberships_contains_paid_content":false,"footnotes":"","jetpack_publicize_message":"","jetpack_publicize_feature_enabled":true,"jetpack_social_post_already_shared":true,"jetpack_social_options":{"image_generator_settings":{"template":"highway","default_image_id":0,"font":"","enabled":false},"version":2},"_wpas_customize_per_network":false},"categories":[18],"tags":[],"class_list":["post-12332","post","type-post","status-publish","format-standard","has-post-thumbnail","hentry","category-actu-sport"],"jetpack_publicize_connections":[],"jetpack_featured_media_url":"https:\/\/i0.wp.com\/www.iceagetv.com\/radiosite\/wp-content\/uploads\/2019\/05\/Niki-Lauda.jpg?fit=1197%2C450&ssl=1","jetpack_sharing_enabled":true,"_links":{"self":[{"href":"https:\/\/www.iceagetv.com\/radiosite\/wp-json\/wp\/v2\/posts\/12332","targetHints":{"allow":["GET"]}}],"collection":[{"href":"https:\/\/www.iceagetv.com\/radiosite\/wp-json\/wp\/v2\/posts"}],"about":[{"href":"https:\/\/www.iceagetv.com\/radiosite\/wp-json\/wp\/v2\/types\/post"}],"author":[{"embeddable":true,"href":"https:\/\/www.iceagetv.com\/radiosite\/wp-json\/wp\/v2\/users\/2"}],"replies":[{"embeddable":true,"href":"https:\/\/www.iceagetv.com\/radiosite\/wp-json\/wp\/v2\/comments?post=12332"}],"version-history":[{"count":1,"href":"https:\/\/www.iceagetv.com\/radiosite\/wp-json\/wp\/v2\/posts\/12332\/revisions"}],"predecessor-version":[{"id":12334,"href":"https:\/\/www.iceagetv.com\/radiosite\/wp-json\/wp\/v2\/posts\/12332\/revisions\/12334"}],"wp:featuredmedia":[{"embeddable":true,"href":"https:\/\/www.iceagetv.com\/radiosite\/wp-json\/wp\/v2\/media\/12333"}],"wp:attachment":[{"href":"https:\/\/www.iceagetv.com\/radiosite\/wp-json\/wp\/v2\/media?parent=12332"}],"wp:term":[{"taxonomy":"category","embeddable":true,"href":"https:\/\/www.iceagetv.com\/radiosite\/wp-json\/wp\/v2\/categories?post=12332"},{"taxonomy":"post_tag","embeddable":true,"href":"https:\/\/www.iceagetv.com\/radiosite\/wp-json\/wp\/v2\/tags?post=12332"}],"curies":[{"name":"wp","href":"https:\/\/api.w.org\/{rel}","templated":true}]}}