{"id":12339,"date":"2019-05-22T15:13:23","date_gmt":"2019-05-22T15:13:23","guid":{"rendered":"http:\/\/www.iceagetv.com\/radiosite\/?p=12339"},"modified":"2019-05-22T15:13:29","modified_gmt":"2019-05-22T15:13:29","slug":"decouvrez-pourquoi-lelection-de-miss-saint-pierre-et-miquelon-a-ete-annulee-cette-annee-pour-le-concours-de-miss-france-2020","status":"publish","type":"post","link":"https:\/\/www.iceagetv.com\/radiosite\/decouvrez-pourquoi-lelection-de-miss-saint-pierre-et-miquelon-a-ete-annulee-cette-annee-pour-le-concours-de-miss-france-2020\/","title":{"rendered":"D\u00e9couvrez pourquoi l&rsquo;\u00e9lection de Miss Saint-Pierre-et-Miquelon a \u00e9t\u00e9 annul\u00e9e cette ann\u00e9e pour le concours de Miss France 2020 !"},"content":{"rendered":"\n<p>Il n&rsquo;y aura pas de Miss Saint-Pierre-et-Miquelon (oc\u00e9an Atlantique Nord) cette ann\u00e9e pour le concours de beaut\u00e9 Miss France 2020. La c\u00e9r\u00e9monie d&rsquo;\u00e9lection r\u00e9gionale de la Miss de cet archipel, pr\u00e9vue pour le 10 Juillet prochain, a finalement \u00e9t\u00e9 annul\u00e9e, faute de candidate, a rapport\u00e9\u00a0<a rel=\"noreferrer noopener\" href=\"http:\/\/tvmag.lefigaro.fr\/programme-tv\/miss-france-2020-pourquoi-l-election-de-miss-saint-pierre-et-miquelon-n-aura-pas-lieu_079e71e4-7878-11e9-bfff-8aae5700cfa1\/\" target=\"_blank\">Le Figaro<\/a>.<\/p>\n\n\n\n<p>Le comit\u00e9 Miss France avait lanc\u00e9 un appel \u00e0 candidature le 25 F\u00e9vrier dernier sur&nbsp;<a href=\"https:\/\/www.facebook.com\/MissSPM\/\" target=\"_blank\" rel=\"noreferrer noopener\">Facebook<\/a>&nbsp;(voir ci-dessous), en pr\u00e9venant: \u00ab\u00a0si le nombre minimum de candidates n\u2019\u00e9tait pas atteint, l\u2019\u00e9lection ne pourra pas avoir lieu\u00a0\u00bb. L&rsquo;\u00e9lection de la Miss de l&rsquo;\u00eele se faisant en alternance avec Miss&nbsp;Saint-Martin\/Saint-Barth\u00e9l\u00e9my, leur comit\u00e9 pourrait pr\u00e9senter une candidate \u00e0 la place. Sinon, l&rsquo;\u00e9lection de Miss France 2020 se fera avec 29 candidates au lieu de 30.<\/p>\n\n\n\n<p>Dans une interview avec France T\u00e9l\u00e9visions Saint-Pierre et Miquelon, la&nbsp;pr\u00e9sidente du comit\u00e9 Miss Saint-Pierre-et-Miquelon, Marjolaine Poulet \u00e9voquait un \u00ab\u00a0parcours du combattant\u00a0\u00bb pour trouver des candidates qui \u00ab\u00a0n&rsquo;osent pas\u00a0\u00bb.<\/p>\n","protected":false},"excerpt":{"rendered":"<p>Il n&rsquo;y aura pas de Miss Saint-Pierre-et-Miquelon (oc\u00e9an Atlantique Nord) cette ann\u00e9e pour le concours de beaut\u00e9 Miss France 2020. La c\u00e9r\u00e9monie d&rsquo;\u00e9lection r\u00e9gionale de la Miss de cet archipel, pr\u00e9vue pour le 10 Juillet prochain, a finalement \u00e9t\u00e9 annul\u00e9e, faute de candidate, a rapport\u00e9\u00a0Le Figaro. Le comit\u00e9 Miss France avait lanc\u00e9 un appel \u00e0 [&hellip;]<\/p>\n","protected":false},"author":2,"featured_media":12340,"comment_status":"open","ping_status":"open","sticky":false,"template":"","format":"standard","meta":{"_jetpack_memberships_contains_paid_content":false,"footnotes":"","jetpack_publicize_message":"","jetpack_publicize_feature_enabled":true,"jetpack_social_post_already_shared":true,"jetpack_social_options":{"image_generator_settings":{"template":"highway","default_image_id":0,"font":"","enabled":false},"version":2},"_wpas_customize_per_network":false},"categories":[68],"tags":[],"class_list":["post-12339","post","type-post","status-publish","format-standard","has-post-thumbnail","hentry","category-actu-culturelle"],"jetpack_publicize_connections":[],"jetpack_featured_media_url":"https:\/\/i0.wp.com\/www.iceagetv.com\/radiosite\/wp-content\/uploads\/2019\/05\/D%C3%A9couvrez-pourquoi-l%C3%A9lection-de-Miss-Saint-Pierre-et-Miquelon.jpg?fit=680%2C294&ssl=1","jetpack_sharing_enabled":true,"_links":{"self":[{"href":"https:\/\/www.iceagetv.com\/radiosite\/wp-json\/wp\/v2\/posts\/12339","targetHints":{"allow":["GET"]}}],"collection":[{"href":"https:\/\/www.iceagetv.com\/radiosite\/wp-json\/wp\/v2\/posts"}],"about":[{"href":"https:\/\/www.iceagetv.com\/radiosite\/wp-json\/wp\/v2\/types\/post"}],"author":[{"embeddable":true,"href":"https:\/\/www.iceagetv.com\/radiosite\/wp-json\/wp\/v2\/users\/2"}],"replies":[{"embeddable":true,"href":"https:\/\/www.iceagetv.com\/radiosite\/wp-json\/wp\/v2\/comments?post=12339"}],"version-history":[{"count":1,"href":"https:\/\/www.iceagetv.com\/radiosite\/wp-json\/wp\/v2\/posts\/12339\/revisions"}],"predecessor-version":[{"id":12341,"href":"https:\/\/www.iceagetv.com\/radiosite\/wp-json\/wp\/v2\/posts\/12339\/revisions\/12341"}],"wp:featuredmedia":[{"embeddable":true,"href":"https:\/\/www.iceagetv.com\/radiosite\/wp-json\/wp\/v2\/media\/12340"}],"wp:attachment":[{"href":"https:\/\/www.iceagetv.com\/radiosite\/wp-json\/wp\/v2\/media?parent=12339"}],"wp:term":[{"taxonomy":"category","embeddable":true,"href":"https:\/\/www.iceagetv.com\/radiosite\/wp-json\/wp\/v2\/categories?post=12339"},{"taxonomy":"post_tag","embeddable":true,"href":"https:\/\/www.iceagetv.com\/radiosite\/wp-json\/wp\/v2\/tags?post=12339"}],"curies":[{"name":"wp","href":"https:\/\/api.w.org\/{rel}","templated":true}]}}